{"id":39659,"date":"2024-09-20T12:32:23","date_gmt":"2024-09-20T12:32:23","guid":{"rendered":"https:\/\/tvbrazilusa.com\/2024\/09\/20\/marcal-pede-pix-e-diz-que-falta-dinheiro-para-campanha\/"},"modified":"2024-09-20T12:32:24","modified_gmt":"2024-09-20T12:32:24","slug":"marcal-pede-pix-e-diz-que-falta-dinheiro-para-campanha","status":"publish","type":"post","link":"https:\/\/tvbrazilusa.com\/pt\/2024\/09\/20\/marcal-pede-pix-e-diz-que-falta-dinheiro-para-campanha\/","title":{"rendered":"Mar\u00e7al pede Pix e diz que falta dinheiro para campanha"},"content":{"rendered":"<p> <script async src=\"https:\/\/pagead2.googlesyndication.com\/pagead\/js\/adsbygoogle.js?client=ca-pub-8864793242727901\"\r\n     crossorigin=\"anonymous\"><\/script><br \/>\n<\/p>\n<div id=\"taboola-read-more\" style=\"display:block; width:100%\">\n<p>Durante participa\u00e7\u00e3o no podcast Primocast, o candidato \u00e0 prefeitura de S\u00e3o Paulo Pablo Mar\u00e7al afirmou que precisa de \u201cmuni\u00e7\u00e3o\u201d para levar sua campanha adiante. Ele solicitou que a produ\u00e7\u00e3o da live fixasse nos coment\u00e1rios a chave Pix para doa\u00e7\u00f5es \u00e0 sua campanha. Al\u00e9m disso, Mar\u00e7al mencionou ter arrecadado R$ 270 mil em doa\u00e7\u00f5es, levantadas por meio de outro podcast, voltado ao g\u00eanero policial.\n<\/p>\n<p>\u201cA Marina Helena, que \u00e9 do Novo, est\u00e1 usando dinheiro p\u00fablico. O Boulos tem R$ 40 milh\u00f5es; eu tenho zero. Se voc\u00eas puderem ser gentis comigo, se voc\u00ea puder doar R$ 5 ou R$ 50, ajude. A \u00fanica coisa que falta para ganhar a elei\u00e7\u00e3o \u00e9 dinheiro\u201d.<\/p>\n<p>O ex-coach argumentou que o dinheiro pedido aos eleitores \u00e9 para ele \u201ccontinuar atirando em comunista\u201d.\n<\/p>\n<p>Segundo informa\u00e7\u00f5es divulgadas pelo Tribunal Superior Eleitoral (TSE), atrav\u00e9s do sistema DivulgaCand, Pablo Mar\u00e7al declarou um patrim\u00f4nio superior a 193,5 milh\u00f5es de reais. Esse valor \u00e9 quase quatro vezes maior que a soma dos bens de todos os seus advers\u00e1rios pol\u00edticos, cujas posses totalizam aproximadamente 54,7 milh\u00f5es de reais.\n<\/p>\n<p>Mar\u00e7al se tornou conhecido por ser empres\u00e1rio de sucesso e pregar princ\u00edpios de \u201cprosperidade\u201d.\n<\/p>\n<p><strong>Redes bloqueadas<\/strong><br \/>O Tribunal Regional Eleitoral de S\u00e3o Paulo (TRE-SP) marcou para segunda-feira, 23, \u00e0s 14h, o julgamento que pode liberar as redes sociais do candidato \u00e0 prefeitura de S\u00e3o Paulo Pablo Mar\u00e7al (PRTB).\n<\/p>\n<p>Os desembargadores da Corte ir\u00e3o julgar um recurso apresentado pelo influenciador digital, no qual ele solicita a derrubada da liminar concedida em 24 de agosto pelo juiz Antonio Maria Pati\u00f1o Zorz, da 1\u00aa Zona Eleitoral, a pedido do PSB de Tabata Amaral.\n<\/p>\n<p>Na ocasi\u00e3o, o juiz determinou a suspens\u00e3o das contas de Mar\u00e7al no Instagram, Tiktok e YouTube.\n<\/p>\n<p><strong>\u201cCampeonatos de cortes\u201d<\/strong><br \/>A legenda acusa o candidato do PRTB de cometer abuso de poder econ\u00f4mico e uso indevido de meio de comunica\u00e7\u00e3o ao promover \u201ccampeonatos de cortes\u201d.\n<\/p>\n<p>\u201cPara coibir flagrante desequil\u00edbrio na disputa eleitoral e estancar dano decorrente da perpetua\u00e7\u00e3o do \u2018campeonato\u2019, defiro o pedido de liminar, sob pena de imposi\u00e7\u00e3o de multa di\u00e1ria no valor de R$ 10 mil\u201d, afirmou o juiz em sua decis\u00e3o.\n<\/p>\n<p>Em sua decis\u00e3o, Pati\u00f1o Zorz afirmou que monetizar cortes \u201cequivale a disseminar continuamente uma imagem sem respeito ao equil\u00edbrio que se preza na disputa eleitoral. Notadamente, o poderio econ\u00f4mico aqui estabelecido pelo requerido Pablo suporta e reitera um cont\u00ednuo dano e o faz, aparentemente, em total confronto com a regra que deve cercar um certame justo e proporcional\u201d.\n<\/p>\n<p>Segundo o magistrado, n\u00e3o h\u00e1 transpar\u00eancia sobre o fluxo de recursos usados na monetiza\u00e7\u00e3o.\n<\/p>\n<p>\u201cConste que h\u00e1 documento demonstrando que um dos pagamentos proveio de uma das empresas pertencentes ao requerido Pablo, o que pode configurar uma s\u00e9rie de infra\u00e7\u00f5es.\u201d\n<\/p>\n<p><strong>Por que Mar\u00e7al continua publicando nas redes?<\/strong><br \/>Embora as redes sociais de Mar\u00e7al tenham sido bloqueadas por determina\u00e7\u00e3o do juiz da 1\u00aa Zona Eleitoral, o ex-coach continuou publicando em contas alternativas, j\u00e1 que n\u00e3o foi proibido de criar novos perfis nas redes.\n<\/p>\n<p>Fonte: O antagonista <\/p>\n<\/div>\n<p><br \/>\n<br \/><a href=\"https:\/\/diariodobrasilnoticias.com.br\/noticia\/marcal-pede-pix-e-diz-que-falta-dinheiro-para-campanha-66ed53780c065\">Source link <\/a><\/p>","protected":false},"excerpt":{"rendered":"<p>Durante participa\u00e7\u00e3o no podcast Primocast, o candidato \u00e0 prefeitura de S\u00e3o Paulo Pablo Mar\u00e7al afirmou que precisa de \u201cmuni\u00e7\u00e3o\u201d para levar sua campanha adiante. Ele solicitou que a produ\u00e7\u00e3o da&hellip;<\/p>","protected":false},"author":1,"featured_media":39660,"comment_status":"closed","ping_status":"open","sticky":false,"template":"","format":"standard","meta":{"content-type":"","footnotes":""},"categories":[16],"tags":[123,2448,5313,1267],"class_list":["post-39659","post","type-post","status-publish","format-standard","has-post-thumbnail","hentry","category-noticias","tag-brasil","tag-diario","tag-noticia","tag-noticias"],"_links":{"self":[{"href":"https:\/\/tvbrazilusa.com\/pt\/wp-json\/wp\/v2\/posts\/39659","targetHints":{"allow":["GET"]}}],"collection":[{"href":"https:\/\/tvbrazilusa.com\/pt\/wp-json\/wp\/v2\/posts"}],"about":[{"href":"https:\/\/tvbrazilusa.com\/pt\/wp-json\/wp\/v2\/types\/post"}],"author":[{"embeddable":true,"href":"https:\/\/tvbrazilusa.com\/pt\/wp-json\/wp\/v2\/users\/1"}],"replies":[{"embeddable":true,"href":"https:\/\/tvbrazilusa.com\/pt\/wp-json\/wp\/v2\/comments?post=39659"}],"version-history":[{"count":1,"href":"https:\/\/tvbrazilusa.com\/pt\/wp-json\/wp\/v2\/posts\/39659\/revisions"}],"predecessor-version":[{"id":39661,"href":"https:\/\/tvbrazilusa.com\/pt\/wp-json\/wp\/v2\/posts\/39659\/revisions\/39661"}],"wp:featuredmedia":[{"embeddable":true,"href":"https:\/\/tvbrazilusa.com\/pt\/wp-json\/wp\/v2\/media\/39660"}],"wp:attachment":[{"href":"https:\/\/tvbrazilusa.com\/pt\/wp-json\/wp\/v2\/media?parent=39659"}],"wp:term":[{"taxonomy":"category","embeddable":true,"href":"https:\/\/tvbrazilusa.com\/pt\/wp-json\/wp\/v2\/categories?post=39659"},{"taxonomy":"post_tag","embeddable":true,"href":"https:\/\/tvbrazilusa.com\/pt\/wp-json\/wp\/v2\/tags?post=39659"}],"curies":[{"name":"wp","href":"https:\/\/api.w.org\/{rel}","templated":true}]}}