{"id":39671,"date":"2024-09-20T12:42:19","date_gmt":"2024-09-20T12:42:19","guid":{"rendered":"https:\/\/tvbrazilusa.com\/2024\/09\/20\/olivia-nuzzi-escritora-da-revista-new-york-magazine-e-afastada-por-causa-do-relacionamento-com-rfk-jr\/"},"modified":"2024-09-20T12:56:20","modified_gmt":"2024-09-20T12:56:20","slug":"olivia-nuzzi-escritora-da-revista-new-york-magazine-e-afastada-por-causa-do-relacionamento-com-rfk-jr","status":"publish","type":"post","link":"https:\/\/tvbrazilusa.com\/pt\/2024\/09\/20\/olivia-nuzzi-escritora-da-revista-new-york-magazine-e-afastada-por-causa-do-relacionamento-com-rfk-jr\/","title":{"rendered":"Olivia Nuzzi, escritora da revista New York Magazine, \u00e9 afastada por causa do relacionamento com RFK Jr."},"content":{"rendered":"<p> <script async src=\"https:\/\/pagead2.googlesyndication.com\/pagead\/js\/adsbygoogle.js?client=ca-pub-8864793242727901\"\r\n     crossorigin=\"anonymous\"><\/script><br \/>\n<\/p>\n<div id=\"\">\n<header class=\"m-article-header m-article-header--standard\">\n\t\t\t\t\t\t\t\t\t\t\t\t<span id=\"article-header-primary-term\"><br \/>\n\t\t\t\t\t\t\t\t<a class=\"a-term a-term--primary\" href=\"https:\/\/www.boston.com\/tag\/media\/\"><\/p>\n<p>\t\t\t\t\t\t\t\tM\u00eddia\t\t\t\t\t\t\t\t<\/a><br \/>\n\t\t\t\t\t\t\t<\/span><\/p>\n<h2 class=\"m-article-header__sub-headline\">Nuzzi contou aos seus editores sobre o relacionamento que havia se tornado pessoal, disse o ve\u00edculo. Um representante de Kennedy disse que os dois se encontraram apenas uma vez.<\/h2>\n<figure class=\"a-photo m-article-header__photo\"><figcaption class=\"a-photo__caption\">\n<p>\tRobert F. Kennedy Jr. na sala de imprensa ap\u00f3s o debate presidencial entre o candidato presidencial republicano, ex-presidente Donald Trump, e a candidata presidencial democrata, vice-presidente Kamala Harris, ter\u00e7a-feira, 10 de setembro de 2024, na Filad\u00e9lfia.<em> Matt Rourke \/ AP<\/em>\t<\/figcaption><\/figure>\n<div class=\"m-article-header__meta\">\n<div class=\"m-article-header__byline\">\n<p class=\"m-article-header__author\">\n<p>\t\t\t\t\t\t\t\tPor Katie Robertson, New York Times Service\t\t\t\t\t\t\t<\/p>\n<p>\t\t\t\t\t\t    \t\t\t\t\t\t\t<time class=\"m-article-header__date\"><\/p>\n<p>        \t\t\t\t\t\t\tatualizado em 20 de setembro de 2024 | 8h42    \t\t\t\t\t\t\t<\/time><\/p><\/div>\n<\/p><\/div>\n<\/header>\n<p>Um famoso rep\u00f3rter pol\u00edtico da revista New York foi afastado ap\u00f3s revelar um relacionamento pessoal com o ex-candidato presidencial Robert F. Kennedy Jr.<\/p>\n<p><a href=\"https:\/\/nymag.com\/press\/article\/a-note-to-our-readers.html\">Em uma declara\u00e7\u00e3o publicada online na quinta-feira \u00e0 noite<\/a>A revista New York disse que sua correspondente em Washington, Olivia Nuzzi, havia reconhecido recentemente aos editores da revista que ela havia se envolvido em um relacionamento &#8220;com um antigo assunto relevante para a campanha de 2024 enquanto ela estava cobrindo a campanha&#8221;. O ve\u00edculo disse que o relacionamento era &#8220;uma viola\u00e7\u00e3o dos padr\u00f5es da revista em torno de conflitos de interesse e divulga\u00e7\u00f5es&#8221;.<\/p>\n<p>Uma pessoa familiarizada com o assunto confirmou que o relacionamento era com Kennedy, um ex-democrata que encerrou sua corrida independente para presidente em agosto e desde ent\u00e3o apoiou o ex-presidente Donald Trump. A campanha de Trump nomeou Kennedy para sua equipe de transi\u00e7\u00e3o caso ele ven\u00e7a a elei\u00e7\u00e3o em novembro.<\/p>\n<p>A revista New York disse que revisou o trabalho de Nuzzi e n\u00e3o encontrou \u201cnenhuma imprecis\u00e3o nem evid\u00eancia de parcialidade\u201d.<\/p>\n<p>\u201cEla est\u00e1 atualmente de licen\u00e7a da revista, e a revista est\u00e1 conduzindo uma revis\u00e3o mais completa de terceiros\u201d, disse a publica\u00e7\u00e3o.<\/p>\n<p>Nuzzi, em uma declara\u00e7\u00e3o ao The New York Times na quinta-feira, disse que \u201calgumas comunica\u00e7\u00f5es entre mim e um ex-assunto de reportagem se tornaram pessoais\u201d no in\u00edcio deste ano.<\/p>\n<p>\u201cDurante esse tempo, n\u00e3o fiz reportagens diretas sobre o assunto nem os usei como fonte\u201d, disse ela.<\/p>\n<p>\u201cO relacionamento nunca foi f\u00edsico, mas deveria ter sido revelado para evitar a apar\u00eancia de um conflito. Lamento profundamente n\u00e3o ter feito isso imediatamente e pe\u00e7o desculpas \u00e0queles que decepcionei, especialmente meus colegas em Nova York.\u201d<\/p>\n<p>Um representante de Kennedy disse: \u201cO Sr. Kennedy s\u00f3 conheceu Olivia Nuzzi uma vez na vida para uma entrevista que ela solicitou, o que rendeu uma mat\u00e9ria de impacto.\u201d O representante n\u00e3o fez mais coment\u00e1rios.<\/p>\n<p>O <a href=\"https:\/\/www.status.news\/p\/olivia-nuzzi-rfk-new-york-magazine\">not\u00edcias<\/a> foi relatado anteriormente pelo boletim informativo Status.<\/p>\n<p>Nuzzi trabalha para a revista New York desde 2017, ganhando reputa\u00e7\u00e3o por artigos pol\u00edticos escritos com precis\u00e3o e reportados profundamente. Ela fez uma apari\u00e7\u00e3o especial em um epis\u00f3dio do programa de televis\u00e3o \u201cBillions\u201d e lan\u00e7ou recentemente uma s\u00e9rie de document\u00e1rios chamada \u201cWorking Capital\u201d com a Bloomberg.<\/p>\n<p>Em novembro de 2023, ela escreveu uma <a href=\"https:\/\/nymag.com\/intelligencer\/article\/robert-f-kennedy-jr-2024-presidential-campaign-politics.html\">perfil<\/a> de Kennedy e o potencial da sua campanha para \u201cvirar a corrida presidencial de cabe\u00e7a para baixo\u201d. <a href=\"https:\/\/www.nytimes.com\/2024\/03\/05\/opinion\/trump-biden-sotu.html\">entrevista<\/a> em mar\u00e7o com o escritor de opini\u00e3o colaborador do Times, Frank Bruni, Nuzzi disse que a elei\u00e7\u00e3o de 2024 foi &#8220;uma corrida de tr\u00eas homens&#8221; e que &#8220;a imprensa estabelecida tem relutado em cobrir Kennedy como um concorrente s\u00e9rio porque teme que enfrentar\u00e1 cr\u00edticas por &#8216;plataformar um antivacina'&#8221;.<\/p>\n<p>Nuzzi continuou a cobrir a corrida presidencial de 2024. Sua mais recente <a href=\"https:\/\/nymag.com\/intelligencer\/article\/donald-trump-ear-campaign-assassination-attempt.html\">recurso<\/a> foi uma entrevista com Trump em Mar-a-Lago em Palm Beach, Fl\u00f3rida, no in\u00edcio de setembro. O artigo foi atualizado na quinta-feira \u00e0 noite com uma nota aos leitores contendo a declara\u00e7\u00e3o de Nova York sobre Nuzzi.<\/p>\n<p><em>Este artigo foi publicado originalmente em <a href=\"https:\/\/www.nytimes.com\/2024\/09\/20\/business\/media\/olivia-nuzzi-rfk-jr.html\">O jornal New York Times<\/a>.<\/em><\/p>\n<\/p><\/div>\n<p><script>\n\t\tvar consent=\"grant\";\n\t\t\/* The above code is parsing the JSON data from the local storage and storing it in a variable. *\/\n\t\t\t\t\tconst onetrustStorageConsent = JSON.parse(localStorage.getItem( 'consent_one_trust_bdc' ) );\n\t\t\tif ( ( onetrustStorageConsent !== null ) ) {\n\t\t\t\t\/* Checking to see if the user has consented to the use of cookies.\n\t\t\t\t* If they have not, it is deleting the cookie.\n\t\t\t\t* This will comment for now, until further notice.\n\t\t\t\t*\/\n\t\t\t\t\/\/if ( onetrustStorageConsent.C0002 === false ) {\n\t\t\t\t\/\/\tdocument.cookie=\"_fbp=;expires=Thu, 01 Jan 2010 00:00:00 UTC; path=\/; domain=.boston.com\";\n\t\t\t\t\/\/}\n\t\t\t\t\/* Checking if the user has given consent for the cookie C0002.\n\t\t\t\t* If the user has given consent, the variable consent will be set to 'grant'.\n\t\t\t\t* If the user has not given consent,the variable consent will be set to 'revoke'.\n\t\t\t\t* Documentation https:\/\/developers.facebook.com\/docs\/meta-pixel\/implementation\/gdpr\n\t\t\t\t*\/\n\t\t\t\tif ( onetrustStorageConsent.C0002 !== true ) {\n\t\t\t\t\tconsent=\"revoke\";\n\t\t\t\t}\n\t\t\t}\n\t\t\t\t!function(f,b,e,v,n,t,s)\n\t\t{if(f.fbq)return;n=f.fbq=function(){n.callMethod?\n\t\tn.callMethod.apply(n,arguments):n.queue.push(arguments)};\n\t\tif(!f._fbq)f._fbq=n;n.push=n;n.loaded=!0;n.version='2.0';\n\t\tn.queue=[];t=b.createElement(e);t.async=!0;\n\t\tt.src=v;s=b.getElementsByTagName(e)[0];\n\t\ts.parentNode.insertBefore(t,s)}(window, document,'script',\n\t\t'https:\/\/connect.facebook.net\/en_US\/fbevents.js');\n\t\tfbq('consent', consent);\n\t\tfbq('init', '989222871864976');\n\t\tfbq('track', 'PageView');\n\t<\/script><script type=\"module\">\n\t\tvar consent=\"grant\";\n\t\t\/* The above code is parsing the JSON data from the local storage and storing it in a variable. *\/\n\t\t\tconst onetrustStorageConsent = JSON.parse(localStorage.getItem( 'consent_one_trust_bdc' ) );\n\t\t\t\/* Checking to see if the user has consented to the use of cookies.\n\t\t\t* If they have not, it is deleting the cookie.\n\t\t\t* This will comment for now, until further notice.\n\t\t\t*\/\n\t\t\t\/\/if ( onetrustStorageConsent.C0002 === false ) {\n\t\t\t\/\/\tdocument.cookie=\"_fbp=;expires=Thu, 01 Jan 2010 00:00:00 UTC; path=\/; domain=.boston.com\";\n\t\t\t\/\/}\n\t\t\t\/* Checking if the user has given consent for the cookie C0002.\n\t\t\t* If the user has given consent, the variable consent will be set to 'grant'.\n\t\t\t* If the user has not given consent,the variable consent will be set to 'revoke'.\n\t\t\t* Documentation https:\/\/developers.facebook.com\/docs\/meta-pixel\/implementation\/gdpr\n\t\t\t*\/\n\t\t\tif ( ( onetrustStorageConsent !== null ) && (onetrustStorageConsent.C0002 !== true ) ) {\n\t\t\t\tconsent=\"revoke\";\n\t\t\t}\n\t\t\t\t!function(f,b,e,v,n,t,s){if(f.fbq)return;n=f.fbq=function()\n\t\t{n.callMethod? n.callMethod.apply(n,arguments):n.queue.push(arguments)}\n\t\t;if(!f._fbq)f._fbq=n;\n\t\tn.push=n;n.loaded=!0;n.version='2.0';n.queue=[];t=b.createElement(e);t.async=!0;\n\t\tt.src=v;s=b.getElementsByTagName(e)[0];s.parentNode.insertBefore(t,s)}(window,\n\t\tdocument,'script','https:\/\/connect.facebook.net\/en_US\/fbevents.js');\n\t\tfbq('consent', consent);\n\t\tfbq('init', '813236348753005');\n\t\tfbq('track', \"PageView\");\n\t<\/script><br \/>\n<br \/><br \/>\n<br \/><a href=\"https:\/\/www.boston.com\/news\/media\/2024\/09\/20\/olivia-nuzzi-new-york-magazine-writer-put-on-leave-over-rfk-jr-relationship\/\">Source link <\/a><\/p>","protected":false},"excerpt":{"rendered":"<p>M\u00eddia Nuzzi contou aos seus editores sobre o relacionamento que havia se tornado pessoal, disse o ve\u00edculo. Um representante de Kennedy disse que os dois se encontraram apenas uma vez.&hellip;<\/p>","protected":false},"author":1,"featured_media":39672,"comment_status":"closed","ping_status":"open","sticky":false,"template":"","format":"standard","meta":{"content-type":"","footnotes":""},"categories":[1],"tags":[],"class_list":["post-39671","post","type-post","status-publish","format-standard","has-post-thumbnail","hentry","category-uncategorized"],"_links":{"self":[{"href":"https:\/\/tvbrazilusa.com\/pt\/wp-json\/wp\/v2\/posts\/39671","targetHints":{"allow":["GET"]}}],"collection":[{"href":"https:\/\/tvbrazilusa.com\/pt\/wp-json\/wp\/v2\/posts"}],"about":[{"href":"https:\/\/tvbrazilusa.com\/pt\/wp-json\/wp\/v2\/types\/post"}],"author":[{"embeddable":true,"href":"https:\/\/tvbrazilusa.com\/pt\/wp-json\/wp\/v2\/users\/1"}],"replies":[{"embeddable":true,"href":"https:\/\/tvbrazilusa.com\/pt\/wp-json\/wp\/v2\/comments?post=39671"}],"version-history":[{"count":1,"href":"https:\/\/tvbrazilusa.com\/pt\/wp-json\/wp\/v2\/posts\/39671\/revisions"}],"predecessor-version":[{"id":39673,"href":"https:\/\/tvbrazilusa.com\/pt\/wp-json\/wp\/v2\/posts\/39671\/revisions\/39673"}],"wp:featuredmedia":[{"embeddable":true,"href":"https:\/\/tvbrazilusa.com\/pt\/wp-json\/wp\/v2\/media\/39672"}],"wp:attachment":[{"href":"https:\/\/tvbrazilusa.com\/pt\/wp-json\/wp\/v2\/media?parent=39671"}],"wp:term":[{"taxonomy":"category","embeddable":true,"href":"https:\/\/tvbrazilusa.com\/pt\/wp-json\/wp\/v2\/categories?post=39671"},{"taxonomy":"post_tag","embeddable":true,"href":"https:\/\/tvbrazilusa.com\/pt\/wp-json\/wp\/v2\/tags?post=39671"}],"curies":[{"name":"wp","href":"https:\/\/api.w.org\/{rel}","templated":true}]}}