{"id":39674,"date":"2024-09-20T13:08:57","date_gmt":"2024-09-20T13:08:57","guid":{"rendered":"https:\/\/tvbrazilusa.com\/2024\/09\/20\/senadores-renan-calheiros-e-eduardo-braga-sao-indiciados-pela-pf-por-corrupcao-entenda-o-caso\/"},"modified":"2024-09-20T13:08:59","modified_gmt":"2024-09-20T13:08:59","slug":"senadores-renan-calheiros-e-eduardo-braga-sao-indiciados-pela-pf-por-corrupcao-entenda-o-caso","status":"publish","type":"post","link":"https:\/\/tvbrazilusa.com\/pt\/2024\/09\/20\/senadores-renan-calheiros-e-eduardo-braga-sao-indiciados-pela-pf-por-corrupcao-entenda-o-caso\/","title":{"rendered":"Senadores Renan Calheiros e Eduardo Braga s\u00e3o indiciados pela PF por corrup\u00e7\u00e3o; entenda o caso"},"content":{"rendered":"<p> <script async src=\"https:\/\/pagead2.googlesyndication.com\/pagead\/js\/adsbygoogle.js?client=ca-pub-8864793242727901\"\r\n     crossorigin=\"anonymous\"><\/script><br \/>\n<\/p>\n<div id=\"taboola-read-more\" style=\"display:block; width:100%\">\n<p>A Pol\u00edcia Federal (PF ) indiciou os senadores Eduardo Braga (AM) e Renan Calheiros (MDB-AL) por corrup\u00e7\u00e3o passiva, lavagem de dinheiro e organiza\u00e7\u00e3o criminosa. O ex-senador Romero Juc\u00e1 (MDB-RR) tamb\u00e9m foi indiciado. Segundo as investiga\u00e7\u00f5es, os pol\u00edticos receberam propinas em troca de apoio legislativo ao antigo grupo Hypermarcas, atualmente conhecido como Hypera Pharma, no setor farmac\u00eautico. A informa\u00e7\u00e3o \u00e9 do jornalista Aguirre Talento, colunista do portal &#8220;UOL.&#8221;\n<\/p>\n<p>Eduardo Braga \u00e9 l\u00edder do MDB no Senado e atualmente relator da reforma tribut\u00e1ria, e Renan Calheiros, cujo filho, Renan Filho, ocupa o cargo de ministro dos Transportes no governo Lula, est\u00e3o sob a mira da PF.<\/p>\n<p>O relat\u00f3rio final do inqu\u00e9rito, que tramitou por seis anos, foi enviado ao Supremo Tribunal Federal (STF) no m\u00eas passado, sob sigilo. O ministro Edson Fachin, relator do caso, encaminhou o material para a Procuradoria-Geral da Rep\u00fablica (PGR), que agora avalia se apresentar\u00e1 den\u00fancias contra os senadores.\n<\/p>\n<p>De acordo com o relat\u00f3rio, a Hypermarcas teria pago aproximadamente R$ 20 milh\u00f5es aos senadores por meio do lobista Milton Lyra, considerado um intermedi\u00e1rio do MDB. Em troca, Braga e Calheiros supostamente atuaram para aprovar um projeto de lei sobre incentivos fiscais durante 2014 e 2015 e indicaram um nome para a diretoria da Anvisa, visando proteger os interesses da empresa.\n<\/p>\n<p>Milton Lyra tamb\u00e9m foi indiciado por lavagem de dinheiro, enquanto o caso de Juc\u00e1 foi enviado \u00e0 Justi\u00e7a Federal do Distrito Federal, j\u00e1 que ele n\u00e3o possui mais foro privilegiado.\n<\/p>\n<p>Esse inqu\u00e9rito \u00e9 um desdobramento da Opera\u00e7\u00e3o Lava Jato, iniciado em 2018 a partir da dela\u00e7\u00e3o de Nelson Mello, ex-diretor da Hypermarcas. Ele admitiu ter firmado contratos fict\u00edcios, com servi\u00e7os n\u00e3o prestados, para repassar valores a pol\u00edticos.\n<\/p>\n<p>Outros diretores, como o ex-presidente do Conselho de Administra\u00e7\u00e3o, Jo\u00e3o Alves de Queiroz Filho, tamb\u00e9m aderiram ao acordo de dela\u00e7\u00e3o, revelando pagamentos a operadores financeiros para facilitar o repasse de propinas aos senadores.\n<\/p>\n<p>A PF informou que coletou evid\u00eancias que corroboram os relatos dos delatores, incluindo a falta de presta\u00e7\u00e3o de servi\u00e7os das empresas que receberam os pagamentos e a\u00e7\u00f5es legislativas favor\u00e1veis \u00e0 empresa.\n<\/p>\n<p>Ap\u00f3s os esc\u00e2ndalos da Lava Jato, a Hypermarcas alterou seu nome para Hypera Pharma em 2018. Jo\u00e3o Alves de Queiroz Filho, fundador da empresa e acionista majorit\u00e1rio, se afastou do conselho ap\u00f3s ser alvo de investiga\u00e7\u00f5es, tendo que admitir conhecimento sobre os crimes e assinar um acordo de dela\u00e7\u00e3o.\n<\/p>\n<p class=\"\">A defesa de Romero Juc\u00e1 criticou o indiciamento ao UOL, afirmando que ele colaborou com as investiga\u00e7\u00f5es e que a acusa\u00e7\u00e3o visa criminalizar a pol\u00edtica. Segundo a defesa, \u00e9 natural para parlamentares interagirem com empres\u00e1rios e que contribui\u00e7\u00f5es leg\u00edtimas para campanhas pol\u00edticas n\u00e3o devem ser interpretadas como corrup\u00e7\u00e3o.\n<\/p>\n<p>Os senadores Eduardo Braga e Renan Calheiros n\u00e3o responderam aos pedidos de coment\u00e1rio feitos por meio de suas assessorias de imprensa.\n<\/p>\n<p>Fonte: iG <\/p>\n<\/div>\n<p><br \/>\n<br \/><a href=\"https:\/\/diariodobrasilnoticias.com.br\/noticia\/senadores-renan-calheiros-e-eduardo-braga-sao-indiciados-pela-pf-por-corrupcao-entenda-o-caso-66ed592f290ec\">Source link <\/a><\/p>","protected":false},"excerpt":{"rendered":"<p>A Pol\u00edcia Federal (PF ) indiciou os senadores Eduardo Braga (AM) e Renan Calheiros (MDB-AL) por corrup\u00e7\u00e3o passiva, lavagem de dinheiro e organiza\u00e7\u00e3o criminosa. O ex-senador Romero Juc\u00e1 (MDB-RR) tamb\u00e9m&hellip;<\/p>","protected":false},"author":1,"featured_media":39675,"comment_status":"closed","ping_status":"open","sticky":false,"template":"","format":"standard","meta":{"content-type":"","footnotes":""},"categories":[16],"tags":[123,2448,5313,1267],"class_list":["post-39674","post","type-post","status-publish","format-standard","has-post-thumbnail","hentry","category-noticias","tag-brasil","tag-diario","tag-noticia","tag-noticias"],"_links":{"self":[{"href":"https:\/\/tvbrazilusa.com\/pt\/wp-json\/wp\/v2\/posts\/39674","targetHints":{"allow":["GET"]}}],"collection":[{"href":"https:\/\/tvbrazilusa.com\/pt\/wp-json\/wp\/v2\/posts"}],"about":[{"href":"https:\/\/tvbrazilusa.com\/pt\/wp-json\/wp\/v2\/types\/post"}],"author":[{"embeddable":true,"href":"https:\/\/tvbrazilusa.com\/pt\/wp-json\/wp\/v2\/users\/1"}],"replies":[{"embeddable":true,"href":"https:\/\/tvbrazilusa.com\/pt\/wp-json\/wp\/v2\/comments?post=39674"}],"version-history":[{"count":1,"href":"https:\/\/tvbrazilusa.com\/pt\/wp-json\/wp\/v2\/posts\/39674\/revisions"}],"predecessor-version":[{"id":39676,"href":"https:\/\/tvbrazilusa.com\/pt\/wp-json\/wp\/v2\/posts\/39674\/revisions\/39676"}],"wp:featuredmedia":[{"embeddable":true,"href":"https:\/\/tvbrazilusa.com\/pt\/wp-json\/wp\/v2\/media\/39675"}],"wp:attachment":[{"href":"https:\/\/tvbrazilusa.com\/pt\/wp-json\/wp\/v2\/media?parent=39674"}],"wp:term":[{"taxonomy":"category","embeddable":true,"href":"https:\/\/tvbrazilusa.com\/pt\/wp-json\/wp\/v2\/categories?post=39674"},{"taxonomy":"post_tag","embeddable":true,"href":"https:\/\/tvbrazilusa.com\/pt\/wp-json\/wp\/v2\/tags?post=39674"}],"curies":[{"name":"wp","href":"https:\/\/api.w.org\/{rel}","templated":true}]}}