{"id":39680,"date":"2024-09-20T13:30:00","date_gmt":"2024-09-20T13:30:00","guid":{"rendered":"https:\/\/tvbrazilusa.com\/2024\/09\/20\/aumento-da-previdencia-social-2025-veja-a-ultima-previsao-que-e-a-menor-em-3-anos\/"},"modified":"2024-09-20T13:34:39","modified_gmt":"2024-09-20T13:34:39","slug":"aumento-da-previdencia-social-2025-veja-a-ultima-previsao-que-e-a-menor-em-3-anos","status":"publish","type":"post","link":"https:\/\/tvbrazilusa.com\/pt\/2024\/09\/20\/aumento-da-previdencia-social-2025-veja-a-ultima-previsao-que-e-a-menor-em-3-anos\/","title":{"rendered":"Aumento da Previd\u00eancia Social 2025: Veja a \u00faltima previs\u00e3o, que \u00e9 a menor em 3 anos"},"content":{"rendered":"<script async src=\"https:\/\/pagead2.googlesyndication.com\/pagead\/js\/adsbygoogle.js?client=ca-pub-8864793242727901\"\r\n     crossorigin=\"anonymous\"><\/script>\n<div>\n<p class=\"article__paragraph article__paragraph--left\" id=\"NZMCRKQ5FRBZTFJAC72K7DHFJM\">Poderia haver um <a href=\"https:\/\/www.nj.com\/social-security-increase\/\" target=\"_blank\" rel=\"noopener\" title=\"https:\/\/www.nj.com\/social-security-increase\/\">Aumento da Previd\u00eancia Social<\/a> de 2,5% em 2025, <a href=\"https:\/\/seniorsleague.org\/https-seniorsleague-org-press-brief-9-11-2025-cola-projection-is-2-5\/\" target=\"_blank\" rel=\"noopener\" title=\"https:\/\/seniorsleague.org\/https-seniorsleague-org-press-brief-9-11-2025-cola-projection-is-2-5\/\">de acordo com as \u00faltimas estimativas da The Senior Citizens League.<\/a><\/p>\n<p class=\"article__paragraph article__paragraph--left\" id=\"COKVIZRIJVGJDJX2EQY5ABZOVY\">O \u00cdndice de Pre\u00e7os ao Consumidor \u2014 \u00edndice usado para determinar o ajuste do custo de vida (COLA) para a Previd\u00eancia Social \u2014 caiu para 2,5% no m\u00eas passado.<\/p>\n<div class=\"excoVideoPlayer article__paragraph\"\/>\n<p class=\"article__paragraph article__paragraph--left\" id=\"52V7Z7HHHNE7XLXMNPHRJQJC6I\">As proje\u00e7\u00f5es do COLA mudam mensalmente com base nos dados mais recentes do \u00cdndice de Pre\u00e7os ao Consumidor.<\/p>\n<p class=\"article__paragraph article__paragraph--left\" id=\"KERLR3F32ZGVZG2RSCGE2DJEAI\">O valor final do COLA de 2025 ser\u00e1 diferente das proje\u00e7\u00f5es porque o COLA \u00e9 calculado com base na taxa m\u00e9dia de infla\u00e7\u00e3o durante o terceiro trimestre e, depois, comparado ao c\u00e1lculo do ano anterior.<\/p>\n<div class=\"InContent_Center_Background\">\n<div class=\"InContent_Center_Padding\"\/><\/div>\n<p class=\"article__paragraph article__paragraph--left\" id=\"QL3DBBD6QZH2PJBP4CC7V4RT7Y\">Este ano <a href=\"https:\/\/www.ssa.gov\/policy\/docs\/quickfacts\/stat_snapshot\/\" target=\"_self\" title=\"https:\/\/www.ssa.gov\/policy\/docs\/quickfacts\/stat_snapshot\/\" rel=\"noopener\">COLA caiu para 3,2%<\/a>bem abaixo do aumento recorde de 2023.<\/p>\n<div class=\"InContent_Center_Background\">\n<div class=\"InContent_Center_Padding\"\/><\/div>\n<p class=\"article__paragraph article__paragraph--left\" id=\"JORSI5HXQVH3XAVRSHVE53CDOM\"><a href=\"https:\/\/www.ssa.gov\/policy\/docs\/quickfacts\/stat_snapshot\/\" target=\"_self\" title=\"https:\/\/www.ssa.gov\/policy\/docs\/quickfacts\/stat_snapshot\/\" rel=\"noopener\">De acordo com a Administra\u00e7\u00e3o da Seguran\u00e7a Social (SSA)<\/a>o benef\u00edcio m\u00e9dio mensal em agosto de 2024 \u00e9 de US$ 1.783,55.<\/p>\n<div class=\"InContent_Center_Background\">\n<div class=\"InContent_Center_Padding\"\/><\/div>\n<p class=\"article__paragraph article__paragraph--left\" id=\"YQIPW7FRL5DDFGUJBUWKD4V6AQ\"><i>Nosso jornalismo precisa do seu apoio. Por favor, assine hoje mesmo <\/i><a href=\"https:\/\/www.nj.com\/\" target=\"_blank\" title=\"https:\/\/www.nj.com\/\" rel=\"noopener\"><i>NJ.com<\/i><\/a><i>.<\/i><\/p>\n<div class=\"InContent_Center_Background\">\n<div class=\"InContent_Center_Padding\"\/><\/div>\n<p class=\"article__paragraph article__paragraph--left\" id=\"ZM7AM344CBF3FP3WI6OCBN75RA\"><i>Katherine Rodriguez pode ser contatada em <\/i><a href=\"https:\/\/www.nj.com\/news\/2024\/09\/mailto:krodriguez@njadvancemedia.com\" target=\"_blank\" title=\"https:\/\/www.nj.com\/news\/2024\/09\/mailto:krodriguez@njadvancemedia.com\" rel=\"noopener\"><i>krodriguez@njadvancemedia.com<\/i><\/a><i>. Tem uma dica? Conte para n\u00f3s em <\/i><a href=\"https:\/\/www.nj.com\/tips\/\" target=\"_blank\" title=\"https:\/\/www.nj.com\/tips\/\" rel=\"noopener\"><i>nj.com\/dicas<\/i><\/a><i>.<\/i><\/p>\n<div class=\"InContent_Center_Background\">\n<div class=\"InContent_Center_Padding\"\/><\/div>\n<\/div>\n<p><br \/>\n<br \/><a href=\"https:\/\/www.nj.com\/news\/2024\/09\/social-security-increase-2025-heres-the-latest-forecast-which-is-the-smallest-in-3-years.html\">Source link <\/a><\/p>","protected":false},"excerpt":{"rendered":"<p>Poderia haver um Aumento da Previd\u00eancia Social de 2,5% em 2025, de acordo com as \u00faltimas estimativas da The Senior Citizens League. O \u00cdndice de Pre\u00e7os ao Consumidor \u2014 \u00edndice&hellip;<\/p>","protected":false},"author":1,"featured_media":39681,"comment_status":"closed","ping_status":"open","sticky":false,"template":"","format":"standard","meta":{"content-type":"","footnotes":""},"categories":[1],"tags":[],"class_list":["post-39680","post","type-post","status-publish","format-standard","has-post-thumbnail","hentry","category-uncategorized"],"_links":{"self":[{"href":"https:\/\/tvbrazilusa.com\/pt\/wp-json\/wp\/v2\/posts\/39680","targetHints":{"allow":["GET"]}}],"collection":[{"href":"https:\/\/tvbrazilusa.com\/pt\/wp-json\/wp\/v2\/posts"}],"about":[{"href":"https:\/\/tvbrazilusa.com\/pt\/wp-json\/wp\/v2\/types\/post"}],"author":[{"embeddable":true,"href":"https:\/\/tvbrazilusa.com\/pt\/wp-json\/wp\/v2\/users\/1"}],"replies":[{"embeddable":true,"href":"https:\/\/tvbrazilusa.com\/pt\/wp-json\/wp\/v2\/comments?post=39680"}],"version-history":[{"count":1,"href":"https:\/\/tvbrazilusa.com\/pt\/wp-json\/wp\/v2\/posts\/39680\/revisions"}],"predecessor-version":[{"id":39682,"href":"https:\/\/tvbrazilusa.com\/pt\/wp-json\/wp\/v2\/posts\/39680\/revisions\/39682"}],"wp:featuredmedia":[{"embeddable":true,"href":"https:\/\/tvbrazilusa.com\/pt\/wp-json\/wp\/v2\/media\/39681"}],"wp:attachment":[{"href":"https:\/\/tvbrazilusa.com\/pt\/wp-json\/wp\/v2\/media?parent=39680"}],"wp:term":[{"taxonomy":"category","embeddable":true,"href":"https:\/\/tvbrazilusa.com\/pt\/wp-json\/wp\/v2\/categories?post=39680"},{"taxonomy":"post_tag","embeddable":true,"href":"https:\/\/tvbrazilusa.com\/pt\/wp-json\/wp\/v2\/tags?post=39680"}],"curies":[{"name":"wp","href":"https:\/\/api.w.org\/{rel}","templated":true}]}}