{"id":39683,"date":"2024-09-20T13:57:40","date_gmt":"2024-09-20T13:57:40","guid":{"rendered":"https:\/\/tvbrazilusa.com\/2024\/09\/20\/traficantes-obtem-medida-protetiva-para-impedir-a-aproximacao-de-policiais-entenda\/"},"modified":"2024-09-20T13:57:41","modified_gmt":"2024-09-20T13:57:41","slug":"traficantes-obtem-medida-protetiva-para-impedir-a-aproximacao-de-policiais-entenda","status":"publish","type":"post","link":"https:\/\/tvbrazilusa.com\/pt\/2024\/09\/20\/traficantes-obtem-medida-protetiva-para-impedir-a-aproximacao-de-policiais-entenda\/","title":{"rendered":"Traficantes obt\u00eam medida protetiva para impedir a aproxima\u00e7\u00e3o de policiais; ENTENDA"},"content":{"rendered":"<p> <script async src=\"https:\/\/pagead2.googlesyndication.com\/pagead\/js\/adsbygoogle.js?client=ca-pub-8864793242727901\"\r\n     crossorigin=\"anonymous\"><\/script><br \/>\n<\/p>\n<div id=\"taboola-read-more\" style=\"display:block; width:100%\">\n<p>Um homem acusado de tr\u00e1fico de drogas conseguiu na Justi\u00e7a catarinense um liminar surpreendente: medida protetiva para que dois policiais n\u00e3o se aproximem dele.<\/p>\n<p>Gabriel Marques da Rosa e seu comparsa, Bruno Henrique Cordeiro dos Santos, foram presos em maio deste ano, em Florian\u00f3polis. A dupla estava em posse de drogas, incluindo 3,6 gramas de coca\u00edna, 14 comprimidos de ecstasy e 2,3 gramas de maconha.<\/p>\n<p>O suspeito de tr\u00e1fico de drogas, Gabriel, relatou intimida\u00e7\u00e3o dos PMs e solicitou medida protetiva. O juiz acolheu o pedido como forma de resguardar a integridade do acusado e evitar futuros questionamentos sobre poss\u00edveis abusos de autoridade.\n<\/p>\n<p>Com isso, o juiz Emerson Feller Bertemes, da 3\u00aa Vara Criminal de Florian\u00f3polis, concedeu medida protetiva a Gabriel Marques da Rosa. O juiz acolheu o pedido como forma de resguardar a integridade do acusado e evitar futuros questionamentos sobre poss\u00edveis abusos de autoridade. A decis\u00e3o, no entanto, n\u00e3o se aplica em casos de flagrante delito.<\/p>\n<p>O magistrado determinou que dois policiais militares que atuaram no caso devem manter dist\u00e2ncia m\u00ednima de 500 metros do r\u00e9u. Segundo a medida, eles n\u00e3o podem entrar em contato com o acusado por meio de redes sociais ou telefone.\n<\/p>\n<p>O acusado tamb\u00e9m tinha um mandado de pris\u00e3o por roubo e tentou fugir da pol\u00edcia antes de ser capturado. Ele est\u00e1 preso na Penitenci\u00e1ria Masculina do Vale do Itaja\u00ed, enquanto seu comparsa est\u00e1 na Penitenci\u00e1ria de Florian\u00f3polis.\n<\/p>\n<p>Fonte: A tarde <\/p>\n<\/div>\n<p><br \/>\n<br \/><a href=\"https:\/\/diariodobrasilnoticias.com.br\/noticia\/-traficantes-obtem-medida-protetiva-para-impedir-a-aproximacao-de-policiais-entenda-66ed5f0480cf7\">Source link <\/a><\/p>","protected":false},"excerpt":{"rendered":"<p>Um homem acusado de tr\u00e1fico de drogas conseguiu na Justi\u00e7a catarinense um liminar surpreendente: medida protetiva para que dois policiais n\u00e3o se aproximem dele. Gabriel Marques da Rosa e seu&hellip;<\/p>","protected":false},"author":1,"featured_media":39684,"comment_status":"closed","ping_status":"open","sticky":false,"template":"","format":"standard","meta":{"content-type":"","footnotes":""},"categories":[16],"tags":[123,2448,5313,1267],"class_list":["post-39683","post","type-post","status-publish","format-standard","has-post-thumbnail","hentry","category-noticias","tag-brasil","tag-diario","tag-noticia","tag-noticias"],"_links":{"self":[{"href":"https:\/\/tvbrazilusa.com\/pt\/wp-json\/wp\/v2\/posts\/39683","targetHints":{"allow":["GET"]}}],"collection":[{"href":"https:\/\/tvbrazilusa.com\/pt\/wp-json\/wp\/v2\/posts"}],"about":[{"href":"https:\/\/tvbrazilusa.com\/pt\/wp-json\/wp\/v2\/types\/post"}],"author":[{"embeddable":true,"href":"https:\/\/tvbrazilusa.com\/pt\/wp-json\/wp\/v2\/users\/1"}],"replies":[{"embeddable":true,"href":"https:\/\/tvbrazilusa.com\/pt\/wp-json\/wp\/v2\/comments?post=39683"}],"version-history":[{"count":1,"href":"https:\/\/tvbrazilusa.com\/pt\/wp-json\/wp\/v2\/posts\/39683\/revisions"}],"predecessor-version":[{"id":39685,"href":"https:\/\/tvbrazilusa.com\/pt\/wp-json\/wp\/v2\/posts\/39683\/revisions\/39685"}],"wp:featuredmedia":[{"embeddable":true,"href":"https:\/\/tvbrazilusa.com\/pt\/wp-json\/wp\/v2\/media\/39684"}],"wp:attachment":[{"href":"https:\/\/tvbrazilusa.com\/pt\/wp-json\/wp\/v2\/media?parent=39683"}],"wp:term":[{"taxonomy":"category","embeddable":true,"href":"https:\/\/tvbrazilusa.com\/pt\/wp-json\/wp\/v2\/categories?post=39683"},{"taxonomy":"post_tag","embeddable":true,"href":"https:\/\/tvbrazilusa.com\/pt\/wp-json\/wp\/v2\/tags?post=39683"}],"curies":[{"name":"wp","href":"https:\/\/api.w.org\/{rel}","templated":true}]}}