{"id":3970,"date":"2024-07-19T15:58:54","date_gmt":"2024-07-19T15:58:54","guid":{"rendered":"https:\/\/tvbrazilusa.com\/2024\/07\/19\/stf-tambem-foi-prejudicado-com-apagao-cibernetico-paulo-figueiredo\/"},"modified":"2024-07-19T16:07:27","modified_gmt":"2024-07-19T16:07:27","slug":"stf-tambem-foi-prejudicado-com-apagao-cibernetico-paulo-figueiredo","status":"publish","type":"post","link":"https:\/\/tvbrazilusa.com\/pt\/2024\/07\/19\/stf-tambem-foi-prejudicado-com-apagao-cibernetico-paulo-figueiredo\/","title":{"rendered":"STF tamb\u00e9m foi prejudicado com apag\u00e3o cibern\u00e9tico &#8211; Paulo Figueiredo"},"content":{"rendered":"<p> <script async src=\"https:\/\/pagead2.googlesyndication.com\/pagead\/js\/adsbygoogle.js?client=ca-pub-8864793242727901\"\r\n     crossorigin=\"anonymous\"><\/script><br \/>\n<\/p>\n<div id=\"wtr-content\" data-bg=\"#FFFFFF\" data-fg=\"#006d91\" data-width=\"25\" data-mute=\"1\" data-fgopacity=\"1.00\" data-mutedopacity=\"0.5\" data-placement=\"bottom\" data-placement-offset=\"0\" data-content-offset=\"262\" data-placement-touch=\"bottom\" data-placement-offset-touch=\"0\" data-transparent=\"\" data-shadow=\"0\" data-touch=\"1\" data-non-touch=\"1\" data-comments=\"0\" data-commentsbg=\"transparent\" data-location=\"page\" data-mutedfg=\"#006d91\" data-endfg=\"#006d91\" data-rtl=\"\">\n<h3 class=\"wp-block-heading\">Na madrugada de hoje, um vasto\u00a0<strong>apag\u00e3o cibern\u00e9tico<\/strong>\u00a0afetou diversas institui\u00e7\u00f5es mundialmente, incluindo o Supremo Tribunal Federal (STF) do Brasil. O incidente causou uma paralisa\u00e7\u00e3o significativa.<\/h3>\n<p>Al\u00e9m das complica\u00e7\u00f5es no STF, o evento interrompeu opera\u00e7\u00f5es essenciais em \u00e1reas como avia\u00e7\u00e3o, servi\u00e7os banc\u00e1rios e redes de comunica\u00e7\u00e3o por todo o globo. A origem do problema parece estar nos sistemas operados pela Windows na empresa CrowdStrike, conhecida por seus servi\u00e7os de seguran\u00e7a digital.<\/p>\n<p>O STT alertou que alguns servi\u00e7os de apoio ainda est\u00e3o sendo restabelecidos. Esses s\u00e3o essenciais para o funcionamento pleno da institui\u00e7\u00e3o e para os funcion\u00e1rios que dependem destas ferramentas para a execu\u00e7\u00e3o de suas atividades di\u00e1rias.<\/p>\n<p><strong><a href=\"https:\/\/terrabrasilnoticias.com\/2024\/07\/ultimo-minuto-stf-tambem-foi-prejudicado-com-apagao-cibernetico\/\">Source link<\/a><\/strong><\/p>\n<\/div>\n<p><br \/>\n<br \/><a href=\"https:\/\/paulofigueiredoshow.com\/stf-tambem-foi-prejudicado-com-apagao-cibernetico\/\">Source link <\/a><\/p>","protected":false},"excerpt":{"rendered":"<p>Na madrugada de hoje, um vasto\u00a0apag\u00e3o cibern\u00e9tico\u00a0afetou diversas institui\u00e7\u00f5es mundialmente, incluindo o Supremo Tribunal Federal (STF) do Brasil. O incidente causou uma paralisa\u00e7\u00e3o significativa. Al\u00e9m das complica\u00e7\u00f5es no STF, o&hellip;<\/p>","protected":false},"author":1,"featured_media":3971,"comment_status":"closed","ping_status":"open","sticky":false,"template":"","format":"standard","meta":{"content-type":"","footnotes":""},"categories":[16],"tags":[],"class_list":["post-3970","post","type-post","status-publish","format-standard","has-post-thumbnail","hentry","category-noticias"],"_links":{"self":[{"href":"https:\/\/tvbrazilusa.com\/pt\/wp-json\/wp\/v2\/posts\/3970","targetHints":{"allow":["GET"]}}],"collection":[{"href":"https:\/\/tvbrazilusa.com\/pt\/wp-json\/wp\/v2\/posts"}],"about":[{"href":"https:\/\/tvbrazilusa.com\/pt\/wp-json\/wp\/v2\/types\/post"}],"author":[{"embeddable":true,"href":"https:\/\/tvbrazilusa.com\/pt\/wp-json\/wp\/v2\/users\/1"}],"replies":[{"embeddable":true,"href":"https:\/\/tvbrazilusa.com\/pt\/wp-json\/wp\/v2\/comments?post=3970"}],"version-history":[{"count":1,"href":"https:\/\/tvbrazilusa.com\/pt\/wp-json\/wp\/v2\/posts\/3970\/revisions"}],"predecessor-version":[{"id":3972,"href":"https:\/\/tvbrazilusa.com\/pt\/wp-json\/wp\/v2\/posts\/3970\/revisions\/3972"}],"wp:featuredmedia":[{"embeddable":true,"href":"https:\/\/tvbrazilusa.com\/pt\/wp-json\/wp\/v2\/media\/3971"}],"wp:attachment":[{"href":"https:\/\/tvbrazilusa.com\/pt\/wp-json\/wp\/v2\/media?parent=3970"}],"wp:term":[{"taxonomy":"category","embeddable":true,"href":"https:\/\/tvbrazilusa.com\/pt\/wp-json\/wp\/v2\/categories?post=3970"},{"taxonomy":"post_tag","embeddable":true,"href":"https:\/\/tvbrazilusa.com\/pt\/wp-json\/wp\/v2\/tags?post=3970"}],"curies":[{"name":"wp","href":"https:\/\/api.w.org\/{rel}","templated":true}]}}