{"id":39728,"date":"2024-09-20T16:12:23","date_gmt":"2024-09-20T16:12:23","guid":{"rendered":"https:\/\/tvbrazilusa.com\/2024\/09\/20\/novo-julgamento-de-karen-read-especialistas-juridicos-avaliam-o-que-o-novo-promotor-especial-significa-para-a-rodada-2\/"},"modified":"2024-09-20T16:17:54","modified_gmt":"2024-09-20T16:17:54","slug":"novo-julgamento-de-karen-read-especialistas-juridicos-avaliam-o-que-o-novo-promotor-especial-significa-para-a-rodada-2","status":"publish","type":"post","link":"https:\/\/tvbrazilusa.com\/pt\/2024\/09\/20\/novo-julgamento-de-karen-read-especialistas-juridicos-avaliam-o-que-o-novo-promotor-especial-significa-para-a-rodada-2\/","title":{"rendered":"Novo julgamento de Karen Read: especialistas jur\u00eddicos avaliam o que o novo promotor especial significa para a Rodada 2"},"content":{"rendered":"<p> <script async src=\"https:\/\/pagead2.googlesyndication.com\/pagead\/js\/adsbygoogle.js?client=ca-pub-8864793242727901\"\r\n     crossorigin=\"anonymous\"><\/script><br \/>\n<\/p>\n<div id=\"\">\n<header class=\"m-article-header m-article-header--standard\">\n\t\t\t\t\t\t\t\t\t\t\t\t<span id=\"article-header-primary-term\"><br \/>\n\t\t\t\t\t\t\t\t<a class=\"a-term a-term--primary\" href=\"https:\/\/www.boston.com\/tag\/crime\/\"><\/p>\n<p>\t\t\t\t\t\t\t\tCrime\t\t\t\t\t\t\t\t<\/a><br \/>\n\t\t\t\t\t\t\t<\/span><\/p>\n<h2 class=\"m-article-header__sub-headline\">\u201cAcho que ser\u00e1 interessante ver se ele n\u00e3o s\u00f3 consegue ganhar o caso, mas tamb\u00e9m se consegue mudar a percep\u00e7\u00e3o p\u00fablica.\u201d<\/h2>\n<figure class=\"a-photo m-article-header__photo\"><figcaption class=\"a-photo__caption\">\n<p>\tHank Brennan foi fotografado em 2018 do lado de fora da Igreja de Santa M\u00f4nica, em South Boston, durante o funeral de James &#8220;Whitey&#8221; Bulger.<em> John Tlumacki\/The Boston Globe, Arquivo<\/em>\t<\/figcaption><\/figure>\n<\/header>\n<p>Em batidas <a href=\"https:\/\/www.boston.com\/news\/crime\/2024\/09\/18\/das-office-taps-whitey-bulgers-former-attorney-to-prosecute-karen-read-the-second-time-around\/\" target=\"_blank\" rel=\"noreferrer noopener\">Hank Brennan<\/a> para liderar o pr\u00f3ximo novo julgamento dos promotores <a href=\"https:\/\/www.boston.com\/tag\/karen-read\/\" target=\"_blank\" rel=\"noreferrer noopener\">Karen Leu<\/a>O promotor p\u00fablico de Norfolk, Michael Morrissey, elogiou a reputa\u00e7\u00e3o estimada do veterano advogado de defesa, d\u00e9cadas de experi\u00eancia e familiaridade com \u201cquest\u00f5es complexas de aplica\u00e7\u00e3o da lei\u201d.<\/p>\n<p>Credenciais \u00e0 parte, analistas legais dizem que o ativo mais valioso do promotor especial neste momento crucial pode ser a nova perspectiva que ele traz para o controverso caso de assassinato de Read. Na verdade, dois especialistas que falaram com o Boston.com disseram que a nomea\u00e7\u00e3o de Brennan pode significar algumas mudan\u00e7as not\u00e1veis \u200b\u200bpara a Rodada 2. <\/p>\n<p>\u201cO que este caso precisa, eu acho, \u00e9 realmente uma reavalia\u00e7\u00e3o, uma esp\u00e9cie de reavalia\u00e7\u00e3o completa de &#8216;Vale a pena gastar recursos em outro julgamento, dado o que aconteceu antes e todas as evid\u00eancias que podem ser favor\u00e1veis \u200b\u200ba Karen Read&#8217;\u201d, disse <a href=\"https:\/\/law.northeastern.edu\/faculty\/medwed\/\" target=\"_blank\" rel=\"noreferrer noopener\">Daniel Medwed<\/a>professor de direito penal na Northeastern University.<\/p>\n<p>Read, 44, \u00e9 acusada de intencionalmente bater seu SUV em seu namorado, o policial de Boston John O&#8217;Keefe, ap\u00f3s uma noite de bar em Canton em janeiro de 2022. Enquanto os promotores alegam que Read estava dirigindo b\u00eabada e deixou O&#8217;Keefe para morrer na neve, os advogados da mulher de Mansfield argumentam que ela foi incriminada em um encobrimento policial. Read se declarou inocente das acusa\u00e7\u00f5es de homic\u00eddio de segundo grau, homic\u00eddio culposo ao dirigir um ve\u00edculo motorizado sob influ\u00eancia de \u00e1lcool e fugir da cena de um acidente fatal.<\/p>\n<p>Os jurados em seu primeiro julgamento acabaram retornando em um impasse, resultando em um julgamento anulado em 1\u00ba de julho. Agora, com o aguardado novo julgamento programado para come\u00e7ar em 27 de janeiro, a equipe de promotores est\u00e1 passando por uma reformula\u00e7\u00e3o.<\/p>\n<p>Em janeiro, Brennan \u2014 cujos clientes anteriores incluem o falecido gangster James \u201cWhitey\u201d Bulger \u2014 liderar\u00e1 a promotoria como promotor p\u00fablico assistente especial. Ex-promotora nos condados de Essex e Suffolk, Brennan trabalhar\u00e1 no caso Read ao lado dos promotores de Norfolk Adam Lally, Laura McLaughlin e Caleb Schillinger.<\/p>\n<p>\u201cEstou definitivamente intrigado com a escolha, porque acho que ela indica a probabilidade de o segundo julgamento ser apresentado de uma maneira bastante diferente do que o primeiro julgamento\u201d, disse o advogado. <a href=\"https:\/\/www.loftusandloftuspc.com\/\" target=\"_blank\" rel=\"noreferrer noopener\">Catarina Loftus<\/a> disse sobre a decis\u00e3o de Morrissey.<\/p>\n<p>Embora ela n\u00e3o tenha visto Brennan em a\u00e7\u00e3o em primeira m\u00e3o, Loftus disse que sua &#8220;compreens\u00e3o dele sempre foi de que ele \u00e9 algu\u00e9m que est\u00e1 disposto a assumir casos e posi\u00e7\u00f5es dif\u00edceis, e acho que isso provavelmente se refletir\u00e1 em sua apresenta\u00e7\u00e3o f\u00edsica do caso&#8221;.<\/p>\n<p>Medwed tamb\u00e9m descreveu Brennan como \u201calgu\u00e9m realmente bem equipado para lidar com o que est\u00e1 por vir\u201d.<\/p>\n<p>\u201c\u00c9 uma boa escolha da perspectiva de Morrissey, porque ele [Brennan] \u00e9 um advogado de defesa, e isso vai enviar um bom sinal ao p\u00fablico de que Morrissey quer&#8230; esse olhar objetivo, n\u00e3o apenas escolher um promotor do condado vizinho ou algo assim\u201d, ele disse. \u201cMas tamb\u00e9m \u00e9 algu\u00e9m que esteve dos dois lados da cerca, e ent\u00e3o ele entende a miss\u00e3o e o dever do promotor.\u201d<\/p>\n<h2 class=\"wp-block-heading\" id=\"h-a-fresh-look\">Um novo visual<\/h2>\n<p>Ao escolher um estranho, o gabinete do promotor tamb\u00e9m tem a oportunidade de combater parte de seu vi\u00e9s de confirma\u00e7\u00e3o, explicou Medwed.<\/p>\n<p>\u201c\u00c9 muito dif\u00edcil dar uma nova olhada em algo quando voc\u00ea est\u00e1 olhando para ele h\u00e1 eras\u201d, ele disse. \u201cE esse \u00e9 o problema com o escrit\u00f3rio do promotor p\u00fablico do Condado de Norfolk, certo? Eles est\u00e3o olhando para isso h\u00e1 anos. Eles provavelmente t\u00eam uma opini\u00e3o bem fixa, eu imagino, sobre a culpa dela.\u201d<\/p>\n<p>O que o caso de Read precisa, ele disse, \u00e9 de \u201calgu\u00e9m que realmente analise as diferentes teorias sem o pano de fundo de decis\u00f5es anteriores\u201d.<\/p>\n<figure class=\"wp-block-image size-full\"><img loading=\"lazy\" decoding=\"async\" width=\"2560\" height=\"1856\" src=\"https:\/\/bdc2020.o0bc.com\/wp-content\/uploads\/2024\/07\/Officer_Killed_Girlfriend_Trial_54526-1-669ac27633f9e-scaled.jpg\" alt=\"\" class=\"wp-image-30832178\" srcset=\"https:\/\/bdc2020.o0bc.com\/wp-content\/uploads\/2024\/07\/Officer_Killed_Girlfriend_Trial_54526-1-669ac27633f9e-scaled.jpg?width=200 200w, https:\/\/bdc2020.o0bc.com\/wp-content\/uploads\/2024\/07\/Officer_Killed_Girlfriend_Trial_54526-1-669ac27633f9e-scaled.jpg?width=300 300w, https:\/\/bdc2020.o0bc.com\/wp-content\/uploads\/2024\/07\/Officer_Killed_Girlfriend_Trial_54526-1-669ac27633f9e-scaled.jpg?width=400 400w, https:\/\/bdc2020.o0bc.com\/wp-content\/uploads\/2024\/07\/Officer_Killed_Girlfriend_Trial_54526-1-669ac27633f9e-scaled.jpg?width=500 500w, https:\/\/bdc2020.o0bc.com\/wp-content\/uploads\/2024\/07\/Officer_Killed_Girlfriend_Trial_54526-1-669ac27633f9e-scaled.jpg?width=600 600w, https:\/\/bdc2020.o0bc.com\/wp-content\/uploads\/2024\/07\/Officer_Killed_Girlfriend_Trial_54526-1-669ac27633f9e-scaled.jpg?width=700 700w, https:\/\/bdc2020.o0bc.com\/wp-content\/uploads\/2024\/07\/Officer_Killed_Girlfriend_Trial_54526-1-669ac27633f9e-scaled.jpg?width=800 800w, https:\/\/bdc2020.o0bc.com\/wp-content\/uploads\/2024\/07\/Officer_Killed_Girlfriend_Trial_54526-1-669ac27633f9e-scaled.jpg?width=900 900w\" sizes=\"auto, (max-width: 2560px) 100vw, 2560px\"\/><figcaption class=\"wp-element-caption\">Karen Read e o advogado David Yannetti ouvem durante seu julgamento, quarta-feira, 12 de junho de 2024, no Norfolk Super Court em Dedham, Massachusetts.<i> \u2013 Greg Derr\/The Patriot Ledger via AP, Piscina<\/i><\/figcaption><\/figure>\n<p>Tanto ele quanto Loftus tamb\u00e9m apontaram para a acusa\u00e7\u00e3o de assassinato em segundo grau de Read, que Loftus disse que h\u00e1 muito tempo sentiu ser um &#8220;exagero&#8221; para os promotores. Medwed, enquanto isso, apontou que as teorias dos promotores de assassinato em segundo grau e homic\u00eddio culposo por OUI parecem estar &#8220;em tens\u00e3o&#8221; quando se trata de se Read pretendia ou n\u00e3o matar O&#8217;Keefe. <\/p>\n<p>Os advogados de Read t\u00eam <a href=\"https:\/\/www.boston.com\/news\/crime\/2024\/09\/12\/karen-reads-lawyers-appeal-to-the-sjc-in-bid-to-dismiss-two-charges\/\" target=\"_blank\" rel=\"noreferrer noopener\">recorreu para o Supremo Tribunal de Justi\u00e7a<\/a> na esperan\u00e7a de rejeitar duas das acusa\u00e7\u00f5es, alegando que o j\u00fari supostamente em impasse informalmente concordou em absolv\u00ea-la de assassinato e abandono da cena de um acidente fatal. Como um jurado supostamente disse ao advogado de defesa David Yannetti ap\u00f3s o julgamento nulo, &#8220;Ningu\u00e9m pensou que ela o havia batido de prop\u00f3sito ou mesmo sabia que ela o havia batido.&#8221;<\/p>\n<p>Na quinta-feira, um \u00fanico juiz <a href=\"https:\/\/www.ma-appellatecourts.org\/docket\/SJ-2024-0332\" target=\"_blank\" rel=\"noreferrer noopener\">governou<\/a> que o recurso de Read ser\u00e1 ouvido pelo painel pleno do Supremo Tribunal Judicial, com argumentos orais provisoriamente agendados para novembro.<\/p>\n<p>Embora tenha dito que n\u00e3o ficaria surpreso se os promotores finalmente decidissem retirar a acusa\u00e7\u00e3o de assassinato, Medwed disse que tamb\u00e9m poderia ver o gabinete do promotor mantendo as acusa\u00e7\u00f5es como est\u00e3o na esperan\u00e7a de que um j\u00fari condenasse pela acusa\u00e7\u00e3o menos s\u00e9ria de homic\u00eddio culposo. Medwed comparou isso a clientes de restaurantes gravitando em dire\u00e7\u00e3o a itens de menu com pre\u00e7os mais moderados, comportamento \u00e0s vezes chamado de vi\u00e9s da op\u00e7\u00e3o intermedi\u00e1ria ou &#8220;<a href=\"https:\/\/blog.hubspot.com\/sales\/goldilocks-effect-pricing#:~:text=The%20Goldilocks%20Effect%20%E2%80%94%20or%20the,%2C%20and%20one%20low%2Dend.\" target=\"_blank\" rel=\"noreferrer noopener\">Efeito Cachinhos Dourados<\/a>.\u201d <\/p>\n<h2 class=\"wp-block-heading\" id=\"h-what-to-expect-from-karen-read-s-retrial-nbsp\">O que esperar do novo julgamento de Karen Read <\/h2>\n<p>Qualquer um que se junte ao caso de fora do escrit\u00f3rio do promotor \u00e9 obrigado a \u201cpassar o arquivo com um pente fino\u201d, explicou Loftus. Ela antecipa que na segunda vez, os promotores podem decidir n\u00e3o chamar algumas das testemunhas que ofereceram depoimento redundante \u2014 por exemplo, a mir\u00edade de socorristas chamados \u00e0 cena na manh\u00e3 em que O&#8217;Keefe morreu. <\/p>\n<p>\u201cProvavelmente ser\u00e1 encurtado, em certo sentido, e poderemos at\u00e9 ter novas testemunhas que n\u00e3o foram chamadas\u201d, disse Loftus, acrescentando: \u201cNo geral, n\u00e3o ficaria surpreso se v\u00edssemos um tipo quase diferente de caso apresentado no julgamento pela segunda vez\u201d.<\/p>\n<p>Ela observou que, durante o primeiro julgamento de Read, muitos que acompanharam o caso acharam a apresenta\u00e7\u00e3o da promotoria &#8220;um pouco sem brilho&#8221;. Nesse sentido, Brennan \u00e9 a segunda chance dos promotores de causar uma primeira impress\u00e3o. <\/p>\n<p>\u201cAcho que o gabinete do promotor estava procurando algu\u00e9m que n\u00e3o s\u00f3 pudesse julgar o caso de uma forma diferente, mas tamb\u00e9m apresentar o caso ao p\u00fablico de uma forma diferente\u201d, disse Loftus. \u201cPorque, quer gostemos ou n\u00e3o, \u2026 as pessoas est\u00e3o t\u00e3o intrinsecamente envolvidas no resultado deste caso. Acho que ser\u00e1 interessante ver se ele \u00e9 capaz n\u00e3o s\u00f3 de ganhar o caso, mas se ele \u00e9 capaz de mudar a percep\u00e7\u00e3o p\u00fablica.\u201d<\/p>\n<figure class=\"wp-block-image size-full\"><img loading=\"lazy\" decoding=\"async\" width=\"2560\" height=\"1706\" src=\"https:\/\/bdc2020.o0bc.com\/wp-content\/uploads\/2024\/06\/RZFS446LVVOCIT6DCKLUGJQCIY-6667617e068be-scaled.jpg\" alt=\"\" class=\"wp-image-30397488\" srcset=\"https:\/\/bdc2020.o0bc.com\/wp-content\/uploads\/2024\/06\/RZFS446LVVOCIT6DCKLUGJQCIY-6667617e068be-scaled.jpg?width=200 200w, https:\/\/bdc2020.o0bc.com\/wp-content\/uploads\/2024\/06\/RZFS446LVVOCIT6DCKLUGJQCIY-6667617e068be-scaled.jpg?width=300 300w, https:\/\/bdc2020.o0bc.com\/wp-content\/uploads\/2024\/06\/RZFS446LVVOCIT6DCKLUGJQCIY-6667617e068be-scaled.jpg?width=400 400w, https:\/\/bdc2020.o0bc.com\/wp-content\/uploads\/2024\/06\/RZFS446LVVOCIT6DCKLUGJQCIY-6667617e068be-scaled.jpg?width=500 500w, https:\/\/bdc2020.o0bc.com\/wp-content\/uploads\/2024\/06\/RZFS446LVVOCIT6DCKLUGJQCIY-6667617e068be-scaled.jpg?width=600 600w, https:\/\/bdc2020.o0bc.com\/wp-content\/uploads\/2024\/06\/RZFS446LVVOCIT6DCKLUGJQCIY-6667617e068be-scaled.jpg?width=700 700w, https:\/\/bdc2020.o0bc.com\/wp-content\/uploads\/2024\/06\/RZFS446LVVOCIT6DCKLUGJQCIY-6667617e068be-scaled.jpg?width=800 800w, https:\/\/bdc2020.o0bc.com\/wp-content\/uploads\/2024\/06\/RZFS446LVVOCIT6DCKLUGJQCIY-6667617e068be-scaled.jpg?width=900 900w\" sizes=\"auto, (max-width: 2560px) 100vw, 2560px\"\/><figcaption class=\"wp-element-caption\">O policial estadual Michael Proctor dep\u00f5e no julgamento de Karen Read.<i> \u2013 Kayla Bartkowski para o Boston Globe<\/i><\/figcaption><\/figure>\n<p>Mas os promotores enfrentam uma batalha dif\u00edcil, principalmente quando se trata do testemunho do investigador principal do caso, o policial estadual de Massachusetts Michael Proctor. Proctor foi dispensado do servi\u00e7o e <a href=\"https:\/\/www.boston.com\/news\/crime\/2024\/07\/08\/trooper-proctor-suspended-without-pay-following-state-police-hearing\/\" target=\"_blank\" rel=\"noreferrer noopener\">suspenso sem vencimento<\/a> ap\u00f3s o primeiro julgamento de Read, durante o qual ele admitiu ter enviado mensagens vulgares sobre o r\u00e9u para familiares, amigos e colegas de trabalho. <\/p>\n<p>\u201cTenho certeza de que haver\u00e1 diferen\u00e7as sutis na estrat\u00e9gia e nas declara\u00e7\u00f5es de abertura e na sequ\u00eancia das testemunhas\u201d, disse Medwed sobre o caso da promotoria. \u201cEles ter\u00e3o que lidar com Proctor; eles ter\u00e3o que lidar com algumas das consequ\u00eancias da investiga\u00e7\u00e3o.\u201d<\/p>\n<h2 class=\"wp-block-heading\" id=\"h-we-ll-see-you-in-court\">&#8220;Nos vemos no tribunal&#8221;<\/h2>\n<p>\u00c0 luz das acusa\u00e7\u00f5es da equipe de defesa de um encobrimento policial, Loftus disse que a nomea\u00e7\u00e3o de Brennan d\u00e1 a impress\u00e3o de distanciar um pouco o gabinete do promotor p\u00fablico do julgamento, o que &#8220;pode \u200b\u200bincutir um pouco mais de confian\u00e7a no caso da comunidade&#8221;. <\/p>\n<p>\u201cAcho que trazer outra pessoa que n\u00e3o s\u00f3 tem uma vis\u00e3o nova do assunto, mas tamb\u00e9m tem a reputa\u00e7\u00e3o de algu\u00e9m que n\u00e3o tem medo de assumir casos dif\u00edceis, foi a coisa certa a fazer, pelo menos da perspectiva da comunidade\u201d, disse ela. <\/p>\n<p>Enquanto isso, a equipe de Read parecia n\u00e3o se deixar abalar pela mudan\u00e7a na forma\u00e7\u00e3o dos promotores. <\/p>\n<p>\u201cA not\u00edcia de que Michael Morrissey decidiu usar fundos do contribuinte para contratar um advogado externo para processar este caso fala muito sobre sua confian\u00e7a em sua pr\u00f3pria equipe\u201d, disse o advogado de defesa Alan Jackson em uma declara\u00e7\u00e3o. \u201cEles podem levar qualquer um que quiserem ao tribunal. N\u00f3s venceremos esta acusa\u00e7\u00e3o injusta, assim como fizemos da \u00faltima vez.<\/p>\n<p>\u201cComo dissemos ao Sr. Morrissey anteriormente, fa\u00e7a o seu pior\u201d, ele acrescentou. \u201cNos vemos no tribunal.\u201d<\/p>\n<div class=\"m-block m-generic-cta\t m-generic-cta--post-content\t m-generic-cta--dark\t m-generic-cta--homepage\t m-generic-cta--email-signup\t\t m-generic-cta-block-style--default \tt-amp__generic-cta\"><\/p>\n<div class=\"m-generic-cta__wrap\">\n<div class=\"m-generic-cta__content\">\n<h3 class=\"m-generic-cta__title\">Boston.com Hoje<\/h3>\n<p class=\"m-generic-cta__subtitle\">Inscreva-se para receber as \u00faltimas manchetes na sua caixa de entrada todas as manh\u00e3s.<\/p>\n<\/p><\/div>\n<\/p><\/div>\n<\/div><\/div>\n<p><script>\n\t\tvar consent=\"grant\";\n\t\t\/* The above code is parsing the JSON data from the local storage and storing it in a variable. *\/\n\t\t\t\t\tconst onetrustStorageConsent = JSON.parse(localStorage.getItem( 'consent_one_trust_bdc' ) );\n\t\t\tif ( ( onetrustStorageConsent !== null ) ) {\n\t\t\t\t\/* Checking to see if the user has consented to the use of cookies.\n\t\t\t\t* If they have not, it is deleting the cookie.\n\t\t\t\t* This will comment for now, until further notice.\n\t\t\t\t*\/\n\t\t\t\t\/\/if ( onetrustStorageConsent.C0002 === false ) {\n\t\t\t\t\/\/\tdocument.cookie=\"_fbp=;expires=Thu, 01 Jan 2010 00:00:00 UTC; path=\/; domain=.boston.com\";\n\t\t\t\t\/\/}\n\t\t\t\t\/* Checking if the user has given consent for the cookie C0002.\n\t\t\t\t* If the user has given consent, the variable consent will be set to 'grant'.\n\t\t\t\t* If the user has not given consent,the variable consent will be set to 'revoke'.\n\t\t\t\t* Documentation https:\/\/developers.facebook.com\/docs\/meta-pixel\/implementation\/gdpr\n\t\t\t\t*\/\n\t\t\t\tif ( onetrustStorageConsent.C0002 !== true ) {\n\t\t\t\t\tconsent=\"revoke\";\n\t\t\t\t}\n\t\t\t}\n\t\t\t\t!function(f,b,e,v,n,t,s)\n\t\t{if(f.fbq)return;n=f.fbq=function(){n.callMethod?\n\t\tn.callMethod.apply(n,arguments):n.queue.push(arguments)};\n\t\tif(!f._fbq)f._fbq=n;n.push=n;n.loaded=!0;n.version='2.0';\n\t\tn.queue=[];t=b.createElement(e);t.async=!0;\n\t\tt.src=v;s=b.getElementsByTagName(e)[0];\n\t\ts.parentNode.insertBefore(t,s)}(window, document,'script',\n\t\t'https:\/\/connect.facebook.net\/en_US\/fbevents.js');\n\t\tfbq('consent', consent);\n\t\tfbq('init', '989222871864976');\n\t\tfbq('track', 'PageView');\n\t<\/script><script type=\"module\">\n\t\tvar consent=\"grant\";\n\t\t\/* The above code is parsing the JSON data from the local storage and storing it in a variable. *\/\n\t\t\tconst onetrustStorageConsent = JSON.parse(localStorage.getItem( 'consent_one_trust_bdc' ) );\n\t\t\t\/* Checking to see if the user has consented to the use of cookies.\n\t\t\t* If they have not, it is deleting the cookie.\n\t\t\t* This will comment for now, until further notice.\n\t\t\t*\/\n\t\t\t\/\/if ( onetrustStorageConsent.C0002 === false ) {\n\t\t\t\/\/\tdocument.cookie=\"_fbp=;expires=Thu, 01 Jan 2010 00:00:00 UTC; path=\/; domain=.boston.com\";\n\t\t\t\/\/}\n\t\t\t\/* Checking if the user has given consent for the cookie C0002.\n\t\t\t* If the user has given consent, the variable consent will be set to 'grant'.\n\t\t\t* If the user has not given consent,the variable consent will be set to 'revoke'.\n\t\t\t* Documentation https:\/\/developers.facebook.com\/docs\/meta-pixel\/implementation\/gdpr\n\t\t\t*\/\n\t\t\tif ( ( onetrustStorageConsent !== null ) && (onetrustStorageConsent.C0002 !== true ) ) {\n\t\t\t\tconsent=\"revoke\";\n\t\t\t}\n\t\t\t\t!function(f,b,e,v,n,t,s){if(f.fbq)return;n=f.fbq=function()\n\t\t{n.callMethod? n.callMethod.apply(n,arguments):n.queue.push(arguments)}\n\t\t;if(!f._fbq)f._fbq=n;\n\t\tn.push=n;n.loaded=!0;n.version='2.0';n.queue=[];t=b.createElement(e);t.async=!0;\n\t\tt.src=v;s=b.getElementsByTagName(e)[0];s.parentNode.insertBefore(t,s)}(window,\n\t\tdocument,'script','https:\/\/connect.facebook.net\/en_US\/fbevents.js');\n\t\tfbq('consent', consent);\n\t\tfbq('init', '813236348753005');\n\t\tfbq('track', \"PageView\");\n\t<\/script><br \/>\n<br \/><br \/>\n<br \/><a href=\"https:\/\/www.boston.com\/news\/crime\/2024\/09\/20\/karen-read-retrial-legal-experts-weigh-in-special-prosecutor\/\">Source link <\/a><\/p>","protected":false},"excerpt":{"rendered":"<p>Crime \u201cAcho que ser\u00e1 interessante ver se ele n\u00e3o s\u00f3 consegue ganhar o caso, mas tamb\u00e9m se consegue mudar a percep\u00e7\u00e3o p\u00fablica.\u201d Hank Brennan foi fotografado em 2018 do lado&hellip;<\/p>","protected":false},"author":1,"featured_media":39729,"comment_status":"closed","ping_status":"open","sticky":false,"template":"","format":"standard","meta":{"content-type":"","footnotes":""},"categories":[1],"tags":[],"class_list":["post-39728","post","type-post","status-publish","format-standard","has-post-thumbnail","hentry","category-uncategorized"],"_links":{"self":[{"href":"https:\/\/tvbrazilusa.com\/pt\/wp-json\/wp\/v2\/posts\/39728","targetHints":{"allow":["GET"]}}],"collection":[{"href":"https:\/\/tvbrazilusa.com\/pt\/wp-json\/wp\/v2\/posts"}],"about":[{"href":"https:\/\/tvbrazilusa.com\/pt\/wp-json\/wp\/v2\/types\/post"}],"author":[{"embeddable":true,"href":"https:\/\/tvbrazilusa.com\/pt\/wp-json\/wp\/v2\/users\/1"}],"replies":[{"embeddable":true,"href":"https:\/\/tvbrazilusa.com\/pt\/wp-json\/wp\/v2\/comments?post=39728"}],"version-history":[{"count":1,"href":"https:\/\/tvbrazilusa.com\/pt\/wp-json\/wp\/v2\/posts\/39728\/revisions"}],"predecessor-version":[{"id":39730,"href":"https:\/\/tvbrazilusa.com\/pt\/wp-json\/wp\/v2\/posts\/39728\/revisions\/39730"}],"wp:featuredmedia":[{"embeddable":true,"href":"https:\/\/tvbrazilusa.com\/pt\/wp-json\/wp\/v2\/media\/39729"}],"wp:attachment":[{"href":"https:\/\/tvbrazilusa.com\/pt\/wp-json\/wp\/v2\/media?parent=39728"}],"wp:term":[{"taxonomy":"category","embeddable":true,"href":"https:\/\/tvbrazilusa.com\/pt\/wp-json\/wp\/v2\/categories?post=39728"},{"taxonomy":"post_tag","embeddable":true,"href":"https:\/\/tvbrazilusa.com\/pt\/wp-json\/wp\/v2\/tags?post=39728"}],"curies":[{"name":"wp","href":"https:\/\/api.w.org\/{rel}","templated":true}]}}