{"id":39735,"date":"2024-09-20T16:37:30","date_gmt":"2024-09-20T16:37:30","guid":{"rendered":"https:\/\/tvbrazilusa.com\/2024\/09\/20\/twitter-x-volta-a-ficar-indisponivel-no-brasil-paulo-figueiredo\/"},"modified":"2024-09-20T16:48:13","modified_gmt":"2024-09-20T16:48:13","slug":"twitter-x-volta-a-ficar-indisponivel-no-brasil-paulo-figueiredo","status":"publish","type":"post","link":"https:\/\/tvbrazilusa.com\/pt\/2024\/09\/20\/twitter-x-volta-a-ficar-indisponivel-no-brasil-paulo-figueiredo\/","title":{"rendered":"Twitter\/X volta a ficar indispon\u00edvel no Brasil &#8211; Paulo Figueiredo"},"content":{"rendered":"<p> <script async src=\"https:\/\/pagead2.googlesyndication.com\/pagead\/js\/adsbygoogle.js?client=ca-pub-8864793242727901\"\r\n     crossorigin=\"anonymous\"><\/script><br \/>\n<\/p>\n<div id=\"wtr-content\" data-bg=\"#FFFFFF\" data-fg=\"#006d91\" data-width=\"25\" data-mute=\"1\" data-fgopacity=\"1.00\" data-mutedopacity=\"0.5\" data-placement=\"bottom\" data-placement-offset=\"0\" data-content-offset=\"262\" data-placement-touch=\"bottom\" data-placement-offset-touch=\"0\" data-transparent=\"\" data-shadow=\"0\" data-touch=\"1\" data-non-touch=\"1\" data-comments=\"0\" data-commentsbg=\"transparent\" data-location=\"page\" data-mutedfg=\"#006d91\" data-endfg=\"#006d91\" data-rtl=\"\">\n<h3 class=\"wp-block-heading\">Rede social Twiter\/X interrompeu uso de servi\u00e7o de ciberseguran\u00e7a que \u2018driblou\u2019 suspens\u00e3o da plataforma.<\/h3>\n<p>A rede social Twitter\/X voltou a ficar indispon\u00edvel no Brasil nesta quinta-feira, 19. A Justi\u00e7a ordenou \u00e0 empresa de Elon Musk que interrompesse o uso do servi\u00e7o de ciberseguran\u00e7a que lhe havia permitido driblar a suspens\u00e3o da plataforma.<\/p>\n<p>\u201cPouco antes das 16h, o pr\u00f3prio X parou de usar o servi\u00e7o da Cloudflare, e por esse motivo ficou bloqueado\u201d, afirmou o conselheiro da Associa\u00e7\u00e3o Brasileira de Provedores de Internet (Abrint), Bas\u00edlio Rodriguez Perez, \u00e0 ag\u00eancia AFP.<\/p>\n<p>Apesar da suspens\u00e3o decretada pelo ministro do\u00a0<strong>Supremo Tribunal Federal (STF)<\/strong>\u00a0Alexandre de Moraes, a rede social voltou a ficar dispon\u00edvel no pa\u00eds nesta quarta-feira, 18.<\/p>\n<p>O Twitter\/X, por sua vez, emitiu um comunicado no qual explicou que a restaura\u00e7\u00e3o parcial no Brasil ocorreu de forma involunt\u00e1ria.<\/p>\n<p>\u201cQuando o X foi desligado no Brasil, nossa infraestrutura para fornecer servi\u00e7o para a Am\u00e9rica Latina n\u00e3o estava mais acess\u00edvel para nossa equipe\u201d, disse a empresa. \u201cPara continuar fornecendo servi\u00e7o ideal para nossos usu\u00e1rios, mudamos de operadora de rede. Essa mudan\u00e7a resultou em uma restaura\u00e7\u00e3o inadvertida e tempor\u00e1ria do servi\u00e7o para usu\u00e1rios brasileiros.\u201d<\/p>\n<p><strong><a href=\"https:\/\/revistaoeste.com\/tecnologia\/twitter-x-volta-a-ficar-indisponivel-no-brasil\/\">Source link<\/a><\/strong><\/p>\n<\/div>\n<p><br \/>\n<br \/><a href=\"https:\/\/paulofigueiredoshow.com\/twitter-x-volta-a-ficar-indisponivel-no-brasil\/\">Source link <\/a><\/p>","protected":false},"excerpt":{"rendered":"<p>Rede social Twiter\/X interrompeu uso de servi\u00e7o de ciberseguran\u00e7a que \u2018driblou\u2019 suspens\u00e3o da plataforma. A rede social Twitter\/X voltou a ficar indispon\u00edvel no Brasil nesta quinta-feira, 19. A Justi\u00e7a ordenou&hellip;<\/p>","protected":false},"author":1,"featured_media":36787,"comment_status":"closed","ping_status":"open","sticky":false,"template":"","format":"standard","meta":{"content-type":"","footnotes":""},"categories":[16],"tags":[17464,915,425,871,4895,4188],"class_list":["post-39735","post","type-post","status-publish","format-standard","has-post-thumbnail","hentry","category-noticias","tag-banimento","tag-elon","tag-moraes","tag-stf","tag-twitter","tag-x"],"_links":{"self":[{"href":"https:\/\/tvbrazilusa.com\/pt\/wp-json\/wp\/v2\/posts\/39735","targetHints":{"allow":["GET"]}}],"collection":[{"href":"https:\/\/tvbrazilusa.com\/pt\/wp-json\/wp\/v2\/posts"}],"about":[{"href":"https:\/\/tvbrazilusa.com\/pt\/wp-json\/wp\/v2\/types\/post"}],"author":[{"embeddable":true,"href":"https:\/\/tvbrazilusa.com\/pt\/wp-json\/wp\/v2\/users\/1"}],"replies":[{"embeddable":true,"href":"https:\/\/tvbrazilusa.com\/pt\/wp-json\/wp\/v2\/comments?post=39735"}],"version-history":[{"count":1,"href":"https:\/\/tvbrazilusa.com\/pt\/wp-json\/wp\/v2\/posts\/39735\/revisions"}],"predecessor-version":[{"id":39736,"href":"https:\/\/tvbrazilusa.com\/pt\/wp-json\/wp\/v2\/posts\/39735\/revisions\/39736"}],"wp:featuredmedia":[{"embeddable":true,"href":"https:\/\/tvbrazilusa.com\/pt\/wp-json\/wp\/v2\/media\/36787"}],"wp:attachment":[{"href":"https:\/\/tvbrazilusa.com\/pt\/wp-json\/wp\/v2\/media?parent=39735"}],"wp:term":[{"taxonomy":"category","embeddable":true,"href":"https:\/\/tvbrazilusa.com\/pt\/wp-json\/wp\/v2\/categories?post=39735"},{"taxonomy":"post_tag","embeddable":true,"href":"https:\/\/tvbrazilusa.com\/pt\/wp-json\/wp\/v2\/tags?post=39735"}],"curies":[{"name":"wp","href":"https:\/\/api.w.org\/{rel}","templated":true}]}}