{"id":39748,"date":"2024-09-20T17:33:32","date_gmt":"2024-09-20T17:33:32","guid":{"rendered":"https:\/\/tvbrazilusa.com\/2024\/09\/20\/boulos-lanca-ofensiva-judicial-contra-perfis-de-cortes-de-marcal\/"},"modified":"2024-09-20T17:33:33","modified_gmt":"2024-09-20T17:33:33","slug":"boulos-lanca-ofensiva-judicial-contra-perfis-de-cortes-de-marcal","status":"publish","type":"post","link":"https:\/\/tvbrazilusa.com\/pt\/2024\/09\/20\/boulos-lanca-ofensiva-judicial-contra-perfis-de-cortes-de-marcal\/","title":{"rendered":"Boulos lan\u00e7a ofensiva judicial contra perfis de \u2018cortes\u2019 de Mar\u00e7al"},"content":{"rendered":"<p> <script async src=\"https:\/\/pagead2.googlesyndication.com\/pagead\/js\/adsbygoogle.js?client=ca-pub-8864793242727901\"\r\n     crossorigin=\"anonymous\"><\/script><br \/>\n<\/p>\n<div id=\"taboola-read-more\" style=\"display:block; width:100%\">\n<p>A campanha do candidato \u00e0 Prefeitura de S\u00e3o Paulo Guilherme Boulos (PSOL) acionou 10 perfis produtores e divulgadores dos chamados \u201ccortes\u201d do candidato Pablo Mar\u00e7al (PRTB) na Justi\u00e7a individualmente, nas esferas civil, eleitoral e criminal. As den\u00fancias foram feitas junto ao Tribunal Regional Eleitoral de S\u00e3o Paulo (TRE-SP) e a 23\u00aa Vara C\u00edvel do Foro Central.\n<\/p>\n<p>\u2013 A democracia brasileira n\u00e3o pode tolerar esse tipo de procedimento imoral e ilegal que \u00e9 a ind\u00fastria das fake news \u2013 diz Francisco Almeida Prado Filho, advogado da campanha do candidato do PSOL.<\/p>\n<p>\u2013 Estamos monitorando diuturnamente as fake news que est\u00e3o sendo criadas pelas redes dos candidatos bolsonaristas e vamos seguir trabalhando com firmeza para coibir sua circula\u00e7\u00e3o \u2013 afirma.\n<\/p>\n<p>Os perfis processados atendem pelos seguintes nomes: @menttemillion\u00e1ria, @codigosmillion, @MOTIVACIONAL_FRASES15, @cortespabloomarcal, @MENTORIAPREMIUM, @codigosdopablo, @cortes_milionarioss1, @clubeedomilhao, @PABLOMARCALCORTEZ e Jocelei (Identidade de Sucesso).\n<\/p>\n<p>A partir das representa\u00e7\u00f5es da campanha, o Minist\u00e9rio P\u00fablico determinou a instaura\u00e7\u00e3o de inqu\u00e9rito policial para investigar a rede. Os documentos apontam acusa\u00e7\u00f5es de danos morais por discurso calunioso e difamat\u00f3rio e abuso de poder econ\u00f4mico.\n<\/p>\n<p>At\u00e9 o momento, o empres\u00e1rio j\u00e1 foi obrigado pela Justi\u00e7a Eleitoral a veicular sete direitos de resposta concedidos a Boulos.\n<\/p>\n<p>*AE\n<\/p>\n<p>Fonte: Pleno News <\/p>\n<\/div>\n<p><br \/>\n<br \/><a href=\"https:\/\/diariodobrasilnoticias.com.br\/noticia\/boulos-lanca-ofensiva-judicial-contra-perfis-de-cortes-de-marcal-66ed8e24a9194\">Source link <\/a><\/p>","protected":false},"excerpt":{"rendered":"<p>A campanha do candidato \u00e0 Prefeitura de S\u00e3o Paulo Guilherme Boulos (PSOL) acionou 10 perfis produtores e divulgadores dos chamados \u201ccortes\u201d do candidato Pablo Mar\u00e7al (PRTB) na Justi\u00e7a individualmente, nas&hellip;<\/p>","protected":false},"author":1,"featured_media":39749,"comment_status":"closed","ping_status":"open","sticky":false,"template":"","format":"standard","meta":{"content-type":"","footnotes":""},"categories":[16],"tags":[123,2448,5313,1267],"class_list":["post-39748","post","type-post","status-publish","format-standard","has-post-thumbnail","hentry","category-noticias","tag-brasil","tag-diario","tag-noticia","tag-noticias"],"_links":{"self":[{"href":"https:\/\/tvbrazilusa.com\/pt\/wp-json\/wp\/v2\/posts\/39748","targetHints":{"allow":["GET"]}}],"collection":[{"href":"https:\/\/tvbrazilusa.com\/pt\/wp-json\/wp\/v2\/posts"}],"about":[{"href":"https:\/\/tvbrazilusa.com\/pt\/wp-json\/wp\/v2\/types\/post"}],"author":[{"embeddable":true,"href":"https:\/\/tvbrazilusa.com\/pt\/wp-json\/wp\/v2\/users\/1"}],"replies":[{"embeddable":true,"href":"https:\/\/tvbrazilusa.com\/pt\/wp-json\/wp\/v2\/comments?post=39748"}],"version-history":[{"count":1,"href":"https:\/\/tvbrazilusa.com\/pt\/wp-json\/wp\/v2\/posts\/39748\/revisions"}],"predecessor-version":[{"id":39750,"href":"https:\/\/tvbrazilusa.com\/pt\/wp-json\/wp\/v2\/posts\/39748\/revisions\/39750"}],"wp:featuredmedia":[{"embeddable":true,"href":"https:\/\/tvbrazilusa.com\/pt\/wp-json\/wp\/v2\/media\/39749"}],"wp:attachment":[{"href":"https:\/\/tvbrazilusa.com\/pt\/wp-json\/wp\/v2\/media?parent=39748"}],"wp:term":[{"taxonomy":"category","embeddable":true,"href":"https:\/\/tvbrazilusa.com\/pt\/wp-json\/wp\/v2\/categories?post=39748"},{"taxonomy":"post_tag","embeddable":true,"href":"https:\/\/tvbrazilusa.com\/pt\/wp-json\/wp\/v2\/tags?post=39748"}],"curies":[{"name":"wp","href":"https:\/\/api.w.org\/{rel}","templated":true}]}}