{"id":39759,"date":"2024-09-20T17:53:41","date_gmt":"2024-09-20T17:53:41","guid":{"rendered":"https:\/\/tvbrazilusa.com\/2024\/09\/20\/joel-embiid-assina-uma-extensao-de-contrato-de-3-anos-e-us-193-milhoes-com-o-philadelphia-76ers-dizem-fontes-da-ap\/"},"modified":"2024-09-20T18:06:53","modified_gmt":"2024-09-20T18:06:53","slug":"joel-embiid-assina-uma-extensao-de-contrato-de-3-anos-e-us-193-milhoes-com-o-philadelphia-76ers-dizem-fontes-da-ap","status":"publish","type":"post","link":"https:\/\/tvbrazilusa.com\/pt\/2024\/09\/20\/joel-embiid-assina-uma-extensao-de-contrato-de-3-anos-e-us-193-milhoes-com-o-philadelphia-76ers-dizem-fontes-da-ap\/","title":{"rendered":"Joel Embiid assina uma extens\u00e3o de contrato de 3 anos e US$ 193 milh\u00f5es com o Philadelphia 76ers, dizem fontes da AP"},"content":{"rendered":"<p> <script async src=\"https:\/\/pagead2.googlesyndication.com\/pagead\/js\/adsbygoogle.js?client=ca-pub-8864793242727901\"\r\n     crossorigin=\"anonymous\"><\/script><br \/>\n<\/p>\n<div id=\"\">\n<header class=\"m-article-header m-article-header--standard\">\n\t\t\t\t\t\t\t\t\t\t\t\t<span id=\"article-header-primary-term\"><br \/>\n\t\t\t\t\t\t\t\t<a class=\"a-term a-term--primary\" href=\"https:\/\/www.boston.com\/tag\/nba\/\"><\/p>\n<p>\t\t\t\t\t\t\t\tNBA\t\t\t\t\t\t\t\t<\/a><br \/>\n\t\t\t\t\t\t\t<\/span><\/p>\n<h2 class=\"m-article-header__sub-headline\">\u201cVoc\u00eas merecem um campeonato e acho que estamos apenas come\u00e7ando.\u201d<\/h2>\n<figure class=\"a-photo m-article-header__photo\"><figcaption class=\"a-photo__caption\">\n<p>\tJoel Embiid, do 76ers, acena para os f\u00e3s do Bulls ap\u00f3s acertar uma cesta de tr\u00eas pontos em um jogo contra o Bulls.<em> Foto AP \/ Charles Rex Arbogast, Arquivo<\/em>\t<\/figcaption><\/figure>\n<div class=\"m-article-header__meta\">\n<div class=\"m-article-header__byline\">\n<p class=\"m-article-header__author\">\n<p>\t\t\t\t\t\t\t\tPor Associated Press\t\t\t\t\t\t\t<\/p>\n<p>\t\t\t\t\t\t    \t\t\t\t\t\t\t<time class=\"m-article-header__date\"><\/p>\n<p>        \t\t\t\t\t\t\t20 de setembro de 2024 | 13h53    \t\t\t\t\t\t\t<\/time><\/p><\/div>\n<\/p><\/div>\n<\/header>\n<p>FILAD\u00c9LFIA (AP) \u2014 J\u00e1 \u00e9 uma <a href=\"https:\/\/apnews.com\/article\/nba-mvp-joel-embiid-76ers-jokic-giannis-a216b687de694125309fb9eed1ad5031\">MVP da NBA<\/a> e um <a href=\"https:\/\/apnews.com\/article\/2024-olympics-joel-embiid-basketball-4e75e0b08e44ac20310e1e78a47c1114\">Medalhista de ouro ol\u00edmpico<\/a>O piv\u00f4 All-Star Joel Embiid agora tem at\u00e9 o final da d\u00e9cada para tentar vencer seu primeiro <a href=\"https:\/\/www.boston.com\/tag\/nba\/\">NBA<\/a> campeonato com o Philadelphia 76ers.<\/p>\n<p>Com outro contrato m\u00e1ximo garantido, Embiid quer perseguir o t\u00edtulo na Filad\u00e9lfia \u2014 e permanecer no Sixer pelo resto de sua carreira.<\/p>\n<p>\u201cFilad\u00e9lfia \u00e9 o lar\u201d, escreveu Embiid no Instagram.<\/p>\n<p>Sete vezes NBA All-Star, Embiid e os 76ers concordaram com uma extens\u00e3o de US$ 193 milh\u00f5es com uma op\u00e7\u00e3o de jogador para a temporada 2028-29, disse uma pessoa familiarizada com o acordo. A pessoa falou com a The Associated Press sob condi\u00e7\u00e3o de anonimato porque os termos ainda n\u00e3o foram anunciados.<\/p>\n<p>Embiid, de 30 anos, que se formou em uma escola secund\u00e1ria na Fl\u00f3rida e jogou uma temporada na faculdade em Kansas, deu a sua pr\u00f3pria not\u00edcia na manh\u00e3 de sexta-feira quando <a href=\"https:\/\/www.instagram.com\/joelembiid\/p\/DAI11U4RBuD\/?hl=en&#038;img_index=1\" target=\"_blank\" rel=\"noreferrer noopener\">postou uma foto no Instagram<\/a> dele assinando um contrato com o dono da equipe, Josh Harris.<\/p>\n<p>\u201cQuero ficar aqui o resto da minha carreira. Amo esta comunidade e tudo o que voc\u00eas deram a mim e \u00e0 minha fam\u00edlia\u201d, escreveu Embiid. \u201cH\u00e1 muito mais trabalho a fazer. Voc\u00eas merecem um campeonato e acho que estamos apenas come\u00e7ando.\u201d<a\/><\/p>\n<p>Embiid, que deixou cair um <a href=\"https:\/\/apnews.com\/article\/76ers-spurs-score-embiid-70-points-84f40e580cbc723134628035f3893fab\">recorde de franquia 70 pontos<\/a> na temporada passada contra o San Antonio, assinou com a conhecida hashtag do 76ers, \u201c#trusttheprocess\u201d.<\/p>\n<p>Embiid \u2014 ainda no segundo ano de uma extens\u00e3o de US$ 196 milh\u00f5es que assinou antes da temporada de 2021 \u2014 tornou-se o <a href=\"https:\/\/apnews.com\/article\/philadelphia-76ers-maxey-george-045816251ab36c6ac2d8fefc9f8b7cee\">terceira pedra angular<\/a> jogador nesta offseason para assinar um contrato enorme com os 76ers. O time n\u00e3o ganha um t\u00edtulo da NBA desde 1983.<\/p>\n<p>Os 76ers atra\u00edram Paul George para deixar o Los Angeles Clippers e assinar um contrato de quatro anos e US$ 212 milh\u00f5es. A NBA <a href=\"https:\/\/apnews.com\/article\/nba-most-improved-player-maxey-054d77eac9c2a3759ff092560d3bb81c\">Jogador que mais evoluiu<\/a> na temporada passada, Tyrese Maxey, foi recompensado com uma extens\u00e3o de cinco anos e US$ 204 milh\u00f5es. Os 76ers se comprometeram <a href=\"https:\/\/apnews.com\/article\/76ers-nba-paul-george-free-agency-e2f1aaa1f92a6676a80eddcc74bc17de\">mais de US$ 400 milh\u00f5es em sal\u00e1rios<\/a> para dois jogadores que eles acreditam que os colocam como os principais candidatos a destronar o campe\u00e3o da NBA, o Boston Celtics.<\/p>\n<p>George e Maxey parabenizaram Embiid pela extens\u00e3o no Instagram.<\/p>\n<p>Adicione o acordo de Embiid e os Sixers est\u00e3o contando com um Big Three que pode competir pela vida de seus contratos. Embiid, no entanto, tem um hist\u00f3rico de les\u00f5es e ainda n\u00e3o levou a franquia para fora da segunda rodada dos playoffs da Confer\u00eancia Leste. Embiid nunca jogou mais de 68 jogos em uma temporada e teve uma m\u00e9dia de 34,7 pontos em apenas 39 jogos na temporada passada.<\/p>\n<p>Originalmente selecionado pelos 76ers com a terceira escolha geral no draft da NBA de 2014, Embiid foi nomeado MVP da NBA na temporada 2022-23 e ganhou uma medalha de ouro com a equipe dos EUA nas Olimp\u00edadas de Paris deste ano.<\/p>\n<p>Ele tem cinco honrarias no All-NBA Team, sete sele\u00e7\u00f5es consecutivas para o All-Star de 2017 a 2024, tr\u00eas indica\u00e7\u00f5es para o All-Defensive Team e foi duas vezes o campe\u00e3o de pontua\u00e7\u00e3o da NBA.<\/p>\n<p>\u201cJoel se consolidou como um dos maiores Sixers de todos os tempos e est\u00e1 a caminho de se tornar um dos melhores jogadores de todos os tempos. Estamos em \u00eaxtase que esta extens\u00e3o o mantenha e sua fam\u00edlia na Filad\u00e9lfia pelos pr\u00f3ximos anos\u201d, disse Harris. \u201cJoel \u00e9 um \u00f3timo homem de fam\u00edlia, l\u00edder e pessoa. Ele \u00e9 um jogador de elite bidirecional com uma combina\u00e7\u00e3o de tamanho, for\u00e7a e capacidade atl\u00e9tica que esta liga raramente \u2013 ou nunca \u2013 viu. Ele \u00e9 essencial para a busca desta franquia por outro campeonato da NBA, e estamos honrados que ele continue a escolher esta organiza\u00e7\u00e3o como seu lar na NBA.\u201d<\/p>\n<p>Em 433 jogos (todos como titular) com a franquia, Embiid teve uma m\u00e9dia de 27,9 pontos com 50,4% de aproveitamento nos arremessos, 11,2 rebotes, 3,6 assist\u00eancias e 1,7 bloqueios em 31,9 minutos por disputa. Ele est\u00e1 em primeiro lugar na hist\u00f3ria da franquia em m\u00e9dia de pontua\u00e7\u00e3o (27,9 pontos por jogo), em quinto em bloqueios (720), empatado em sexto em triplos-duplos (sete) e em s\u00e9timo em pontos totais marcados (12.071). Embiid tamb\u00e9m est\u00e1 em terceiro lugar na lista da franquia com oito jogos de 50 pontos.<\/p>\n<p>\u201cEu n\u00e3o tinha ideia quando fui convocado como um garoto de 20 anos de Camar\u00f5es, o qu\u00e3o sortudo eu era de estar na Filad\u00e9lfia\u201d, disse Embiid em uma declara\u00e7\u00e3o da equipe. \u201cAtrav\u00e9s de todos os altos e baixos, esta cidade e os f\u00e3s foram tudo, e sou muito grato por como eles me acolheram.\u201d<\/p>\n<p>Jogador de futebol juvenil, Embiid s\u00f3 pegou numa bola de basquete quando era adolescente na \u00c1frica, quando um amigo lhe informou que pouqu\u00edssimas crian\u00e7as de 2,13 m tinham sucesso no futebol.<\/p>\n<p>Poucos meses depois, Embiid foi atra\u00eddo para um acampamento de basquete na capital Yaounde, administrado pelo veterano da NBA Luc Mbah a Moute, um dos dois \u00fanicos jogadores de Camar\u00f5es a ter jogado na NBA. Mbah a Moute convenceu os pais de Embiid a deix\u00e1-lo se mudar 6.000 milhas para a Fl\u00f3rida e ajudou a matricul\u00e1-lo na Montverde Academy, um dos melhores programas de ensino m\u00e9dio do pa\u00eds. Ele jogou apenas 28 jogos em sua \u00fanica temporada no Kansas antes de partir para a NBA.<\/p>\n<p>Embiid perdeu suas duas primeiras temporadas completas devido a les\u00f5es antes de se estabelecer como um dos <a href=\"https:\/\/x.com\/statmuse\/status\/1836083946867597713\" target=\"_blank\" rel=\"noreferrer noopener\">homens grandes de topo<\/a> \u2014 e os jogadores mais ricos \u2014 de sua gera\u00e7\u00e3o.<\/p>\n<div class=\"m-block m-generic-cta\t m-generic-cta--post-content\t m-generic-cta--dark\t m-generic-cta--homepage\t m-generic-cta--email-signup\t\t m-generic-cta-block-style--default \tt-amp__generic-cta\"><\/p>\n<div class=\"m-generic-cta__wrap\">\n<div class=\"m-generic-cta__content\">\n<h3 class=\"m-generic-cta__title\">Receba as \u00faltimas not\u00edcias esportivas de Boston<\/h3>\n<p class=\"m-generic-cta__subtitle\">Receba atualiza\u00e7\u00f5es sobre seus times favoritos de Boston, diretamente da nossa reda\u00e7\u00e3o para sua caixa de entrada.<\/p>\n<\/p><\/div>\n<\/p><\/div>\n<\/div><\/div>\n<p><script>\n\t\tvar consent=\"grant\";\n\t\t\/* The above code is parsing the JSON data from the local storage and storing it in a variable. *\/\n\t\t\t\t\tconst onetrustStorageConsent = JSON.parse(localStorage.getItem( 'consent_one_trust_bdc' ) );\n\t\t\tif ( ( onetrustStorageConsent !== null ) ) {\n\t\t\t\t\/* Checking to see if the user has consented to the use of cookies.\n\t\t\t\t* If they have not, it is deleting the cookie.\n\t\t\t\t* This will comment for now, until further notice.\n\t\t\t\t*\/\n\t\t\t\t\/\/if ( onetrustStorageConsent.C0002 === false ) {\n\t\t\t\t\/\/\tdocument.cookie=\"_fbp=;expires=Thu, 01 Jan 2010 00:00:00 UTC; path=\/; domain=.boston.com\";\n\t\t\t\t\/\/}\n\t\t\t\t\/* Checking if the user has given consent for the cookie C0002.\n\t\t\t\t* If the user has given consent, the variable consent will be set to 'grant'.\n\t\t\t\t* If the user has not given consent,the variable consent will be set to 'revoke'.\n\t\t\t\t* Documentation https:\/\/developers.facebook.com\/docs\/meta-pixel\/implementation\/gdpr\n\t\t\t\t*\/\n\t\t\t\tif ( onetrustStorageConsent.C0002 !== true ) {\n\t\t\t\t\tconsent=\"revoke\";\n\t\t\t\t}\n\t\t\t}\n\t\t\t\t!function(f,b,e,v,n,t,s)\n\t\t{if(f.fbq)return;n=f.fbq=function(){n.callMethod?\n\t\tn.callMethod.apply(n,arguments):n.queue.push(arguments)};\n\t\tif(!f._fbq)f._fbq=n;n.push=n;n.loaded=!0;n.version='2.0';\n\t\tn.queue=[];t=b.createElement(e);t.async=!0;\n\t\tt.src=v;s=b.getElementsByTagName(e)[0];\n\t\ts.parentNode.insertBefore(t,s)}(window, document,'script',\n\t\t'https:\/\/connect.facebook.net\/en_US\/fbevents.js');\n\t\tfbq('consent', consent);\n\t\tfbq('init', '989222871864976');\n\t\tfbq('track', 'PageView');\n\t<\/script><script type=\"module\">\n\t\tvar consent=\"grant\";\n\t\t\/* The above code is parsing the JSON data from the local storage and storing it in a variable. *\/\n\t\t\tconst onetrustStorageConsent = JSON.parse(localStorage.getItem( 'consent_one_trust_bdc' ) );\n\t\t\t\/* Checking to see if the user has consented to the use of cookies.\n\t\t\t* If they have not, it is deleting the cookie.\n\t\t\t* This will comment for now, until further notice.\n\t\t\t*\/\n\t\t\t\/\/if ( onetrustStorageConsent.C0002 === false ) {\n\t\t\t\/\/\tdocument.cookie=\"_fbp=;expires=Thu, 01 Jan 2010 00:00:00 UTC; path=\/; domain=.boston.com\";\n\t\t\t\/\/}\n\t\t\t\/* Checking if the user has given consent for the cookie C0002.\n\t\t\t* If the user has given consent, the variable consent will be set to 'grant'.\n\t\t\t* If the user has not given consent,the variable consent will be set to 'revoke'.\n\t\t\t* Documentation https:\/\/developers.facebook.com\/docs\/meta-pixel\/implementation\/gdpr\n\t\t\t*\/\n\t\t\tif ( ( onetrustStorageConsent !== null ) && (onetrustStorageConsent.C0002 !== true ) ) {\n\t\t\t\tconsent=\"revoke\";\n\t\t\t}\n\t\t\t\t!function(f,b,e,v,n,t,s){if(f.fbq)return;n=f.fbq=function()\n\t\t{n.callMethod? n.callMethod.apply(n,arguments):n.queue.push(arguments)}\n\t\t;if(!f._fbq)f._fbq=n;\n\t\tn.push=n;n.loaded=!0;n.version='2.0';n.queue=[];t=b.createElement(e);t.async=!0;\n\t\tt.src=v;s=b.getElementsByTagName(e)[0];s.parentNode.insertBefore(t,s)}(window,\n\t\tdocument,'script','https:\/\/connect.facebook.net\/en_US\/fbevents.js');\n\t\tfbq('consent', consent);\n\t\tfbq('init', '813236348753005');\n\t\tfbq('track', \"PageView\");\n\t<\/script><script async src=\"\/\/www.instagram.com\/embed.js\"><\/script><br \/>\n<br \/><br \/>\n<br \/><a href=\"https:\/\/www.boston.com\/sports\/nba\/2024\/09\/20\/joel-embiid-contract-extension-philadelphia-76ers-nba-sports-news\/\">Source link <\/a><\/p>","protected":false},"excerpt":{"rendered":"<p>NBA \u201cVoc\u00eas merecem um campeonato e acho que estamos apenas come\u00e7ando.\u201d Joel Embiid, do 76ers, acena para os f\u00e3s do Bulls ap\u00f3s acertar uma cesta de tr\u00eas pontos em um&hellip;<\/p>","protected":false},"author":1,"featured_media":39760,"comment_status":"closed","ping_status":"open","sticky":false,"template":"","format":"standard","meta":{"content-type":"","footnotes":""},"categories":[1],"tags":[],"class_list":["post-39759","post","type-post","status-publish","format-standard","has-post-thumbnail","hentry","category-uncategorized"],"_links":{"self":[{"href":"https:\/\/tvbrazilusa.com\/pt\/wp-json\/wp\/v2\/posts\/39759","targetHints":{"allow":["GET"]}}],"collection":[{"href":"https:\/\/tvbrazilusa.com\/pt\/wp-json\/wp\/v2\/posts"}],"about":[{"href":"https:\/\/tvbrazilusa.com\/pt\/wp-json\/wp\/v2\/types\/post"}],"author":[{"embeddable":true,"href":"https:\/\/tvbrazilusa.com\/pt\/wp-json\/wp\/v2\/users\/1"}],"replies":[{"embeddable":true,"href":"https:\/\/tvbrazilusa.com\/pt\/wp-json\/wp\/v2\/comments?post=39759"}],"version-history":[{"count":1,"href":"https:\/\/tvbrazilusa.com\/pt\/wp-json\/wp\/v2\/posts\/39759\/revisions"}],"predecessor-version":[{"id":39761,"href":"https:\/\/tvbrazilusa.com\/pt\/wp-json\/wp\/v2\/posts\/39759\/revisions\/39761"}],"wp:featuredmedia":[{"embeddable":true,"href":"https:\/\/tvbrazilusa.com\/pt\/wp-json\/wp\/v2\/media\/39760"}],"wp:attachment":[{"href":"https:\/\/tvbrazilusa.com\/pt\/wp-json\/wp\/v2\/media?parent=39759"}],"wp:term":[{"taxonomy":"category","embeddable":true,"href":"https:\/\/tvbrazilusa.com\/pt\/wp-json\/wp\/v2\/categories?post=39759"},{"taxonomy":"post_tag","embeddable":true,"href":"https:\/\/tvbrazilusa.com\/pt\/wp-json\/wp\/v2\/tags?post=39759"}],"curies":[{"name":"wp","href":"https:\/\/api.w.org\/{rel}","templated":true}]}}