{"id":39768,"date":"2024-09-20T18:33:04","date_gmt":"2024-09-20T18:33:04","guid":{"rendered":"https:\/\/tvbrazilusa.com\/2024\/09\/20\/stf-julga-se-termo-mae-infringe-os-direitos-das-pessoas-trans\/"},"modified":"2024-09-20T18:33:05","modified_gmt":"2024-09-20T18:33:05","slug":"stf-julga-se-termo-mae-infringe-os-direitos-das-pessoas-trans","status":"publish","type":"post","link":"https:\/\/tvbrazilusa.com\/pt\/2024\/09\/20\/stf-julga-se-termo-mae-infringe-os-direitos-das-pessoas-trans\/","title":{"rendered":"STF julga se termo &#8216;m\u00e3e&#8217; infringe os direitos das pessoas trans"},"content":{"rendered":"<p> <script async src=\"https:\/\/pagead2.googlesyndication.com\/pagead\/js\/adsbygoogle.js?client=ca-pub-8864793242727901\"\r\n     crossorigin=\"anonymous\"><\/script><br \/>\n<\/p>\n<div id=\"taboola-read-more\" style=\"display:block; width:100%\">\n<p>Nesta quarta-feira (18), os ministros do Supremo Tribunal Federal (STF) discutiram, em sess\u00e3o plen\u00e1ria, quais termos devem constar na Declara\u00e7\u00e3o de Nascido Vivo (DNV) do Sistema \u00danico de Sa\u00fade (SUS). O debate girou em torno do uso das categorias \u201cm\u00e3e\u201d e \u201cpai\u201d, que excluem homens trans (mulheres biol\u00f3gicas) que podem gestar.\n<\/p>\n<p>O julgamento retomou a an\u00e1lise de uma Argui\u00e7\u00e3o de Descumprimento de Preceito Fundamental (ADPF 787) movida pelo Partido dos Trabalhadores (PT) j\u00e1 julgada no plen\u00e1rio virtual. Naquela ocasi\u00e3o, foi determinado que o Minist\u00e9rio da Sa\u00fade adotasse medidas para garantir o acesso de pessoas trans \u00e0s pol\u00edticas p\u00fablicas de sa\u00fade, independentemente do sexo biol\u00f3gico. Contudo, o uso dos termos \u201cm\u00e3e\u201d e \u201cpai\u201d na DNV ainda n\u00e3o havia sido decidido.<\/p>\n<p>O ministro Gilmar Mendes havia votado pela perda do objeto do segundo pedido, ap\u00f3s a substitui\u00e7\u00e3o dos termos \u201cm\u00e3e\u201d e \u201cpai\u201d por \u201cparturiente\u201d e \u201crespons\u00e1vel legal\u201d nas DNVs. Por\u00e9m, o ministro Edson Fachin argumentou que a quest\u00e3o deveria ser analisada, pois a altera\u00e7\u00e3o foi administrativa e pode ser revertida em gest\u00f5es futuras.\n<\/p>\n<p>Os ministros Andr\u00e9 Mendon\u00e7a, Nunes Marques, Alexandre de Moraes e Fl\u00e1vio Dino defenderam que os termos \u201cm\u00e3e\u201d e \u201cpai\u201d tamb\u00e9m sejam inclu\u00eddos. Mendon\u00e7a sugeriu que ambos apare\u00e7am ao lado de \u201cparturiente\u201d para atender a diferentes convic\u00e7\u00f5es pessoais. Nunes Marques afirmou que a sociedade deve poder escolher a designa\u00e7\u00e3o que melhor reflete suas convic\u00e7\u00f5es.\n<\/p>\n<p>Por outro lado, Fachin defendeu o uso do termo \u201cparturiente\u201d como uma forma inclusiva de contemplar tanto mulheres quanto homens trans. Ele prop\u00f4s o uso dos termos \u201cgenitora\u201d e \u201cgenitor\u201d como alternativa.\n<\/p>\n<p>O julgamento foi novamente suspenso, ap\u00f3s pedido do relator, ministro Gilmar Mendes. Quando retornar para o plen\u00e1rio, os ministros devem decidir se os termos \u201cparturiente\/m\u00e3e\u201d e \u201crespons\u00e1vel legal\/pai\u201d ser\u00e3o mantidos ou modificados.\n<\/p>\n<p>Fonte: Pleno News <\/p>\n<\/div>\n<p><br \/>\n<br \/><a href=\"https:\/\/diariodobrasilnoticias.com.br\/noticia\/stf-julga-se-termo-mae-infringe-os-direitos-das-pessoas-trans-66edac9d31b61\">Source link <\/a><\/p>","protected":false},"excerpt":{"rendered":"<p>Nesta quarta-feira (18), os ministros do Supremo Tribunal Federal (STF) discutiram, em sess\u00e3o plen\u00e1ria, quais termos devem constar na Declara\u00e7\u00e3o de Nascido Vivo (DNV) do Sistema \u00danico de Sa\u00fade (SUS).&hellip;<\/p>","protected":false},"author":1,"featured_media":39769,"comment_status":"closed","ping_status":"open","sticky":false,"template":"","format":"standard","meta":{"content-type":"","footnotes":""},"categories":[16],"tags":[123,2448,5313,1267],"class_list":["post-39768","post","type-post","status-publish","format-standard","has-post-thumbnail","hentry","category-noticias","tag-brasil","tag-diario","tag-noticia","tag-noticias"],"_links":{"self":[{"href":"https:\/\/tvbrazilusa.com\/pt\/wp-json\/wp\/v2\/posts\/39768","targetHints":{"allow":["GET"]}}],"collection":[{"href":"https:\/\/tvbrazilusa.com\/pt\/wp-json\/wp\/v2\/posts"}],"about":[{"href":"https:\/\/tvbrazilusa.com\/pt\/wp-json\/wp\/v2\/types\/post"}],"author":[{"embeddable":true,"href":"https:\/\/tvbrazilusa.com\/pt\/wp-json\/wp\/v2\/users\/1"}],"replies":[{"embeddable":true,"href":"https:\/\/tvbrazilusa.com\/pt\/wp-json\/wp\/v2\/comments?post=39768"}],"version-history":[{"count":1,"href":"https:\/\/tvbrazilusa.com\/pt\/wp-json\/wp\/v2\/posts\/39768\/revisions"}],"predecessor-version":[{"id":39770,"href":"https:\/\/tvbrazilusa.com\/pt\/wp-json\/wp\/v2\/posts\/39768\/revisions\/39770"}],"wp:featuredmedia":[{"embeddable":true,"href":"https:\/\/tvbrazilusa.com\/pt\/wp-json\/wp\/v2\/media\/39769"}],"wp:attachment":[{"href":"https:\/\/tvbrazilusa.com\/pt\/wp-json\/wp\/v2\/media?parent=39768"}],"wp:term":[{"taxonomy":"category","embeddable":true,"href":"https:\/\/tvbrazilusa.com\/pt\/wp-json\/wp\/v2\/categories?post=39768"},{"taxonomy":"post_tag","embeddable":true,"href":"https:\/\/tvbrazilusa.com\/pt\/wp-json\/wp\/v2\/tags?post=39768"}],"curies":[{"name":"wp","href":"https:\/\/api.w.org\/{rel}","templated":true}]}}