{"id":39780,"date":"2024-09-20T19:03:56","date_gmt":"2024-09-20T19:03:56","guid":{"rendered":"https:\/\/tvbrazilusa.com\/2024\/09\/20\/um-urso-polar-raro-apareceu-nas-costas-da-islandia-a-policia-atirou-nele\/"},"modified":"2024-09-20T19:06:58","modified_gmt":"2024-09-20T19:06:58","slug":"um-urso-polar-raro-apareceu-nas-costas-da-islandia-a-policia-atirou-nele","status":"publish","type":"post","link":"https:\/\/tvbrazilusa.com\/pt\/2024\/09\/20\/um-urso-polar-raro-apareceu-nas-costas-da-islandia-a-policia-atirou-nele\/","title":{"rendered":"Um urso polar raro apareceu nas costas da Isl\u00e2ndia. A pol\u00edcia atirou nele."},"content":{"rendered":"<p> <script async src=\"https:\/\/pagead2.googlesyndication.com\/pagead\/js\/adsbygoogle.js?client=ca-pub-8864793242727901\"\r\n     crossorigin=\"anonymous\"><\/script><br \/>\n<\/p>\n<div id=\"\">\n<header class=\"m-article-header m-article-header--standard\">\n\t\t\t\t\t\t\t\t\t\t\t\t<span id=\"article-header-primary-term\"><br \/>\n\t\t\t\t\t\t\t\t<a class=\"a-term a-term--primary\" href=\"https:\/\/www.boston.com\/tag\/world-news\/\"><\/p>\n<p>\t\t\t\t\t\t\t\tNot\u00edcias do mundo\t\t\t\t\t\t\t\t<\/a><br \/>\n\t\t\t\t\t\t\t<\/span><\/p>\n<h2 class=\"m-article-header__sub-headline\">Embora ataques de ursos polares a humanos sejam extremamente raros, um estudo publicado no Wildlife Society Bulletin em 2017 disse que a perda de gelo marinho devido ao aquecimento global levou mais ursos famintos a pousar.<\/h2>\n<figure class=\"a-photo m-article-header__photo\"><figcaption class=\"a-photo__caption\">\n<p>\tEsta foto de distribui\u00e7\u00e3o mostra um urso polar que foi baleado pela pol\u00edcia ap\u00f3s ser considerado uma amea\u00e7a \u00e0s pessoas pr\u00f3ximas, disseram as autoridades, em Westfjords, Isl\u00e2ndia, quinta-feira, 19 de setembro de 2024.<em> Ingvar Jakobsson via AP<\/em>\t<\/figcaption><\/figure>\n<div class=\"m-article-header__meta\">\n<div class=\"m-article-header__byline\">\n<p class=\"m-article-header__author\">\n<p>\t\t\t\t\t\t\t\tPor BRIAN MELLEY, Associated Press\t\t\t\t\t\t\t<\/p>\n<p>\t\t\t\t\t\t    \t\t\t\t\t\t\t<time class=\"m-article-header__date\"><\/p>\n<p>        \t\t\t\t\t\t\t20 de setembro de 2024 | 15h03    \t\t\t\t\t\t\t<\/time><\/p><\/div>\n<\/p><\/div>\n<\/header>\n<p>LONDRES (AP) \u2014 Um urso polar raro que foi visto do lado de fora de uma casa de campo em uma vila remota na Isl\u00e2ndia foi baleado pela pol\u00edcia ap\u00f3s ser considerado uma amea\u00e7a, disseram autoridades na sexta-feira.<\/p>\n<p>O urso foi morto na tarde de quinta-feira no noroeste da Isl\u00e2ndia depois que a pol\u00edcia consultou a Ag\u00eancia Ambiental, que se recusou a realocar o animal, disse o chefe de pol\u00edcia de Westfjords, Helgi Jensson, \u00e0 Associated Press.<\/p>\n<p>\u201cN\u00e3o \u00e9 algo que gostamos de fazer\u201d, disse Jensson. \u201cNeste caso, como voc\u00ea pode ver na foto, o urso estava muito perto de uma casa de veraneio. Havia uma velha l\u00e1.\u201d<\/p>\n<p>A dona, que estava sozinha, ficou assustada e se trancou no andar de cima enquanto o urso vasculhava seu lixo, disse Jensson. Ela contatou sua filha em Reykjavik, a capital do pa\u00eds, por link de sat\u00e9lite, e pediu ajuda.<\/p>\n<p>\u201cEla ficou l\u00e1\u201d, disse Jensson, acrescentando que outros moradores de ver\u00e3o na \u00e1rea tinham ido para casa. \u201cEla sabia do perigo.\u201d<\/p>\n<p>Ursos polares n\u00e3o s\u00e3o nativos da Isl\u00e2ndia, mas ocasionalmente v\u00eam \u00e0 costa ap\u00f3s viajar em blocos de gelo da Groenl\u00e2ndia, de acordo com Anna Sveinsd\u00f3ttir, diretora de cole\u00e7\u00f5es cient\u00edficas do Instituto Island\u00eas de Hist\u00f3ria Natural. Muitos icebergs foram avistados na costa norte nas \u00faltimas semanas.<\/p>\n<p>Embora ataques de ursos polares a humanos sejam extremamente raros, um estudo publicado no Wildlife Society Bulletin em 2017 disse que a perda de gelo marinho devido ao aquecimento global levou mais ursos famintos a pousar, colocando-os em maior risco de conflitos com humanos e gerando um risco maior para ambos.<\/p>\n<p>Dos 73 ataques documentados de ursos polares entre 1870 e 2014 no Canad\u00e1, Groenl\u00e2ndia, Noruega, R\u00fassia e Estados Unidos \u2014 que mataram 20 pessoas e feriram 63 \u2014 15 ocorreram nos \u00faltimos cinco anos desse per\u00edodo.<\/p>\n<p>O urso abatido na quinta-feira foi o primeiro visto no pa\u00eds desde 2016. Avistamentos s\u00e3o relativamente raros, com apenas 600 registrados na Isl\u00e2ndia desde o s\u00e9culo IX.<\/p>\n<p>Embora os ursos sejam uma esp\u00e9cie protegida na Isl\u00e2ndia e seja proibido mat\u00e1-los no mar, eles podem ser mortos se representarem uma amea\u00e7a aos humanos ou ao gado.<\/p>\n<p>Depois que dois ursos chegaram em 2008, um debate sobre matar as esp\u00e9cies amea\u00e7adas levou o ministro do meio ambiente a nomear uma for\u00e7a-tarefa para estudar a quest\u00e3o, disse o instituto. A for\u00e7a-tarefa concluiu que matar ursos vadios era a resposta mais apropriada.<\/p>\n<p>O grupo disse que as esp\u00e9cies n\u00e3o nativas representavam uma amea\u00e7a para pessoas e animais, e o custo de devolv\u00ea-las \u00e0 Groenl\u00e2ndia, a cerca de 300 quil\u00f4metros (180 milhas) de dist\u00e2ncia, era exorbitante. Tamb\u00e9m descobriu que havia uma popula\u00e7\u00e3o saud\u00e1vel de ursos no leste da Groenl\u00e2ndia, de onde qualquer urso provavelmente teria vindo.<\/p>\n<p>O urso jovem, que pesava entre 150 e 200 quilos (300 a 400 libras), ser\u00e1 levado ao instituto para estudo. Cientistas coletaram amostras do urso na sexta-feira.<\/p>\n<p>Eles verificar\u00e3o parasitas e infec\u00e7\u00f5es e avaliar\u00e3o sua condi\u00e7\u00e3o f\u00edsica, como a sa\u00fade de seus \u00f3rg\u00e3os e a porcentagem de gordura corporal, disse Sveinsd\u00f3ttir. A pele e o cr\u00e2nio podem ser preservados para a cole\u00e7\u00e3o do instituto.<\/p>\n<p>Um helic\u00f3ptero da Guarda Costeira inspecionou a \u00e1rea onde o urso foi encontrado para procurar outros, mas n\u00e3o encontrou nenhum, disse a pol\u00edcia.<\/p>\n<p>Depois que o urso baleado foi levado embora, a mulher que relatou o fato decidiu ficar mais tempo na aldeia, disse Jensson.<\/p>\n<\/p><\/div>\n<p><script>\n\t\tvar consent=\"grant\";\n\t\t\/* The above code is parsing the JSON data from the local storage and storing it in a variable. *\/\n\t\t\t\t\tconst onetrustStorageConsent = JSON.parse(localStorage.getItem( 'consent_one_trust_bdc' ) );\n\t\t\tif ( ( onetrustStorageConsent !== null ) ) {\n\t\t\t\t\/* Checking to see if the user has consented to the use of cookies.\n\t\t\t\t* If they have not, it is deleting the cookie.\n\t\t\t\t* This will comment for now, until further notice.\n\t\t\t\t*\/\n\t\t\t\t\/\/if ( onetrustStorageConsent.C0002 === false ) {\n\t\t\t\t\/\/\tdocument.cookie=\"_fbp=;expires=Thu, 01 Jan 2010 00:00:00 UTC; path=\/; domain=.boston.com\";\n\t\t\t\t\/\/}\n\t\t\t\t\/* Checking if the user has given consent for the cookie C0002.\n\t\t\t\t* If the user has given consent, the variable consent will be set to 'grant'.\n\t\t\t\t* If the user has not given consent,the variable consent will be set to 'revoke'.\n\t\t\t\t* Documentation https:\/\/developers.facebook.com\/docs\/meta-pixel\/implementation\/gdpr\n\t\t\t\t*\/\n\t\t\t\tif ( onetrustStorageConsent.C0002 !== true ) {\n\t\t\t\t\tconsent=\"revoke\";\n\t\t\t\t}\n\t\t\t}\n\t\t\t\t!function(f,b,e,v,n,t,s)\n\t\t{if(f.fbq)return;n=f.fbq=function(){n.callMethod?\n\t\tn.callMethod.apply(n,arguments):n.queue.push(arguments)};\n\t\tif(!f._fbq)f._fbq=n;n.push=n;n.loaded=!0;n.version='2.0';\n\t\tn.queue=[];t=b.createElement(e);t.async=!0;\n\t\tt.src=v;s=b.getElementsByTagName(e)[0];\n\t\ts.parentNode.insertBefore(t,s)}(window, document,'script',\n\t\t'https:\/\/connect.facebook.net\/en_US\/fbevents.js');\n\t\tfbq('consent', consent);\n\t\tfbq('init', '989222871864976');\n\t\tfbq('track', 'PageView');\n\t<\/script><script type=\"module\">\n\t\tvar consent=\"grant\";\n\t\t\/* The above code is parsing the JSON data from the local storage and storing it in a variable. *\/\n\t\t\tconst onetrustStorageConsent = JSON.parse(localStorage.getItem( 'consent_one_trust_bdc' ) );\n\t\t\t\/* Checking to see if the user has consented to the use of cookies.\n\t\t\t* If they have not, it is deleting the cookie.\n\t\t\t* This will comment for now, until further notice.\n\t\t\t*\/\n\t\t\t\/\/if ( onetrustStorageConsent.C0002 === false ) {\n\t\t\t\/\/\tdocument.cookie=\"_fbp=;expires=Thu, 01 Jan 2010 00:00:00 UTC; path=\/; domain=.boston.com\";\n\t\t\t\/\/}\n\t\t\t\/* Checking if the user has given consent for the cookie C0002.\n\t\t\t* If the user has given consent, the variable consent will be set to 'grant'.\n\t\t\t* If the user has not given consent,the variable consent will be set to 'revoke'.\n\t\t\t* Documentation https:\/\/developers.facebook.com\/docs\/meta-pixel\/implementation\/gdpr\n\t\t\t*\/\n\t\t\tif ( ( onetrustStorageConsent !== null ) && (onetrustStorageConsent.C0002 !== true ) ) {\n\t\t\t\tconsent=\"revoke\";\n\t\t\t}\n\t\t\t\t!function(f,b,e,v,n,t,s){if(f.fbq)return;n=f.fbq=function()\n\t\t{n.callMethod? n.callMethod.apply(n,arguments):n.queue.push(arguments)}\n\t\t;if(!f._fbq)f._fbq=n;\n\t\tn.push=n;n.loaded=!0;n.version='2.0';n.queue=[];t=b.createElement(e);t.async=!0;\n\t\tt.src=v;s=b.getElementsByTagName(e)[0];s.parentNode.insertBefore(t,s)}(window,\n\t\tdocument,'script','https:\/\/connect.facebook.net\/en_US\/fbevents.js');\n\t\tfbq('consent', consent);\n\t\tfbq('init', '813236348753005');\n\t\tfbq('track', \"PageView\");\n\t<\/script><br \/>\n<br \/><br \/>\n<br \/><a href=\"https:\/\/www.boston.com\/news\/world-news\/2024\/09\/20\/rare-polar-bear-showed-up-shores-iceland-police-shot-it\/\">Source link <\/a><\/p>","protected":false},"excerpt":{"rendered":"<p>Not\u00edcias do mundo Embora ataques de ursos polares a humanos sejam extremamente raros, um estudo publicado no Wildlife Society Bulletin em 2017 disse que a perda de gelo marinho devido&hellip;<\/p>","protected":false},"author":1,"featured_media":39781,"comment_status":"closed","ping_status":"open","sticky":false,"template":"","format":"standard","meta":{"content-type":"","footnotes":""},"categories":[1],"tags":[],"class_list":["post-39780","post","type-post","status-publish","format-standard","has-post-thumbnail","hentry","category-uncategorized"],"_links":{"self":[{"href":"https:\/\/tvbrazilusa.com\/pt\/wp-json\/wp\/v2\/posts\/39780","targetHints":{"allow":["GET"]}}],"collection":[{"href":"https:\/\/tvbrazilusa.com\/pt\/wp-json\/wp\/v2\/posts"}],"about":[{"href":"https:\/\/tvbrazilusa.com\/pt\/wp-json\/wp\/v2\/types\/post"}],"author":[{"embeddable":true,"href":"https:\/\/tvbrazilusa.com\/pt\/wp-json\/wp\/v2\/users\/1"}],"replies":[{"embeddable":true,"href":"https:\/\/tvbrazilusa.com\/pt\/wp-json\/wp\/v2\/comments?post=39780"}],"version-history":[{"count":1,"href":"https:\/\/tvbrazilusa.com\/pt\/wp-json\/wp\/v2\/posts\/39780\/revisions"}],"predecessor-version":[{"id":39782,"href":"https:\/\/tvbrazilusa.com\/pt\/wp-json\/wp\/v2\/posts\/39780\/revisions\/39782"}],"wp:featuredmedia":[{"embeddable":true,"href":"https:\/\/tvbrazilusa.com\/pt\/wp-json\/wp\/v2\/media\/39781"}],"wp:attachment":[{"href":"https:\/\/tvbrazilusa.com\/pt\/wp-json\/wp\/v2\/media?parent=39780"}],"wp:term":[{"taxonomy":"category","embeddable":true,"href":"https:\/\/tvbrazilusa.com\/pt\/wp-json\/wp\/v2\/categories?post=39780"},{"taxonomy":"post_tag","embeddable":true,"href":"https:\/\/tvbrazilusa.com\/pt\/wp-json\/wp\/v2\/tags?post=39780"}],"curies":[{"name":"wp","href":"https:\/\/api.w.org\/{rel}","templated":true}]}}