{"id":39789,"date":"2024-09-20T19:30:07","date_gmt":"2024-09-20T19:30:07","guid":{"rendered":"https:\/\/tvbrazilusa.com\/2024\/09\/20\/homem-que-matou-motorista-de-61-anos-durante-sequestro-de-carro-e-condenado-a-prisao\/"},"modified":"2024-09-20T19:32:16","modified_gmt":"2024-09-20T19:32:16","slug":"homem-que-matou-motorista-de-61-anos-durante-sequestro-de-carro-e-condenado-a-prisao","status":"publish","type":"post","link":"https:\/\/tvbrazilusa.com\/pt\/2024\/09\/20\/homem-que-matou-motorista-de-61-anos-durante-sequestro-de-carro-e-condenado-a-prisao\/","title":{"rendered":"Homem que matou motorista de 61 anos durante sequestro de carro \u00e9 condenado \u00e0 pris\u00e3o"},"content":{"rendered":"<script async src=\"https:\/\/pagead2.googlesyndication.com\/pagead\/js\/adsbygoogle.js?client=ca-pub-8864793242727901\"\r\n     crossorigin=\"anonymous\"><\/script>\n<div>\n<p class=\"article__paragraph article__paragraph--left\" id=\"S7GFLBHHVBBFTIXXNRANSJJN7I\">Um homem que <a href=\"https:\/\/www.nj.com\/news\/2018\/11\/teen_charged_with_murder_following_fatal_shooting.html\" target=\"_blank\" rel=\"noopener\" title=\"https:\/\/www.nj.com\/news\/2018\/11\/teen_charged_with_murder_following_fatal_shooting.html\">atirou fatalmente em um motorista de 61 anos durante um sequestro de carro<\/a> em 2018 foi condenado \u00e0 pris\u00e3o estadual. <\/p>\n<p class=\"article__paragraph article__paragraph--left\" id=\"JVCRJVRJ5ZA5VCZLZVX75BZB6Q\">Angelo Delgado, 22, de Atlantic City, recebeu uma senten\u00e7a de 30 anos na sexta-feira, disse o Atlantic County Prosecutor&#8217;s Office em um comunicado \u00e0 imprensa. Delgado, que tinha apenas 16 anos quando o assassinato e o sequestro de carro ocorreram, foi processado como adulto e anteriormente se declarou culpado de assassinato em primeiro grau.<\/p>\n<p class=\"article__paragraph article__paragraph--left\" id=\"LAXVUQJITVA57DKLMSTM5DVACE\">Em sua declara\u00e7\u00e3o de culpa, ele admitiu ter atirado no motorista, Sunil Edla, em Ventnor City, antes de fugir no Subaru Forrester 2002 roubado. <\/p>\n<p class=\"article__paragraph article__paragraph--left\" id=\"MFVAMZ5EYZCTLG4BBBD6CQM2JI\">Algu\u00e9m ligou para o 911 na noite de 15 de novembro de 2018, relatando que um homem estava ca\u00eddo na entrada de uma casa na North Nashville Avenue em Ventnor City. A pol\u00edcia respondeu \u00e0 chamada \u00e0s 20h04 e encontrou Edla na cena, sofrendo de ferimentos de bala, disseram as autoridades. <\/p>\n<p class=\"article__paragraph article__paragraph--left\" id=\"ATZGN2MJ6BCNJJ6JUD6PZNJ6HI\">Edla, moradora de Ventnor City, foi declarada morta no local, disseram as autoridades. <\/p>\n<p class=\"article__paragraph article__paragraph--left\" id=\"JKSIW6YF75BTZE76F6Y53KN3AU\">O carro roubado foi localizado estacionado em Atlantic City, a cerca de tr\u00eas milhas da cena do sequestro. Os detetives prenderam Delgado no dia seguinte ap\u00f3s revisarem as imagens de vigil\u00e2ncia da \u00e1rea e o identificarem como suspeito. <\/p>\n<p class=\"article__paragraph article__paragraph--left\" id=\"LQDQT7R3IZCL3ACAO3G3LGB3CE\"><i>Nosso jornalismo precisa do seu apoio. Por favor, assine hoje mesmo<\/i><a href=\"https:\/\/www.nj.com\/\"><i>NJ.com<\/i><\/a><i>.<\/i><\/p>\n<p class=\"article__paragraph article__paragraph--left\" id=\"HASFELNILVBKBKP3KU6UFWDUYY\"><i>Nicolas Fernandes pode ser contatado em<\/i><a href=\"https:\/\/www.nj.com\/atlantic\/2024\/09\/mailto:nfernandes@njadvancemedia.com\"><i>nfernandes@njadvancemedia.com<\/i><\/a><i>.<\/i><\/p>\n<\/div>\n<p><br \/>\n<br \/><a href=\"https:\/\/www.nj.com\/atlantic\/2024\/09\/man-who-killed-61-year-old-driver-during-carjacking-gets-prison-sentence.html\">Source link <\/a><\/p>","protected":false},"excerpt":{"rendered":"<p>Um homem que atirou fatalmente em um motorista de 61 anos durante um sequestro de carro em 2018 foi condenado \u00e0 pris\u00e3o estadual. Angelo Delgado, 22, de Atlantic City, recebeu&hellip;<\/p>","protected":false},"author":1,"featured_media":39790,"comment_status":"closed","ping_status":"open","sticky":false,"template":"","format":"standard","meta":{"content-type":"","footnotes":""},"categories":[1],"tags":[],"class_list":["post-39789","post","type-post","status-publish","format-standard","has-post-thumbnail","hentry","category-uncategorized"],"_links":{"self":[{"href":"https:\/\/tvbrazilusa.com\/pt\/wp-json\/wp\/v2\/posts\/39789","targetHints":{"allow":["GET"]}}],"collection":[{"href":"https:\/\/tvbrazilusa.com\/pt\/wp-json\/wp\/v2\/posts"}],"about":[{"href":"https:\/\/tvbrazilusa.com\/pt\/wp-json\/wp\/v2\/types\/post"}],"author":[{"embeddable":true,"href":"https:\/\/tvbrazilusa.com\/pt\/wp-json\/wp\/v2\/users\/1"}],"replies":[{"embeddable":true,"href":"https:\/\/tvbrazilusa.com\/pt\/wp-json\/wp\/v2\/comments?post=39789"}],"version-history":[{"count":1,"href":"https:\/\/tvbrazilusa.com\/pt\/wp-json\/wp\/v2\/posts\/39789\/revisions"}],"predecessor-version":[{"id":39791,"href":"https:\/\/tvbrazilusa.com\/pt\/wp-json\/wp\/v2\/posts\/39789\/revisions\/39791"}],"wp:featuredmedia":[{"embeddable":true,"href":"https:\/\/tvbrazilusa.com\/pt\/wp-json\/wp\/v2\/media\/39790"}],"wp:attachment":[{"href":"https:\/\/tvbrazilusa.com\/pt\/wp-json\/wp\/v2\/media?parent=39789"}],"wp:term":[{"taxonomy":"category","embeddable":true,"href":"https:\/\/tvbrazilusa.com\/pt\/wp-json\/wp\/v2\/categories?post=39789"},{"taxonomy":"post_tag","embeddable":true,"href":"https:\/\/tvbrazilusa.com\/pt\/wp-json\/wp\/v2\/tags?post=39789"}],"curies":[{"name":"wp","href":"https:\/\/api.w.org\/{rel}","templated":true}]}}