{"id":39798,"date":"2024-09-20T19:06:52","date_gmt":"2024-09-20T19:06:52","guid":{"rendered":"https:\/\/tvbrazilusa.com\/2024\/09\/20\/com-representantes-da-nhl-ao-alcance-fabian-lysell-do-bruins-inicia-seu-acampamento-mais-critico-ate-agora\/"},"modified":"2024-09-20T19:49:18","modified_gmt":"2024-09-20T19:49:18","slug":"com-representantes-da-nhl-ao-alcance-fabian-lysell-do-bruins-inicia-seu-acampamento-mais-critico-ate-agora","status":"publish","type":"post","link":"https:\/\/tvbrazilusa.com\/pt\/2024\/09\/20\/com-representantes-da-nhl-ao-alcance-fabian-lysell-do-bruins-inicia-seu-acampamento-mais-critico-ate-agora\/","title":{"rendered":"Com representantes da NHL ao alcance, Fabian Lysell, do Bruins, inicia seu acampamento mais cr\u00edtico at\u00e9 agora"},"content":{"rendered":"<p> <script async src=\"https:\/\/pagead2.googlesyndication.com\/pagead\/js\/adsbygoogle.js?client=ca-pub-8864793242727901\"\r\n     crossorigin=\"anonymous\"><\/script><br \/>\n<\/p>\n<div id=\"\">\n<header class=\"m-article-header m-article-header--standard\">\n\t\t\t\t\t\t\t\t\t\t\t\t<span id=\"article-header-primary-term\"><br \/>\n\t\t\t\t\t\t\t\t<a class=\"a-term a-term--primary\" href=\"https:\/\/www.boston.com\/tag\/boston-bruins\/\"><\/p>\n<p>\t\t\t\t\t\t\t\tBruins\t\t\t\t\t\t\t\t<\/a><br \/>\n\t\t\t\t\t\t\t<\/span><\/p>\n<h2 class=\"m-article-header__sub-headline\">&#8220;O resto das oportunidades est\u00e3o bem na frente dele.&#8221;<\/h2>\n<figure class=\"a-photo m-article-header__photo\"><figcaption class=\"a-photo__caption\">\n<p>\tFabian Lysell espera registrar suas primeiras repeti\u00e7\u00f5es no n\u00edvel da NHL neste outono. <em> Ken McGagh para o Boston Globe<\/em>\t<\/figcaption><\/figure>\n<\/header>\n<p>Fabian Lysell sabe o que est\u00e1 em jogo neste outono.<\/p>\n<p>O ponta de 21 anos ainda n\u00e3o foi convocado para a NHL em sua promissora carreira \u2014 parte disso \u00e9 consequ\u00eancia de uma p\u00e9ssima sorte com les\u00f5es na primavera. <\/p>\n<p>Mas isso pode mudar em 2024-25 para o principal prospecto de Boston.<\/p>\n<p>N\u00e3o s\u00f3 o desenvolvimento do avan\u00e7ado veloz<a target=\"_blank\" href=\"https:\/\/www.boston.com\/sports\/boston-bruins\/2024\/08\/06\/fabian-lysell-boston-bruins-training-camp-lineup-prospects\/\" rel=\"noreferrer noopener\"> recebeu elogios de seus treinadores de Providence<\/a>mas h\u00e1 uma vaga no grupo dos seis melhores de Boston \u2014 uma que deve atrair um jogador com o conjunto de habilidades de ponta de Lysell.<\/p>\n<p>E com os Bruins precisando desesperadamente de produ\u00e7\u00e3o ofensiva interna ap\u00f3s a sa\u00edda do agente livre Jake DeBrusk, Boston planeja dar a Lysell todas as oportunidades para tentar reivindicar uma fun\u00e7\u00e3o fixa nessa escala\u00e7\u00e3o reformulada. <\/p>\n<p>\u201cEle est\u00e1 visivelmente mais forte\u201d, disse Jim Montgomery sobre suas primeiras impress\u00f5es de Lysell. \u201cVoc\u00ea pode v\u00ea-lo querendo mais discos, indo para obter mais discos, e \u00e9 isso que queremos. Ele \u00e9 um jogador ofensivamente talentoso. Queremos o disco em seu taco. Ele fez um bom trabalho competindo por discos e tendo mais o disco.\u201d<\/p>\n<p>Se n\u00e3o fosse por uma les\u00e3o no ombro e uma concuss\u00e3o sofridas perto do fim da temporada de Providence, Lysell provavelmente j\u00e1 teria jogado pelo menos alguns jogos pelo Boston. <\/p>\n<figure class=\"wp-block-embed is-type-rich is-provider-twitter wp-block-embed-twitter\"\/>\n<p>\u201cEst\u00e1vamos realmente animados sobre onde ele estava indo e se ele tivesse continuado nesse caminho e se mantido saud\u00e1vel, ele teria tido uma oportunidade no topo como muitos outros caras tiveram\u201d, disse Don Sweeney sobre Lysell em junho. \u201cPorque ele tinha jogado muito bem.\u201d<\/p>\n<p>Mesmo com esses problemas de les\u00e3o, Lysell ainda conseguiu aproveitar ao m\u00e1ximo sua segunda temporada completa na AHL \u2014 marcando 15 gols e 50 pontos no total em 56 jogos na AHL. <\/p>\n<p>Embora o tempo de recupera\u00e7\u00e3o de suas les\u00f5es tenha limitado parte de seu tempo no gelo, Lysell dedicou a maior parte de sua offseason para completar seu corpo de 5 p\u00e9s e 10 polegadas. Ele n\u00e3o ser\u00e1 a for\u00e7a mais imponente na folha congelada, mas a disposi\u00e7\u00e3o de Lysell de desafiar os defensores e avan\u00e7ar sobre a linha azul ofensiva ser\u00e1 auxiliada no pr\u00f3ximo n\u00edvel com algum volume adicional.<\/p>\n<p>\u201cEu me esforcei muito na academia, ficando mais forte, ficando mais pesado\u201d, disse Lysell. \u201cEra s\u00f3 uma quest\u00e3o de entrar em forma para o jogo. \u2026 Estou tentando melhorar em todas as \u00e1reas do jogo, especialmente fora do disco, cobertura da zona D, rastreamento, sendo um jogador mais respons\u00e1vel l\u00e1 fora. E tentando construir meu jogo ofensivo. Quero ser criativo l\u00e1 fora, ent\u00e3o vou continuar construindo isso.\u201d<\/p>\n<p>Os Bruins dar\u00e3o boas-vindas a um cen\u00e1rio em que Lysell se destaca durante a a\u00e7\u00e3o da pr\u00e9-temporada e abre a temporada regular em um papel de destaque. A sele\u00e7\u00e3o da primeira rodada de 2021 n\u00e3o s\u00f3 tem a velocidade e a criatividade que muitas vezes t\u00eam sido escassas no pool de prospectos de Boston, mas tamb\u00e9m daria a Boston uma amea\u00e7a de pontua\u00e7\u00e3o potente e de alto teto, respondendo por apenas um impacto de $ 863.333 no teto salarial. <\/p>\n<p>Mas por mais tentador que seja imaginar Lysell driblando os defensores e pegando o canto superior ap\u00f3s passes de Brad Marchand, os Bruins n\u00e3o v\u00e3o simplesmente entregar esses minutos para Lysell \u2014 n\u00e3o com v\u00e1rios outros planos de conting\u00eancia em vigor. <\/p>\n<p><a href=\"https:\/\/www.boston.com\/sports\/boston-bruins\/2024\/09\/03\/boston-bruins-brad-marchand-nhl-hockey-charlie-coyle-lines-hockey\/\" target=\"_blank\" rel=\"noreferrer noopener\">Um jogador bidirecional estabelecido como Trent Frederic <\/a>poderia ter algum apelo em um grupo de seis primeiros j\u00e1 apresentando Marchand e Charlie Coyle. O veterano Tyler Johnson \u2014 atualmente em acampamento em um PTO \u2014 tem um hist\u00f3rico mais estabelecido, enquanto Lysell tamb\u00e9m ter\u00e1 alguma competi\u00e7\u00e3o do colega jovem Matthew Poitras,<a href=\"https:\/\/www.boston.com\/sports\/boston-bruins\/2024\/09\/19\/boston-bruins-training-camp-matt-poitras-hockey-nhl\/\"> que tamb\u00e9m joga na ponta durante o acampamento. <\/a><\/p>\n<p>\u201cAcho que Fabian vai determinar isso\u201d, disse Sweeney na quarta-feira sobre a viabilidade de Lysell como um dos seis melhores alas. \u201cSua habilidade um-contra-um, seus atributos ofensivos, eu acho que s\u00e3o muito bons, e ele tem sido produtivo. Como [Providence head coach Ryan Mougenel] diria que aperfei\u00e7oar seu jogo, ser um jogador confi\u00e1vel e construir um jogo de equipe s\u00e3o todos componentes da vit\u00f3ria, e \u00e9 disso que nosso clube precisa para jogar.<\/p>\n<p>\u201cE ele tem que comprar isso. Ele tamb\u00e9m amadureceu. Ent\u00e3o voc\u00ea tem que esperar que ele possa entrar e complementar em qualquer uma dessas fun\u00e7\u00f5es. \u2026 Eu n\u00e3o acho que ele seja um cara de quarta linha, energ\u00e9tico e matador de p\u00eanaltis neste ponto de sua carreira. Ent\u00e3o isso pode ser inadequado, mas o resto das oportunidades est\u00e3o bem na frente dele.\u201d<\/p>\n<p>Os Bruins est\u00e3o prontos para dar uma chance a Lysell. Agora, cabe ao novato provar isso.<\/p>\n<p> \u201cEstou muito animado com isso&#8230; apenas viva um dia de cada vez e tente ganhar seu lugar\u201d, observou Lysell.<\/p>\n<div class=\"m-block m-generic-cta\t m-generic-cta--post-content\t m-generic-cta--dark\t m-generic-cta--homepage\t m-generic-cta--email-signup\t\t m-generic-cta-block-style--default \tt-amp__generic-cta\"><\/p>\n<div class=\"m-generic-cta__wrap\">\n<div class=\"m-generic-cta__content\">\n<h3 class=\"m-generic-cta__title\">Inscreva-se para receber atualiza\u00e7\u00f5es do Bruins\ud83c\udfd2 <\/h3>\n<p class=\"m-generic-cta__subtitle\">Receba not\u00edcias de \u00faltima hora e an\u00e1lises na sua caixa de entrada durante a temporada de h\u00f3quei.<\/p>\n<\/p><\/div>\n<\/p><\/div>\n<\/div><\/div>\n<p><script>\n\t\tvar consent=\"grant\";\n\t\t\/* The above code is parsing the JSON data from the local storage and storing it in a variable. *\/\n\t\t\t\t\tconst onetrustStorageConsent = JSON.parse(localStorage.getItem( 'consent_one_trust_bdc' ) );\n\t\t\tif ( ( onetrustStorageConsent !== null ) ) {\n\t\t\t\t\/* Checking to see if the user has consented to the use of cookies.\n\t\t\t\t* If they have not, it is deleting the cookie.\n\t\t\t\t* This will comment for now, until further notice.\n\t\t\t\t*\/\n\t\t\t\t\/\/if ( onetrustStorageConsent.C0002 === false ) {\n\t\t\t\t\/\/\tdocument.cookie=\"_fbp=;expires=Thu, 01 Jan 2010 00:00:00 UTC; path=\/; domain=.boston.com\";\n\t\t\t\t\/\/}\n\t\t\t\t\/* Checking if the user has given consent for the cookie C0002.\n\t\t\t\t* If the user has given consent, the variable consent will be set to 'grant'.\n\t\t\t\t* If the user has not given consent,the variable consent will be set to 'revoke'.\n\t\t\t\t* Documentation https:\/\/developers.facebook.com\/docs\/meta-pixel\/implementation\/gdpr\n\t\t\t\t*\/\n\t\t\t\tif ( onetrustStorageConsent.C0002 !== true ) {\n\t\t\t\t\tconsent=\"revoke\";\n\t\t\t\t}\n\t\t\t}\n\t\t\t\t!function(f,b,e,v,n,t,s)\n\t\t{if(f.fbq)return;n=f.fbq=function(){n.callMethod?\n\t\tn.callMethod.apply(n,arguments):n.queue.push(arguments)};\n\t\tif(!f._fbq)f._fbq=n;n.push=n;n.loaded=!0;n.version='2.0';\n\t\tn.queue=[];t=b.createElement(e);t.async=!0;\n\t\tt.src=v;s=b.getElementsByTagName(e)[0];\n\t\ts.parentNode.insertBefore(t,s)}(window, document,'script',\n\t\t'https:\/\/connect.facebook.net\/en_US\/fbevents.js');\n\t\tfbq('consent', consent);\n\t\tfbq('init', '989222871864976');\n\t\tfbq('track', 'PageView');\n\t<\/script><script type=\"module\">\n\t\tvar consent=\"grant\";\n\t\t\/* The above code is parsing the JSON data from the local storage and storing it in a variable. *\/\n\t\t\tconst onetrustStorageConsent = JSON.parse(localStorage.getItem( 'consent_one_trust_bdc' ) );\n\t\t\t\/* Checking to see if the user has consented to the use of cookies.\n\t\t\t* If they have not, it is deleting the cookie.\n\t\t\t* This will comment for now, until further notice.\n\t\t\t*\/\n\t\t\t\/\/if ( onetrustStorageConsent.C0002 === false ) {\n\t\t\t\/\/\tdocument.cookie=\"_fbp=;expires=Thu, 01 Jan 2010 00:00:00 UTC; path=\/; domain=.boston.com\";\n\t\t\t\/\/}\n\t\t\t\/* Checking if the user has given consent for the cookie C0002.\n\t\t\t* If the user has given consent, the variable consent will be set to 'grant'.\n\t\t\t* If the user has not given consent,the variable consent will be set to 'revoke'.\n\t\t\t* Documentation https:\/\/developers.facebook.com\/docs\/meta-pixel\/implementation\/gdpr\n\t\t\t*\/\n\t\t\tif ( ( onetrustStorageConsent !== null ) && (onetrustStorageConsent.C0002 !== true ) ) {\n\t\t\t\tconsent=\"revoke\";\n\t\t\t}\n\t\t\t\t!function(f,b,e,v,n,t,s){if(f.fbq)return;n=f.fbq=function()\n\t\t{n.callMethod? n.callMethod.apply(n,arguments):n.queue.push(arguments)}\n\t\t;if(!f._fbq)f._fbq=n;\n\t\tn.push=n;n.loaded=!0;n.version='2.0';n.queue=[];t=b.createElement(e);t.async=!0;\n\t\tt.src=v;s=b.getElementsByTagName(e)[0];s.parentNode.insertBefore(t,s)}(window,\n\t\tdocument,'script','https:\/\/connect.facebook.net\/en_US\/fbevents.js');\n\t\tfbq('consent', consent);\n\t\tfbq('init', '813236348753005');\n\t\tfbq('track', \"PageView\");\n\t<\/script><br \/>\n<br \/><br \/>\n<br \/><a href=\"https:\/\/www.boston.com\/sports\/boston-bruins\/2024\/09\/20\/bruins-fabian-lysell-training-camp\/\">Source link <\/a><\/p>","protected":false},"excerpt":{"rendered":"<p>Bruins &#8220;O resto das oportunidades est\u00e3o bem na frente dele.&#8221; Fabian Lysell espera registrar suas primeiras repeti\u00e7\u00f5es no n\u00edvel da NHL neste outono. Ken McGagh para o Boston Globe Fabian&hellip;<\/p>","protected":false},"author":1,"featured_media":39799,"comment_status":"closed","ping_status":"open","sticky":false,"template":"","format":"standard","meta":{"content-type":"","footnotes":""},"categories":[1],"tags":[],"class_list":["post-39798","post","type-post","status-publish","format-standard","has-post-thumbnail","hentry","category-uncategorized"],"_links":{"self":[{"href":"https:\/\/tvbrazilusa.com\/pt\/wp-json\/wp\/v2\/posts\/39798","targetHints":{"allow":["GET"]}}],"collection":[{"href":"https:\/\/tvbrazilusa.com\/pt\/wp-json\/wp\/v2\/posts"}],"about":[{"href":"https:\/\/tvbrazilusa.com\/pt\/wp-json\/wp\/v2\/types\/post"}],"author":[{"embeddable":true,"href":"https:\/\/tvbrazilusa.com\/pt\/wp-json\/wp\/v2\/users\/1"}],"replies":[{"embeddable":true,"href":"https:\/\/tvbrazilusa.com\/pt\/wp-json\/wp\/v2\/comments?post=39798"}],"version-history":[{"count":1,"href":"https:\/\/tvbrazilusa.com\/pt\/wp-json\/wp\/v2\/posts\/39798\/revisions"}],"predecessor-version":[{"id":39800,"href":"https:\/\/tvbrazilusa.com\/pt\/wp-json\/wp\/v2\/posts\/39798\/revisions\/39800"}],"wp:featuredmedia":[{"embeddable":true,"href":"https:\/\/tvbrazilusa.com\/pt\/wp-json\/wp\/v2\/media\/39799"}],"wp:attachment":[{"href":"https:\/\/tvbrazilusa.com\/pt\/wp-json\/wp\/v2\/media?parent=39798"}],"wp:term":[{"taxonomy":"category","embeddable":true,"href":"https:\/\/tvbrazilusa.com\/pt\/wp-json\/wp\/v2\/categories?post=39798"},{"taxonomy":"post_tag","embeddable":true,"href":"https:\/\/tvbrazilusa.com\/pt\/wp-json\/wp\/v2\/tags?post=39798"}],"curies":[{"name":"wp","href":"https:\/\/api.w.org\/{rel}","templated":true}]}}