{"id":39823,"date":"2024-09-20T21:16:09","date_gmt":"2024-09-20T21:16:09","guid":{"rendered":"https:\/\/tvbrazilusa.com\/2024\/09\/20\/delta-lancara-voos-diretos-de-boston-para-milao-e-barcelona-em-2025\/"},"modified":"2024-09-20T21:21:21","modified_gmt":"2024-09-20T21:21:21","slug":"delta-lancara-voos-diretos-de-boston-para-milao-e-barcelona-em-2025","status":"publish","type":"post","link":"https:\/\/tvbrazilusa.com\/pt\/2024\/09\/20\/delta-lancara-voos-diretos-de-boston-para-milao-e-barcelona-em-2025\/","title":{"rendered":"Delta lan\u00e7ar\u00e1 voos diretos de Boston para Mil\u00e3o e Barcelona em 2025"},"content":{"rendered":"<p> <script async src=\"https:\/\/pagead2.googlesyndication.com\/pagead\/js\/adsbygoogle.js?client=ca-pub-8864793242727901\"\r\n     crossorigin=\"anonymous\"><\/script><br \/>\n<\/p>\n<div id=\"\">\n<header class=\"m-article-header m-article-header--standard\">\n\t\t\t\t\t\t\t\t\t\t\t\t<span id=\"article-header-primary-term\"><br \/>\n\t\t\t\t\t\t\t\t<a class=\"a-term a-term--primary\" href=\"https:\/\/www.boston.com\/tag\/travel\/\"><\/p>\n<p>\t\t\t\t\t\t\t\tViagem\t\t\t\t\t\t\t\t<\/a><br \/>\n\t\t\t\t\t\t\t<\/span><\/p>\n<h2 class=\"m-article-header__sub-headline\">Um lounge da Delta tamb\u00e9m est\u00e1 chegando ao Aeroporto Logan.<\/h2>\n<figure class=\"a-photo m-article-header__photo\"><figcaption class=\"a-photo__caption\">\n<p>\tUm Boeing 757 da Delta Airlines decolando em Tampa, Fl\u00f3rida, em 20 de janeiro de 2011. <em> PA-AP<\/em>\t<\/figcaption><\/figure>\n<\/header>\n<p>A Delta Air Lines est\u00e1 ajudando os viajantes de Boston a descobrir Mil\u00e3o e Barcelona no ano que vem com novos voos diretos partindo no ver\u00e3o de 2025.  <\/p>\n<div class=\"m-block t-amp__list-container m-article-list-container m-article-list-container--frame-border a-border-frame  a-list-header__headline--red m-article-list--alternative--default  m-article-list--full\">\n<ul class=\"t-amp__list a-list--no-style m-article-list m-article-list--recirculation m-article-list--has-images\">\n<li class=\"m-article-list__item\">\n\t\t\t\t<a class=\"m-article-list__link-wrapper\" href=\"https:\/\/www.boston.com\/travel\/travel\/2024\/09\/19\/a-jetblue-lounge-is-coming-to-logan-airport\/\" data-p1=\"article_recirc_inline_feature\"><br \/>\n\t\t\t\t<img fetchpriority=\"high\" decoding=\"async\" width=\"768\" height=\"432\" src=\"https:\/\/bdc2020.o0bc.com\/wp-content\/uploads\/2024\/07\/5RELY35M2YXDPF6VNOKECJSUSY-669a478ccaf0b-768x432.jpg\" class=\"t-amp__list-image m-article-list__image\" alt=\"\" aria-hidden=\"true\" srcset=\"https:\/\/bdc2020.o0bc.com\/wp-content\/uploads\/2024\/07\/5RELY35M2YXDPF6VNOKECJSUSY-669a478ccaf0b-768x432.jpg?width=200 200w, https:\/\/bdc2020.o0bc.com\/wp-content\/uploads\/2024\/07\/5RELY35M2YXDPF6VNOKECJSUSY-669a478ccaf0b-768x432.jpg?width=300 300w, https:\/\/bdc2020.o0bc.com\/wp-content\/uploads\/2024\/07\/5RELY35M2YXDPF6VNOKECJSUSY-669a478ccaf0b-768x432.jpg?width=400 400w, https:\/\/bdc2020.o0bc.com\/wp-content\/uploads\/2024\/07\/5RELY35M2YXDPF6VNOKECJSUSY-669a478ccaf0b-768x432.jpg?width=500 500w, https:\/\/bdc2020.o0bc.com\/wp-content\/uploads\/2024\/07\/5RELY35M2YXDPF6VNOKECJSUSY-669a478ccaf0b-768x432.jpg?width=600 600w, https:\/\/bdc2020.o0bc.com\/wp-content\/uploads\/2024\/07\/5RELY35M2YXDPF6VNOKECJSUSY-669a478ccaf0b-768x432.jpg?width=700 700w, https:\/\/bdc2020.o0bc.com\/wp-content\/uploads\/2024\/07\/5RELY35M2YXDPF6VNOKECJSUSY-669a478ccaf0b-768x432.jpg?width=800 800w, https:\/\/bdc2020.o0bc.com\/wp-content\/uploads\/2024\/07\/5RELY35M2YXDPF6VNOKECJSUSY-669a478ccaf0b-768x432.jpg?width=900 900w\" sizes=\"(max-width: 768px) 100vw, 768px\"\/>\t\t\t\t\t<\/p>\n<div class=\"m-article-list__content\">\n<h4 class=\"m-article-list__headline t-amp__list-headline\">\n\t\t\t\t\t\t\t<span class=\"m-article-list__link a-link a-link--inline a-link--text-link a-link--text-link-dark\"><\/p>\n<p>\t\t\t\t\t\t\tUm lounge JetBlue est\u00e1 chegando ao Aeroporto Logan\t\t\t\t\t\t\t<\/span><br \/>\n\t\t\t\t\t\t<\/h4>\n<\/p><\/div>\n<p>\t\t\t\t<\/a>\n\t\t\t<\/li>\n<\/ul>\n<\/div>\n<p>As rotas fazem parte da Delta <a href=\"https:\/\/news.delta.com\/summer-sicily-deltas-record-2025-trans-atlantic-expansion-italy-and-beyond\">maior programa\u00e7\u00e3o transatl\u00e2ntica de ver\u00e3o de todos os tempos<\/a>anunciou na sexta-feira. No pr\u00f3ximo ver\u00e3o, a Delta oferecer\u00e1 mais de 700 voos semanais para 33 destinos europeus e al\u00e9m. <\/p>\n<p>A nova rota da Delta entre Boston e Mil\u00e3o est\u00e1 \u201cpreenchendo uma lacuna crucial como o maior mercado europeu n\u00e3o atendido de Boston\u201d, de acordo com um press release. A rota de Mil\u00e3o ser\u00e1 oferecida quatro vezes por semana, e a rota de Barcelona ser\u00e1 oferecida tr\u00eas vezes por semana.<\/p>\n<p>\u201cA Delta tem sido uma excelente parceira da Logan por muitos anos e estamos entusiasmados com suas novas rotas para Mil\u00e3o e Barcelona como parte de sua expans\u00e3o transatl\u00e2ntica no ver\u00e3o de 2025\u201d, disse Ed Freni, diretor de avia\u00e7\u00e3o da Massport, em uma declara\u00e7\u00e3o. \u201cEsses novos servi\u00e7os fornecer\u00e3o aos nossos passageiros mais oportunidades de viagem e fortalecer\u00e3o ainda mais nossos la\u00e7os entre a Nova Inglaterra e as muitas regi\u00f5es da Europa.\u201d <\/p>\n<p>A companhia a\u00e9rea tamb\u00e9m anunciou um novo servi\u00e7o direto entre Boston e Bozeman, Montana, que come\u00e7ar\u00e1 em dezembro, antes da temporada de esqui. <\/p>\n<p>Al\u00e9m disso, a Delta diz que est\u00e1 abrindo um lounge Delta One em <a href=\"https:\/\/www.boston.com\/tag\/logan-airport\/\">Aeroporto Internacional Logan<\/a> at\u00e9 o pr\u00f3ximo ver\u00e3o. O lounge oferecer\u00e1 \u201cum ambiente exclusivo e luxuoso\u201d para a Delta One e outros clientes qualificados, de acordo com a transportadora. Lounges tamb\u00e9m ser\u00e3o abertos no Aeroporto Internacional de Los Angeles e no Aeroporto Internacional de Seattle-Tacoma. O primeiro lounge Delta One foi aberto no Aeroporto Internacional John F. Kennedy em junho.<\/p>\n<p>Confira <a href=\"https:\/\/news.delta.com\/summer-sicily-deltas-record-2025-trans-atlantic-expansion-italy-and-beyond\">Novas rotas da Delta anunciadas na sexta-feira<\/a>.<\/p>\n<div class=\"m-block m-generic-cta\t m-generic-cta--post-content\t m-generic-cta--dark\t m-generic-cta--homepage\t m-generic-cta--email-signup\t\t m-generic-cta-block-style--default \tt-amp__generic-cta\"><\/p>\n<div class=\"m-generic-cta__wrap\">\n<div class=\"m-generic-cta__content\">\n<h3 class=\"m-generic-cta__title\">Boston.com Hoje<\/h3>\n<p class=\"m-generic-cta__subtitle\">Inscreva-se para receber as \u00faltimas manchetes na sua caixa de entrada todas as manh\u00e3s.<\/p>\n<\/p><\/div>\n<\/p><\/div>\n<\/div><\/div>\n<p><script>\n\t\tvar consent=\"grant\";\n\t\t\/* The above code is parsing the JSON data from the local storage and storing it in a variable. *\/\n\t\t\t\t\tconst onetrustStorageConsent = JSON.parse(localStorage.getItem( 'consent_one_trust_bdc' ) );\n\t\t\tif ( ( onetrustStorageConsent !== null ) ) {\n\t\t\t\t\/* Checking to see if the user has consented to the use of cookies.\n\t\t\t\t* If they have not, it is deleting the cookie.\n\t\t\t\t* This will comment for now, until further notice.\n\t\t\t\t*\/\n\t\t\t\t\/\/if ( onetrustStorageConsent.C0002 === false ) {\n\t\t\t\t\/\/\tdocument.cookie=\"_fbp=;expires=Thu, 01 Jan 2010 00:00:00 UTC; path=\/; domain=.boston.com\";\n\t\t\t\t\/\/}\n\t\t\t\t\/* Checking if the user has given consent for the cookie C0002.\n\t\t\t\t* If the user has given consent, the variable consent will be set to 'grant'.\n\t\t\t\t* If the user has not given consent,the variable consent will be set to 'revoke'.\n\t\t\t\t* Documentation https:\/\/developers.facebook.com\/docs\/meta-pixel\/implementation\/gdpr\n\t\t\t\t*\/\n\t\t\t\tif ( onetrustStorageConsent.C0002 !== true ) {\n\t\t\t\t\tconsent=\"revoke\";\n\t\t\t\t}\n\t\t\t}\n\t\t\t\t!function(f,b,e,v,n,t,s)\n\t\t{if(f.fbq)return;n=f.fbq=function(){n.callMethod?\n\t\tn.callMethod.apply(n,arguments):n.queue.push(arguments)};\n\t\tif(!f._fbq)f._fbq=n;n.push=n;n.loaded=!0;n.version='2.0';\n\t\tn.queue=[];t=b.createElement(e);t.async=!0;\n\t\tt.src=v;s=b.getElementsByTagName(e)[0];\n\t\ts.parentNode.insertBefore(t,s)}(window, document,'script',\n\t\t'https:\/\/connect.facebook.net\/en_US\/fbevents.js');\n\t\tfbq('consent', consent);\n\t\tfbq('init', '989222871864976');\n\t\tfbq('track', 'PageView');\n\t<\/script><script type=\"module\">\n\t\tvar consent=\"grant\";\n\t\t\/* The above code is parsing the JSON data from the local storage and storing it in a variable. *\/\n\t\t\tconst onetrustStorageConsent = JSON.parse(localStorage.getItem( 'consent_one_trust_bdc' ) );\n\t\t\t\/* Checking to see if the user has consented to the use of cookies.\n\t\t\t* If they have not, it is deleting the cookie.\n\t\t\t* This will comment for now, until further notice.\n\t\t\t*\/\n\t\t\t\/\/if ( onetrustStorageConsent.C0002 === false ) {\n\t\t\t\/\/\tdocument.cookie=\"_fbp=;expires=Thu, 01 Jan 2010 00:00:00 UTC; path=\/; domain=.boston.com\";\n\t\t\t\/\/}\n\t\t\t\/* Checking if the user has given consent for the cookie C0002.\n\t\t\t* If the user has given consent, the variable consent will be set to 'grant'.\n\t\t\t* If the user has not given consent,the variable consent will be set to 'revoke'.\n\t\t\t* Documentation https:\/\/developers.facebook.com\/docs\/meta-pixel\/implementation\/gdpr\n\t\t\t*\/\n\t\t\tif ( ( onetrustStorageConsent !== null ) && (onetrustStorageConsent.C0002 !== true ) ) {\n\t\t\t\tconsent=\"revoke\";\n\t\t\t}\n\t\t\t\t!function(f,b,e,v,n,t,s){if(f.fbq)return;n=f.fbq=function()\n\t\t{n.callMethod? n.callMethod.apply(n,arguments):n.queue.push(arguments)}\n\t\t;if(!f._fbq)f._fbq=n;\n\t\tn.push=n;n.loaded=!0;n.version='2.0';n.queue=[];t=b.createElement(e);t.async=!0;\n\t\tt.src=v;s=b.getElementsByTagName(e)[0];s.parentNode.insertBefore(t,s)}(window,\n\t\tdocument,'script','https:\/\/connect.facebook.net\/en_US\/fbevents.js');\n\t\tfbq('consent', consent);\n\t\tfbq('init', '813236348753005');\n\t\tfbq('track', \"PageView\");\n\t<\/script><br \/>\n<br \/><br \/>\n<br \/><a href=\"https:\/\/www.boston.com\/travel\/travel\/2024\/09\/20\/delta-is-launching-nonstop-flights-from-boston-to-milan-and-barcelona-in-2025\/\">Source link <\/a><\/p>","protected":false},"excerpt":{"rendered":"<p>Viagem Um lounge da Delta tamb\u00e9m est\u00e1 chegando ao Aeroporto Logan. Um Boeing 757 da Delta Airlines decolando em Tampa, Fl\u00f3rida, em 20 de janeiro de 2011. PA-AP A Delta&hellip;<\/p>","protected":false},"author":1,"featured_media":39824,"comment_status":"closed","ping_status":"open","sticky":false,"template":"","format":"standard","meta":{"content-type":"","footnotes":""},"categories":[1],"tags":[],"class_list":["post-39823","post","type-post","status-publish","format-standard","has-post-thumbnail","hentry","category-uncategorized"],"_links":{"self":[{"href":"https:\/\/tvbrazilusa.com\/pt\/wp-json\/wp\/v2\/posts\/39823","targetHints":{"allow":["GET"]}}],"collection":[{"href":"https:\/\/tvbrazilusa.com\/pt\/wp-json\/wp\/v2\/posts"}],"about":[{"href":"https:\/\/tvbrazilusa.com\/pt\/wp-json\/wp\/v2\/types\/post"}],"author":[{"embeddable":true,"href":"https:\/\/tvbrazilusa.com\/pt\/wp-json\/wp\/v2\/users\/1"}],"replies":[{"embeddable":true,"href":"https:\/\/tvbrazilusa.com\/pt\/wp-json\/wp\/v2\/comments?post=39823"}],"version-history":[{"count":1,"href":"https:\/\/tvbrazilusa.com\/pt\/wp-json\/wp\/v2\/posts\/39823\/revisions"}],"predecessor-version":[{"id":39825,"href":"https:\/\/tvbrazilusa.com\/pt\/wp-json\/wp\/v2\/posts\/39823\/revisions\/39825"}],"wp:featuredmedia":[{"embeddable":true,"href":"https:\/\/tvbrazilusa.com\/pt\/wp-json\/wp\/v2\/media\/39824"}],"wp:attachment":[{"href":"https:\/\/tvbrazilusa.com\/pt\/wp-json\/wp\/v2\/media?parent=39823"}],"wp:term":[{"taxonomy":"category","embeddable":true,"href":"https:\/\/tvbrazilusa.com\/pt\/wp-json\/wp\/v2\/categories?post=39823"},{"taxonomy":"post_tag","embeddable":true,"href":"https:\/\/tvbrazilusa.com\/pt\/wp-json\/wp\/v2\/tags?post=39823"}],"curies":[{"name":"wp","href":"https:\/\/api.w.org\/{rel}","templated":true}]}}