{"id":39830,"date":"2024-09-20T20:51:25","date_gmt":"2024-09-20T20:51:25","guid":{"rendered":"https:\/\/tvbrazilusa.com\/2024\/09\/20\/jayson-tatum-estreia-nova-tatuagem-de-campeonato-ao-retornar-as-instalacoes-do-celtics-antes-do-campo-de-treinamento\/"},"modified":"2024-09-20T21:50:25","modified_gmt":"2024-09-20T21:50:25","slug":"jayson-tatum-estreia-nova-tatuagem-de-campeonato-ao-retornar-as-instalacoes-do-celtics-antes-do-campo-de-treinamento","status":"publish","type":"post","link":"https:\/\/tvbrazilusa.com\/pt\/2024\/09\/20\/jayson-tatum-estreia-nova-tatuagem-de-campeonato-ao-retornar-as-instalacoes-do-celtics-antes-do-campo-de-treinamento\/","title":{"rendered":"Jayson Tatum estreia nova tatuagem de campeonato ao retornar \u00e0s instala\u00e7\u00f5es do Celtics antes do campo de treinamento"},"content":{"rendered":"<p> <script async src=\"https:\/\/pagead2.googlesyndication.com\/pagead\/js\/adsbygoogle.js?client=ca-pub-8864793242727901\"\r\n     crossorigin=\"anonymous\"><\/script><br \/>\n<\/p>\n<div id=\"\">\n<header class=\"m-article-header m-article-header--standard\">\n\t\t\t\t\t\t\t\t\t\t\t\t<span id=\"article-header-primary-term\"><br \/>\n\t\t\t\t\t\t\t\t<a class=\"a-term a-term--primary\" href=\"https:\/\/www.boston.com\/tag\/boston-celtics\/\"><\/p>\n<p>\t\t\t\t\t\t\t\tCeltas\t\t\t\t\t\t\t\t<\/a><br \/>\n\t\t\t\t\t\t\t<\/span><\/p>\n<h2 class=\"m-article-header__sub-headline\">Tatum fez uma tatuagem de si mesmo segurando o trof\u00e9u Larry O&#8217;Brien com base em uma imagem da comemora\u00e7\u00e3o do t\u00edtulo do Celtics.<\/h2>\n<figure class=\"a-photo m-article-header__photo\"><figcaption class=\"a-photo__caption\">\n<p>\tJayson Tatum comemorou o t\u00edtulo dos Celtics durante grande parte do ver\u00e3o. <em> Kayla Bartkowski para o Boston Globe <\/em>\t<\/figcaption><\/figure>\n<\/header>\n<p>Quando Jayson Tatum retornou ao Auerbach Center no in\u00edcio desta semana, ele tinha uma nova tatuagem para exibir.<\/p>\n<p>A estrela do Celtics recentemente fez uma nova tatuagem de si mesmo segurando o Trof\u00e9u Larry O&#8217;Brien enquanto usava o bon\u00e9 do campeonato de Boston, colocando a tinta nas costas. A tatuagem parecia ser baseada em uma imagem de Tatum durante a comemora\u00e7\u00e3o do vesti\u00e1rio do Celtics quando eles ganharam o t\u00edtulo da NBA em junho.<\/p>\n<figure class=\"wp-block-embed is-type-rich is-provider-twitter wp-block-embed-twitter\"\/>\n<p>Claro, ganhar o t\u00edtulo foi um momento especial para Tatum, j\u00e1 que ele falou com entusiasmo sobre a conquista durante todo o ver\u00e3o.<\/p>\n<p>\u201cEsta ser\u00e1 uma noite que lembrarei pelo resto da minha vida\u201d, Tatum disse aos rep\u00f3rteres ap\u00f3s a vit\u00f3ria do Celtics nas finais da NBA sobre o Mavericks. \u201cDo jogo, da celebra\u00e7\u00e3o, desses momentos. Voc\u00ea sabe, nos \u00faltimos dois anos, tivemos algumas derrotas dif\u00edceis em casa nos playoffs. Perdemos o campeonato da NBA em casa, na frente dos nossos f\u00e3s. Tivemos a chance de vencer o Miami no jogo 6 alguns anos atr\u00e1s e perdemos aquele.<\/p>\n<p>\u201cEnt\u00e3o, para ter uma grande vit\u00f3ria, a maior vit\u00f3ria que voc\u00ea poderia ter diante de sua torcida, eu senti que era muito importante ir l\u00e1 e fazer tudo ao meu alcance para garantir que vencer\u00edamos este jogo esta noite.\u201d<\/p>\n<p>O t\u00edtulo deu in\u00edcio a um ver\u00e3o cheio de conquistas para Tatum. Ele ajudou o time masculino de basquete dos Estados Unidos a ganhar a medalha de ouro nas Olimp\u00edadas de Ver\u00e3o. Ele foi anunciado como um dos atletas de capa do popular videogame \u201cNBA 2K25\u201d. Ele tamb\u00e9m assinou uma extens\u00e3o de cinco anos e US$ 315 milh\u00f5es com o Celtics, que foi o maior contrato da hist\u00f3ria da NBA. <\/p>\n<p>Mas a tatuagem de campeonato de Tatum n\u00e3o \u00e9 a \u00fanica que ele recebeu neste ver\u00e3o. Ele revelou uma tatuagem de si mesmo segurando o Kobe Bryant Trophy de quando ganhou o MVP do All-Star Game de 2023 em agosto. Tatum marcou um recorde do All-Star Game de 55 pontos naquele jogo. <\/p>\n<p>Tatum notavelmente tem v\u00e1rias outras tatuagens, com muitas nas costas. Ele tem algumas tatuagens que prestam homenagem \u00e0 sua inf\u00e2ncia e onde ele cresceu em St. Louis. Ele tem tatuagens de sua casa de inf\u00e2ncia, a placa de rua de onde a casa estava localizada (Archer Ave.), e um menino com uma bola em p\u00e9 na frente de uma cesta de basquete.<\/p>\n<p>Al\u00e9m disso, Tatum tem uma grande tatuagem que diz \u201cVontade de Deus\u201d nas costas com o termo \u201cProv\u00e9rbios 3:5-6\u201d abaixo. H\u00e1 tamb\u00e9m uma silhueta de seu sapato de assinatura na parte inferior das costas ao lado de uma tatuagem de seu logotipo pessoal. <\/p>\n<figure class=\"wp-block-embed is-type-rich is-provider-twitter wp-block-embed-twitter\"\/>\n<p>Tatum tem mais algumas tatuagens nas pernas. Ele fez uma tatuagem de colagem em homenagem a um de seus filmes favoritos, \u201cLife\u201d, e seus personagens favoritos de filmes em 2023. Ele tamb\u00e9m tem uma tatuagem de uma imagem dele com sua m\u00e3e quando ele era crian\u00e7a. <\/p>\n<figure class=\"wp-block-embed is-type-rich is-provider-twitter wp-block-embed-twitter\"\/>\n<p>Como voc\u00ea provavelmente pode perceber, Tatum \u00e9 f\u00e3 de fazer tatuagens. <\/p>\n<p>\u201cEu adoro tatuagens\u201d, Tatum <a href=\"https:\/\/www.youtube.com\/watch?v=o91I1E4vJ70\" target=\"_blank\" rel=\"noreferrer noopener\">disse ao 98.5 The Sports Hub em 2023<\/a>. \u201cEu uso tatuagens como uma forma de me expressar. Eu tenho muitas tatuagens.\u201d<\/p>\n<p>Com a tinta da \u00faltima tatuagem de Tatum seca, ele agora est\u00e1 de volta ao trabalho. O Celtics compartilhou imagens dele se exercitando no Auerbach Center esta semana, jogando ao lado de Derrick White durante uma sess\u00e3o. <\/p>\n<figure class=\"wp-block-embed is-type-rich is-provider-twitter wp-block-embed-twitter\"\/>\n<p>Tatum e White n\u00e3o foram os \u00fanicos jogadores not\u00e1veis \u200b\u200bdo Celtics vistos treinando no Auerbach Center nos \u00faltimos dias. Jaylen Brown <a href=\"https:\/\/x.com\/celtics\/status\/1836485980640907471\" target=\"_blank\" rel=\"noreferrer noopener\">treinou com v\u00e1rios jogadores mais jovens do Celtics<\/a>. <\/p>\n<p>Mais jogadores de ponta dos Celtics devem se juntar a eles nos pr\u00f3ximos dias. Kristaps Porzingis <a href=\"https:\/\/x.com\/taylorcsnow\/status\/1837132096290103344\" target=\"_blank\" rel=\"noreferrer noopener\">compartilhado no Instagram<\/a> que ele encerrou seu \u00faltimo dia na Let\u00f4nia na sexta-feira, com sua pr\u00f3xima parada sendo Boston. <\/p>\n<p>O dia da imprensa dos Celtics para abrir a temporada 2024-25 ser\u00e1 na sexta-feira, na mesma semana, com o treinamento come\u00e7ando logo depois. <\/p>\n<div class=\"m-block m-generic-cta\t m-generic-cta--post-content\t m-generic-cta--dark\t m-generic-cta--homepage\t m-generic-cta--email-signup\t\t m-generic-cta-block-style--default \tt-amp__generic-cta\"><\/p>\n<div class=\"m-generic-cta__wrap\">\n<div class=\"m-generic-cta__content\">\n<h3 class=\"m-generic-cta__title\">Inscreva-se para receber atualiza\u00e7\u00f5es do Celtics\ud83c\udfc0<\/h3>\n<p class=\"m-generic-cta__subtitle\">Receba not\u00edcias de \u00faltima hora e an\u00e1lises na sua caixa de entrada durante a temporada de basquete.<\/p>\n<\/p><\/div>\n<\/p><\/div>\n<\/div><\/div>\n<p><script>\n\t\tvar consent=\"grant\";\n\t\t\/* The above code is parsing the JSON data from the local storage and storing it in a variable. *\/\n\t\t\t\t\tconst onetrustStorageConsent = JSON.parse(localStorage.getItem( 'consent_one_trust_bdc' ) );\n\t\t\tif ( ( onetrustStorageConsent !== null ) ) {\n\t\t\t\t\/* Checking to see if the user has consented to the use of cookies.\n\t\t\t\t* If they have not, it is deleting the cookie.\n\t\t\t\t* This will comment for now, until further notice.\n\t\t\t\t*\/\n\t\t\t\t\/\/if ( onetrustStorageConsent.C0002 === false ) {\n\t\t\t\t\/\/\tdocument.cookie=\"_fbp=;expires=Thu, 01 Jan 2010 00:00:00 UTC; path=\/; domain=.boston.com\";\n\t\t\t\t\/\/}\n\t\t\t\t\/* Checking if the user has given consent for the cookie C0002.\n\t\t\t\t* If the user has given consent, the variable consent will be set to 'grant'.\n\t\t\t\t* If the user has not given consent,the variable consent will be set to 'revoke'.\n\t\t\t\t* Documentation https:\/\/developers.facebook.com\/docs\/meta-pixel\/implementation\/gdpr\n\t\t\t\t*\/\n\t\t\t\tif ( onetrustStorageConsent.C0002 !== true ) {\n\t\t\t\t\tconsent=\"revoke\";\n\t\t\t\t}\n\t\t\t}\n\t\t\t\t!function(f,b,e,v,n,t,s)\n\t\t{if(f.fbq)return;n=f.fbq=function(){n.callMethod?\n\t\tn.callMethod.apply(n,arguments):n.queue.push(arguments)};\n\t\tif(!f._fbq)f._fbq=n;n.push=n;n.loaded=!0;n.version='2.0';\n\t\tn.queue=[];t=b.createElement(e);t.async=!0;\n\t\tt.src=v;s=b.getElementsByTagName(e)[0];\n\t\ts.parentNode.insertBefore(t,s)}(window, document,'script',\n\t\t'https:\/\/connect.facebook.net\/en_US\/fbevents.js');\n\t\tfbq('consent', consent);\n\t\tfbq('init', '989222871864976');\n\t\tfbq('track', 'PageView');\n\t<\/script><script type=\"module\">\n\t\tvar consent=\"grant\";\n\t\t\/* The above code is parsing the JSON data from the local storage and storing it in a variable. *\/\n\t\t\tconst onetrustStorageConsent = JSON.parse(localStorage.getItem( 'consent_one_trust_bdc' ) );\n\t\t\t\/* Checking to see if the user has consented to the use of cookies.\n\t\t\t* If they have not, it is deleting the cookie.\n\t\t\t* This will comment for now, until further notice.\n\t\t\t*\/\n\t\t\t\/\/if ( onetrustStorageConsent.C0002 === false ) {\n\t\t\t\/\/\tdocument.cookie=\"_fbp=;expires=Thu, 01 Jan 2010 00:00:00 UTC; path=\/; domain=.boston.com\";\n\t\t\t\/\/}\n\t\t\t\/* Checking if the user has given consent for the cookie C0002.\n\t\t\t* If the user has given consent, the variable consent will be set to 'grant'.\n\t\t\t* If the user has not given consent,the variable consent will be set to 'revoke'.\n\t\t\t* Documentation https:\/\/developers.facebook.com\/docs\/meta-pixel\/implementation\/gdpr\n\t\t\t*\/\n\t\t\tif ( ( onetrustStorageConsent !== null ) && (onetrustStorageConsent.C0002 !== true ) ) {\n\t\t\t\tconsent=\"revoke\";\n\t\t\t}\n\t\t\t\t!function(f,b,e,v,n,t,s){if(f.fbq)return;n=f.fbq=function()\n\t\t{n.callMethod? n.callMethod.apply(n,arguments):n.queue.push(arguments)}\n\t\t;if(!f._fbq)f._fbq=n;\n\t\tn.push=n;n.loaded=!0;n.version='2.0';n.queue=[];t=b.createElement(e);t.async=!0;\n\t\tt.src=v;s=b.getElementsByTagName(e)[0];s.parentNode.insertBefore(t,s)}(window,\n\t\tdocument,'script','https:\/\/connect.facebook.net\/en_US\/fbevents.js');\n\t\tfbq('consent', consent);\n\t\tfbq('init', '813236348753005');\n\t\tfbq('track', \"PageView\");\n\t<\/script><br \/>\n<br \/><br \/>\n<br \/><a href=\"https:\/\/www.boston.com\/sports\/boston-celtics\/2024\/09\/20\/celtics-jayson-tatum-championship-trophy-tattoo\/\">Source link <\/a><\/p>","protected":false},"excerpt":{"rendered":"<p>Celtas Tatum fez uma tatuagem de si mesmo segurando o trof\u00e9u Larry O&#8217;Brien com base em uma imagem da comemora\u00e7\u00e3o do t\u00edtulo do Celtics. Jayson Tatum comemorou o t\u00edtulo dos&hellip;<\/p>","protected":false},"author":1,"featured_media":39831,"comment_status":"closed","ping_status":"open","sticky":false,"template":"","format":"standard","meta":{"content-type":"","footnotes":""},"categories":[1],"tags":[],"class_list":["post-39830","post","type-post","status-publish","format-standard","has-post-thumbnail","hentry","category-uncategorized"],"_links":{"self":[{"href":"https:\/\/tvbrazilusa.com\/pt\/wp-json\/wp\/v2\/posts\/39830","targetHints":{"allow":["GET"]}}],"collection":[{"href":"https:\/\/tvbrazilusa.com\/pt\/wp-json\/wp\/v2\/posts"}],"about":[{"href":"https:\/\/tvbrazilusa.com\/pt\/wp-json\/wp\/v2\/types\/post"}],"author":[{"embeddable":true,"href":"https:\/\/tvbrazilusa.com\/pt\/wp-json\/wp\/v2\/users\/1"}],"replies":[{"embeddable":true,"href":"https:\/\/tvbrazilusa.com\/pt\/wp-json\/wp\/v2\/comments?post=39830"}],"version-history":[{"count":1,"href":"https:\/\/tvbrazilusa.com\/pt\/wp-json\/wp\/v2\/posts\/39830\/revisions"}],"predecessor-version":[{"id":39832,"href":"https:\/\/tvbrazilusa.com\/pt\/wp-json\/wp\/v2\/posts\/39830\/revisions\/39832"}],"wp:featuredmedia":[{"embeddable":true,"href":"https:\/\/tvbrazilusa.com\/pt\/wp-json\/wp\/v2\/media\/39831"}],"wp:attachment":[{"href":"https:\/\/tvbrazilusa.com\/pt\/wp-json\/wp\/v2\/media?parent=39830"}],"wp:term":[{"taxonomy":"category","embeddable":true,"href":"https:\/\/tvbrazilusa.com\/pt\/wp-json\/wp\/v2\/categories?post=39830"},{"taxonomy":"post_tag","embeddable":true,"href":"https:\/\/tvbrazilusa.com\/pt\/wp-json\/wp\/v2\/tags?post=39830"}],"curies":[{"name":"wp","href":"https:\/\/api.w.org\/{rel}","templated":true}]}}