{"id":39838,"date":"2024-09-20T22:08:45","date_gmt":"2024-09-20T22:08:45","guid":{"rendered":"https:\/\/tvbrazilusa.com\/2024\/09\/20\/andre-mendonca-se-posiciona-contra-a-ampliacao-do-foro-privilegiado-para-autoridades\/"},"modified":"2024-09-20T22:08:46","modified_gmt":"2024-09-20T22:08:46","slug":"andre-mendonca-se-posiciona-contra-a-ampliacao-do-foro-privilegiado-para-autoridades","status":"publish","type":"post","link":"https:\/\/tvbrazilusa.com\/pt\/2024\/09\/20\/andre-mendonca-se-posiciona-contra-a-ampliacao-do-foro-privilegiado-para-autoridades\/","title":{"rendered":"Andr\u00e9 Mendon\u00e7a se posiciona contra a amplia\u00e7\u00e3o do foro privilegiado para autoridades"},"content":{"rendered":"<p> <script async src=\"https:\/\/pagead2.googlesyndication.com\/pagead\/js\/adsbygoogle.js?client=ca-pub-8864793242727901\"\r\n     crossorigin=\"anonymous\"><\/script><br \/>\n<\/p>\n<div id=\"taboola-read-more\" style=\"display:block; width:100%\">\n<p>O ministro Andr\u00e9 Mendon\u00e7a, do Supremo Tribunal Federal (STF), votou contra duas a\u00e7\u00f5es que visam alterar o entendimento atual sobre o foro por prerrogativa de fun\u00e7\u00e3o, popularmente conhecido como foro privilegiado. O julgamento virtual sobre o tema foi retomado na sexta-feira (20), e os ministros apresentaram seus votos sem discuss\u00e3o no sistema.\n<\/p>\n<p>Em abril, a Corte j\u00e1 havia formado uma maioria a favor da manuten\u00e7\u00e3o do foro privilegiado para crimes cometidos no exerc\u00edcio do cargo e em raz\u00e3o dele, mesmo ap\u00f3s o t\u00e9rmino da fun\u00e7\u00e3o. Na ocasi\u00e3o, Mendon\u00e7a havia pedido vista, ou seja, mais tempo para analisar o caso. O foro privilegiado permite que determinadas autoridades p\u00fablicas sejam julgadas por crimes comuns apenas em tribunais superiores.<\/p>\n<p>Em seu voto, Mendon\u00e7a argumentou que, ao cessar o exerc\u00edcio do cargo, tamb\u00e9m se encerra o foro por prerrogativa de fun\u00e7\u00e3o. Nesse caso, os processos deveriam ser enviados \u00e0 primeira inst\u00e2ncia. Com o voto de Mendon\u00e7a, o placar no STF \u00e9 de 6 a 1 a favor da amplia\u00e7\u00e3o do foro. Se essa posi\u00e7\u00e3o prevalecer, casos relacionados a pol\u00edticos continuar\u00e3o sob investiga\u00e7\u00e3o na Corte, mesmo ap\u00f3s o afastamento do cargo.\n<\/p>\n<p>O ministro tamb\u00e9m mencionou o caso do ex-ministro Silvio Almeida, demitido por suspeitas de ass\u00e9dio sexual. Mendon\u00e7a ressaltou que o alargamento do foro para o per\u00edodo posterior ao exerc\u00edcio do cargo contraria a jurisprud\u00eancia consolidada pelo STF nas \u00faltimas duas d\u00e9cadas. \u201cEsse entendimento prejudica o princ\u00edpio do juiz natural e fere a igualdade, ao permitir que pessoas sem cargo sejam julgadas originariamente pelo Supremo\u201d, afirmou.\n<\/p>\n<p>Mendon\u00e7a enfatizou que, at\u00e9 a conclus\u00e3o do julgamento e a defini\u00e7\u00e3o da nova jurisprud\u00eancia sobre o foro, as investiga\u00e7\u00f5es continuar\u00e3o no Supremo. Ap\u00f3s o desfecho da quest\u00e3o, a Corte seguir\u00e1 a jurisprud\u00eancia estabelecida.\n<\/p>\n<p><strong>Gazeta Brasil\u00a0<\/strong> <\/p>\n<\/div>\n<p><br \/>\n<br \/><a href=\"https:\/\/diariodobrasilnoticias.com.br\/noticia\/andre-mendonca-se-posiciona-contra-a-ampliacao-do-foro-privilegiado-para-autoridades-66edd7bcb4e10\">Source link <\/a><\/p>","protected":false},"excerpt":{"rendered":"<p>O ministro Andr\u00e9 Mendon\u00e7a, do Supremo Tribunal Federal (STF), votou contra duas a\u00e7\u00f5es que visam alterar o entendimento atual sobre o foro por prerrogativa de fun\u00e7\u00e3o, popularmente conhecido como foro&hellip;<\/p>","protected":false},"author":1,"featured_media":39839,"comment_status":"closed","ping_status":"open","sticky":false,"template":"","format":"standard","meta":{"content-type":"","footnotes":""},"categories":[16],"tags":[123,2448,5313,1267],"class_list":["post-39838","post","type-post","status-publish","format-standard","has-post-thumbnail","hentry","category-noticias","tag-brasil","tag-diario","tag-noticia","tag-noticias"],"_links":{"self":[{"href":"https:\/\/tvbrazilusa.com\/pt\/wp-json\/wp\/v2\/posts\/39838","targetHints":{"allow":["GET"]}}],"collection":[{"href":"https:\/\/tvbrazilusa.com\/pt\/wp-json\/wp\/v2\/posts"}],"about":[{"href":"https:\/\/tvbrazilusa.com\/pt\/wp-json\/wp\/v2\/types\/post"}],"author":[{"embeddable":true,"href":"https:\/\/tvbrazilusa.com\/pt\/wp-json\/wp\/v2\/users\/1"}],"replies":[{"embeddable":true,"href":"https:\/\/tvbrazilusa.com\/pt\/wp-json\/wp\/v2\/comments?post=39838"}],"version-history":[{"count":1,"href":"https:\/\/tvbrazilusa.com\/pt\/wp-json\/wp\/v2\/posts\/39838\/revisions"}],"predecessor-version":[{"id":39840,"href":"https:\/\/tvbrazilusa.com\/pt\/wp-json\/wp\/v2\/posts\/39838\/revisions\/39840"}],"wp:featuredmedia":[{"embeddable":true,"href":"https:\/\/tvbrazilusa.com\/pt\/wp-json\/wp\/v2\/media\/39839"}],"wp:attachment":[{"href":"https:\/\/tvbrazilusa.com\/pt\/wp-json\/wp\/v2\/media?parent=39838"}],"wp:term":[{"taxonomy":"category","embeddable":true,"href":"https:\/\/tvbrazilusa.com\/pt\/wp-json\/wp\/v2\/categories?post=39838"},{"taxonomy":"post_tag","embeddable":true,"href":"https:\/\/tvbrazilusa.com\/pt\/wp-json\/wp\/v2\/tags?post=39838"}],"curies":[{"name":"wp","href":"https:\/\/api.w.org\/{rel}","templated":true}]}}