{"id":39858,"date":"2024-09-20T15:48:53","date_gmt":"2024-09-20T15:48:53","guid":{"rendered":"https:\/\/tvbrazilusa.com\/2024\/09\/20\/pf-indicia-renan-juca-e-eduardo-braga-por-corrupcao-paulo-figueiredo\/"},"modified":"2024-09-20T22:53:49","modified_gmt":"2024-09-20T22:53:49","slug":"pf-indicia-renan-juca-e-eduardo-braga-por-corrupcao-paulo-figueiredo","status":"publish","type":"post","link":"https:\/\/tvbrazilusa.com\/pt\/2024\/09\/20\/pf-indicia-renan-juca-e-eduardo-braga-por-corrupcao-paulo-figueiredo\/","title":{"rendered":"PF indicia Renan, Juc\u00e1 e Eduardo Braga por corrup\u00e7\u00e3o &#8211; Paulo Figueiredo"},"content":{"rendered":"<p> <script async src=\"https:\/\/pagead2.googlesyndication.com\/pagead\/js\/adsbygoogle.js?client=ca-pub-8864793242727901\"\r\n     crossorigin=\"anonymous\"><\/script><br \/>\n<\/p>\n<div id=\"wtr-content\" data-bg=\"#FFFFFF\" data-fg=\"#006d91\" data-width=\"25\" data-mute=\"1\" data-fgopacity=\"1.00\" data-mutedopacity=\"0.5\" data-placement=\"bottom\" data-placement-offset=\"0\" data-content-offset=\"262\" data-placement-touch=\"bottom\" data-placement-offset-touch=\"0\" data-transparent=\"\" data-shadow=\"0\" data-touch=\"1\" data-non-touch=\"1\" data-comments=\"0\" data-commentsbg=\"transparent\" data-location=\"page\" data-mutedfg=\"#006d91\" data-endfg=\"#006d91\" data-rtl=\"\">\n<p class=\"has-small-font-size\">Foto \u2013 Sergio Lima<\/p>\n<h3 class=\"wp-block-heading\">PGR (Procuradoria Geral da Rep\u00fablica) analisar\u00e1 relat\u00f3rio final sobre acusa\u00e7\u00e3o de favorecimento a grupo do ramo farmac\u00eautico<\/h3>\n<p>Os senadores\u00a0Renan Calheiros\u00a0(MDB-AL) e\u00a0Eduardo Braga\u00a0(MDB-AM), e o ex-senador\u00a0Romero Juc\u00e1\u00a0(MDB-RR), foram indiciados pela PF (Pol\u00edcia Federal) por suposta cobran\u00e7a de propina para favorecer o antigo grupo Hypermarcas (atual Hypera Pharma), do ramo farmac\u00eautico. Os 3 s\u00e3o acusados de corrup\u00e7\u00e3o passiva, lavagem de dinheiro e organiza\u00e7\u00e3o criminosa.\u00a0<\/p>\n<p>O caso tramita h\u00e1 6 anos sob sigilo. A investiga\u00e7\u00e3o come\u00e7ou como um desdobramento da Lava Jato em 2018. O relat\u00f3rio foi enviado ao STF (Supremo Tribunal Federal) em agosto. O relator Edson Fachin encaminhou o material \u00e0 PGR (Procuradoria-Geral da Rep\u00fablica). A informa\u00e7\u00e3o foi revelada nesta 6\u00aa\u00a0feira (20.set.2024) pelo portal\u00a0<em>UOL<\/em>\u00a0e confirmada pelo\u00a0<strong>Poder360<\/strong>.<\/p>\n<p>Renan e Braga t\u00eam mandato no Senado at\u00e9 o fim de 2026. Juc\u00e1, por sua vez, perdeu as elei\u00e7\u00f5es em 2018 e 2022 \u2013n\u00e3o possui foro privilegiado. O filho de Renan \u00e9 ministro dos Transportes do governo Lula, enquanto Eduardo Braga \u00e9 o relator da regulamenta\u00e7\u00e3o da reforma tribut\u00e1ria no Senado.\u00a0<\/p>\n<p>Ao\u00a0<strong>Poder360<\/strong>, o advogado de Braga, Fabiano Silveira, afirmou que \u201ctrata-se de ila\u00e7\u00f5es esdr\u00faxulas sem amparo nos elementos constantes do pr\u00f3prio inqu\u00e9rito\u201d. Disse ainda que \u201c<em>h\u00e1 evid\u00eancias clar\u00edssimas de que o parlamentar n\u00e3o manteve contato com o delator que, al\u00e9m de mudar sua vers\u00e3o 4 anos depois, baseia suas declara\u00e7\u00f5es em mero \u2018ouvi dizer\u2019<\/em>\u201c.<\/p>\n<p>A defesa de Romero Juc\u00e1, por sua vez, declarou que \u201c<em>repudia e repele o indiciamento recente no inqu\u00e9rito com base \u00fanica e exclusivamente na dela\u00e7\u00e3o premiada do executivo do grupo Hypermarcas. Conquanto o inqu\u00e9rito esteja baseado s\u00f3 na palavra an\u00f4mala e perniciosa do delator, optou a autoridade por indici\u00e1-lo. Lamentavelmente, esse inqu\u00e9rito \u00e9 uma tentativa de criminalizar a pol\u00edtica, pois \u00e9 da fun\u00e7\u00e3o parlamentar a conex\u00e3o com setores da sociedade, com empres\u00e1rios e grupo econ\u00f4micos<\/em>\u201c.<\/p>\n<p>J\u00e1 Renan foi procurado por meio de mensagens de texto enviadas por Whatsapp.\u00a0N\u00e3o houve resposta at\u00e9 a publica\u00e7\u00e3o desta reportagem. <\/p>\n<p><strong><a href=\"https:\/\/www.poder360.com.br\/poder-congresso\/pf-indicia-renan-juca-e-eduardo-braga-por-corrupcao\/\">Source link<\/a><\/strong><\/p>\n<\/div>\n<p><br \/>\n<br \/><a href=\"https:\/\/paulofigueiredoshow.com\/pf-indicia-renan-juca-e-eduardo-braga-por-corrupcao\/\">Source link <\/a><\/p>","protected":false},"excerpt":{"rendered":"<p>Foto \u2013 Sergio Lima PGR (Procuradoria Geral da Rep\u00fablica) analisar\u00e1 relat\u00f3rio final sobre acusa\u00e7\u00e3o de favorecimento a grupo do ramo farmac\u00eautico Os senadores\u00a0Renan Calheiros\u00a0(MDB-AL) e\u00a0Eduardo Braga\u00a0(MDB-AM), e o ex-senador\u00a0Romero Juc\u00e1\u00a0(MDB-RR),&hellip;<\/p>","protected":false},"author":1,"featured_media":39859,"comment_status":"closed","ping_status":"open","sticky":false,"template":"","format":"standard","meta":{"content-type":"","footnotes":""},"categories":[16],"tags":[603,21318,6030,1378,21319,21320,4085],"class_list":["post-39858","post","type-post","status-publish","format-standard","has-post-thumbnail","hentry","category-noticias","tag-corrupcao","tag-eduardo-braga","tag-mdb","tag-pt","tag-renan-calheiros","tag-romero-juca","tag-senadores"],"_links":{"self":[{"href":"https:\/\/tvbrazilusa.com\/pt\/wp-json\/wp\/v2\/posts\/39858","targetHints":{"allow":["GET"]}}],"collection":[{"href":"https:\/\/tvbrazilusa.com\/pt\/wp-json\/wp\/v2\/posts"}],"about":[{"href":"https:\/\/tvbrazilusa.com\/pt\/wp-json\/wp\/v2\/types\/post"}],"author":[{"embeddable":true,"href":"https:\/\/tvbrazilusa.com\/pt\/wp-json\/wp\/v2\/users\/1"}],"replies":[{"embeddable":true,"href":"https:\/\/tvbrazilusa.com\/pt\/wp-json\/wp\/v2\/comments?post=39858"}],"version-history":[{"count":1,"href":"https:\/\/tvbrazilusa.com\/pt\/wp-json\/wp\/v2\/posts\/39858\/revisions"}],"predecessor-version":[{"id":39860,"href":"https:\/\/tvbrazilusa.com\/pt\/wp-json\/wp\/v2\/posts\/39858\/revisions\/39860"}],"wp:featuredmedia":[{"embeddable":true,"href":"https:\/\/tvbrazilusa.com\/pt\/wp-json\/wp\/v2\/media\/39859"}],"wp:attachment":[{"href":"https:\/\/tvbrazilusa.com\/pt\/wp-json\/wp\/v2\/media?parent=39858"}],"wp:term":[{"taxonomy":"category","embeddable":true,"href":"https:\/\/tvbrazilusa.com\/pt\/wp-json\/wp\/v2\/categories?post=39858"},{"taxonomy":"post_tag","embeddable":true,"href":"https:\/\/tvbrazilusa.com\/pt\/wp-json\/wp\/v2\/tags?post=39858"}],"curies":[{"name":"wp","href":"https:\/\/api.w.org\/{rel}","templated":true}]}}