{"id":39872,"date":"2024-09-20T22:50:51","date_gmt":"2024-09-20T22:50:51","guid":{"rendered":"https:\/\/tvbrazilusa.com\/2024\/09\/20\/nunca-vi-nada-assim-alex-cora-preocupado-com-a-mare-de-azar-de-rafael-devers-mas-confiante-que-ele-vai-superar-isso\/"},"modified":"2024-09-20T23:17:29","modified_gmt":"2024-09-20T23:17:29","slug":"nunca-vi-nada-assim-alex-cora-preocupado-com-a-mare-de-azar-de-rafael-devers-mas-confiante-que-ele-vai-superar-isso","status":"publish","type":"post","link":"https:\/\/tvbrazilusa.com\/pt\/2024\/09\/20\/nunca-vi-nada-assim-alex-cora-preocupado-com-a-mare-de-azar-de-rafael-devers-mas-confiante-que-ele-vai-superar-isso\/","title":{"rendered":"&#8216;Nunca vi nada assim&#8217;: Alex Cora preocupado com a mar\u00e9 de azar de Rafael Devers, mas confiante que ele vai superar isso"},"content":{"rendered":"<p> <script async src=\"https:\/\/pagead2.googlesyndication.com\/pagead\/js\/adsbygoogle.js?client=ca-pub-8864793242727901\"\r\n     crossorigin=\"anonymous\"><\/script><br \/>\n<\/p>\n<div id=\"\">\n<header class=\"m-article-header m-article-header--standard\">\n\t\t\t\t\t\t\t\t\t\t\t\t<span id=\"article-header-primary-term\"><br \/>\n\t\t\t\t\t\t\t\t<a class=\"a-term a-term--primary\" href=\"https:\/\/www.boston.com\/tag\/boston-red-sox\/\"><\/p>\n<p>\t\t\t\t\t\t\t\tRed Sox\t\t\t\t\t\t\t\t<\/a><br \/>\n\t\t\t\t\t\t\t<\/span><\/p>\n<h2 class=\"m-article-header__sub-headline\">At\u00e9 sexta-feira, Devers n\u00e3o fazia um home run desde 25 de agosto.<\/h2>\n<figure class=\"a-photo m-article-header__photo\"><figcaption class=\"a-photo__caption\">\n<p>\tRafael Devers caiu no bast\u00e3o no pior momento para o Red Sox na reta final.<em> Luke Hales\/Getty Images<\/em>\t<\/figcaption><\/figure>\n<\/header>\n<div class=\"m-block t-amp__list-container m-article-list-container m-article-list-container--frame-border a-border-frame  a-list-header__headline--red m-article-list--alternative--default  m-article-list--floated\">\n<ul class=\"t-amp__list a-list--no-style m-article-list m-article-list--recirculation m-article-list--has-images\">\n<li class=\"m-article-list__item m-article-list__item--featured\">\n\t\t\t\t<a class=\"m-article-list__link-wrapper\" href=\"https:\/\/www.boston.com\/sports\/boston-red-sox\/2024\/09\/20\/red-sox-american-league-playoff-contenders\/\" data-p1=\"article_recirc_inline_feature\"><br \/>\n\t\t\t\t<img fetchpriority=\"high\" decoding=\"async\" width=\"768\" height=\"432\" src=\"https:\/\/bdc2020.o0bc.com\/wp-content\/uploads\/2024\/09\/https___media.gettyimages.com_id_2173238083_photo_boston-red-sox-v-tampa-bay-rays-66ed912385fa3-768x432.jpg\" class=\"t-amp__list-image m-article-list__image m-article-list__image--full\" alt=\"\" aria-hidden=\"true\" srcset=\"https:\/\/bdc2020.o0bc.com\/wp-content\/uploads\/2024\/09\/https___media.gettyimages.com_id_2173238083_photo_boston-red-sox-v-tampa-bay-rays-66ed912385fa3-768x432.jpg?width=200 200w, https:\/\/bdc2020.o0bc.com\/wp-content\/uploads\/2024\/09\/https___media.gettyimages.com_id_2173238083_photo_boston-red-sox-v-tampa-bay-rays-66ed912385fa3-768x432.jpg?width=300 300w, https:\/\/bdc2020.o0bc.com\/wp-content\/uploads\/2024\/09\/https___media.gettyimages.com_id_2173238083_photo_boston-red-sox-v-tampa-bay-rays-66ed912385fa3-768x432.jpg?width=400 400w, https:\/\/bdc2020.o0bc.com\/wp-content\/uploads\/2024\/09\/https___media.gettyimages.com_id_2173238083_photo_boston-red-sox-v-tampa-bay-rays-66ed912385fa3-768x432.jpg?width=500 500w, https:\/\/bdc2020.o0bc.com\/wp-content\/uploads\/2024\/09\/https___media.gettyimages.com_id_2173238083_photo_boston-red-sox-v-tampa-bay-rays-66ed912385fa3-768x432.jpg?width=600 600w, https:\/\/bdc2020.o0bc.com\/wp-content\/uploads\/2024\/09\/https___media.gettyimages.com_id_2173238083_photo_boston-red-sox-v-tampa-bay-rays-66ed912385fa3-768x432.jpg?width=700 700w, https:\/\/bdc2020.o0bc.com\/wp-content\/uploads\/2024\/09\/https___media.gettyimages.com_id_2173238083_photo_boston-red-sox-v-tampa-bay-rays-66ed912385fa3-768x432.jpg?width=800 800w, https:\/\/bdc2020.o0bc.com\/wp-content\/uploads\/2024\/09\/https___media.gettyimages.com_id_2173238083_photo_boston-red-sox-v-tampa-bay-rays-66ed912385fa3-768x432.jpg?width=900 900w\" sizes=\"(max-width: 768px) 100vw, 768px\"\/>\t\t\t\t\t<\/p>\n<p><h4 class=\"m-article-list__headline t-amp__list-headline\">\n\t\t\t\t\t\t\t<span class=\"m-article-list__link a-link a-link--inline a-link--text-link a-link--text-link-dark\"><\/p>\n<p>\t\t\t\t\t\t\t\u00c0 medida que mais um ano de queda do Red Sox chega ao fim, n\u00e3o faltam futuros concorrentes\t\t\t\t\t\t\t<\/span><br \/>\n\t\t\t\t\t\t<\/h4>\n<\/p>\n<p>\t\t\t\t<\/a>\n\t\t\t<\/li>\n<\/ul>\n<\/div>\n<p>Rafael Devers est\u00e1 no meio do que talvez seja o pior momento de sua carreira na MLB.<\/p>\n<p>Ele foi 0-para-11 com oito strikeouts em tr\u00eas jogos contra o Tampa Bay Rays esta semana, contribuindo para um setembro sombrio para o <a href=\"https:\/\/www.boston.com\/sports\/boston-red-sox\/2024\/09\/20\/red-sox-american-league-playoff-contenders\/\" target=\"_blank\" rel=\"noreferrer noopener\">Red Sox<\/a> estrela. Devers est\u00e1 rebatendo .183 este m\u00eas, acumulando apenas uma rebatida extra-base em 17 jogos.<\/p>\n<p>O jogador de 27 anos n\u00e3o faz um home run desde 25 de agosto e conseguiu apenas uma rebatida extra-base em setembro.<\/p>\n<p>O gerente Alex Cora discutiu as dificuldades de Devers antes da s\u00e9rie de Boston contra o Minnesota Twins no Fenway Park neste fim de semana. Ele disse que est\u00e1 preocupado com a falta de produ\u00e7\u00e3o de Devers, mas espera que o rebatedor consiga resolver isso com nove jogos da temporada regular restantes.<\/p>\n<p>\u201cEu nunca vi nada assim\u2026 Ele est\u00e1 a um clique de acertar um\u201d, disse Cora, <a href=\"https:\/\/x.com\/alexspeier\/status\/1837236613773992001\" target=\"_blank\" rel=\"noreferrer noopener\">por <em>O Globo de Boston<\/em>de Alex Speier.<\/a> \u201cMinha maior preocupa\u00e7\u00e3o, ou algo assim, \u00e9 que ele n\u00e3o est\u00e1 conduzindo a bola para o centro-esquerdo&#8230; Isso me diz que, mecanicamente, algo est\u00e1 errado.<\/p>\n<p>\u201cEle \u00e9 o nosso cara, e isso n\u00e3o aconteceu. \u2026 Espero que aconte\u00e7a hoje e ele fique quente.\u201d<\/p>\n<figure class=\"wp-block-embed is-type-video is-provider-sendtonews wp-block-embed-sendtonews\"\/>\n<p>A s\u00e9rie deste fim de semana com os Twins deveria ser grande para os Red Sox. N\u00e3o muito tempo atr\u00e1s, ambos os clubes estavam disputando a terceira e \u00faltima vaga de wild card da American League. Entrando na sexta-feira, Boston est\u00e1 4 jogos atr\u00e1s da vaga; enquanto isso, os Twins e Detroit Tigers est\u00e3o empatados.<\/p>\n<p>Embora esses jogos possam n\u00e3o significar muito para as baixas esperan\u00e7as de playoff do Red Sox (0,7 por cento de chance de chegar \u00e0 p\u00f3s-temporada, <a href=\"https:\/\/www.fangraphs.com\/standings\/playoff-odds\" target=\"_blank\" rel=\"noreferrer noopener\">de acordo com FanGraphs<\/a>), jogadores individuais como Devers podem usar esses jogos para acertar o swing.<\/p>\n<p>Como Cora mencionou, o rebatedor canhoto n\u00e3o tem ido para o campo oposto em meio \u00e0 sua fase fria no bast\u00e3o. Devers consistentemente lan\u00e7a bolas para o campo esquerdo quando ele parece ele mesmo no bast\u00e3o, e ele simplesmente n\u00e3o parece ele mesmo h\u00e1 algum tempo.<\/p>\n<p>O terceira base foi eliminado 18 vezes neste m\u00eas e conseguiu apenas oito walks desde a virada do calend\u00e1rio. Devers acumulou 10 singles e m\u00edseras tr\u00eas corridas, enquanto as esperan\u00e7as de playoffs de Boston rapidamente se dissiparam.<\/p>\n<p>Ele tamb\u00e9m cometeu uma boa quantidade de erros neste ano, cometendo 12 para uma porcentagem de aproveitamento em campo de 0,959.<\/p>\n<p>Devers sofreu uma les\u00e3o persistente no ombro que remonta ao treinamento de primavera, mas disse a Cora que isso &#8220;n\u00e3o \u00e9 mais um problema&#8221;. <a href=\"https:\/\/x.com\/alexspeier\/status\/1837238635151712401\" target=\"_blank\" rel=\"noreferrer noopener\">de acordo com Speier.<\/a> O rebatedor j\u00e1 foi visto com dores vis\u00edveis ap\u00f3s golpes diversas vezes nesta temporada, mas parece que algo mais est\u00e1 contribuindo para suas dificuldades ofensivas.<\/p>\n<p>Dependendo do desenrolar da s\u00e9rie para o Red Sox e do desempenho de Devers, o time pode decidir n\u00e3o jog\u00e1-lo pelo resto do m\u00eas.<\/p>\n<div class=\"m-block m-generic-cta\t m-generic-cta--post-content\t m-generic-cta--dark\t m-generic-cta--homepage\t m-generic-cta--email-signup\t\t m-generic-cta-block-style--default \tt-amp__generic-cta\"><\/p>\n<div class=\"m-generic-cta__wrap\">\n<div class=\"m-generic-cta__content\">\n<h3 class=\"m-generic-cta__title\">Inscreva-se para receber atualiza\u00e7\u00f5es do Red Sox\u26be<\/h3>\n<p class=\"m-generic-cta__subtitle\">Receba not\u00edcias de \u00faltima hora e an\u00e1lises na sua caixa de entrada durante a temporada de beisebol.<\/p>\n<\/p><\/div>\n<\/p><\/div>\n<\/div><\/div>\n<p><script>\n\t\tvar consent=\"grant\";\n\t\t\/* The above code is parsing the JSON data from the local storage and storing it in a variable. *\/\n\t\t\t\t\tconst onetrustStorageConsent = JSON.parse(localStorage.getItem( 'consent_one_trust_bdc' ) );\n\t\t\tif ( ( onetrustStorageConsent !== null ) ) {\n\t\t\t\t\/* Checking to see if the user has consented to the use of cookies.\n\t\t\t\t* If they have not, it is deleting the cookie.\n\t\t\t\t* This will comment for now, until further notice.\n\t\t\t\t*\/\n\t\t\t\t\/\/if ( onetrustStorageConsent.C0002 === false ) {\n\t\t\t\t\/\/\tdocument.cookie=\"_fbp=;expires=Thu, 01 Jan 2010 00:00:00 UTC; path=\/; domain=.boston.com\";\n\t\t\t\t\/\/}\n\t\t\t\t\/* Checking if the user has given consent for the cookie C0002.\n\t\t\t\t* If the user has given consent, the variable consent will be set to 'grant'.\n\t\t\t\t* If the user has not given consent,the variable consent will be set to 'revoke'.\n\t\t\t\t* Documentation https:\/\/developers.facebook.com\/docs\/meta-pixel\/implementation\/gdpr\n\t\t\t\t*\/\n\t\t\t\tif ( onetrustStorageConsent.C0002 !== true ) {\n\t\t\t\t\tconsent=\"revoke\";\n\t\t\t\t}\n\t\t\t}\n\t\t\t\t!function(f,b,e,v,n,t,s)\n\t\t{if(f.fbq)return;n=f.fbq=function(){n.callMethod?\n\t\tn.callMethod.apply(n,arguments):n.queue.push(arguments)};\n\t\tif(!f._fbq)f._fbq=n;n.push=n;n.loaded=!0;n.version='2.0';\n\t\tn.queue=[];t=b.createElement(e);t.async=!0;\n\t\tt.src=v;s=b.getElementsByTagName(e)[0];\n\t\ts.parentNode.insertBefore(t,s)}(window, document,'script',\n\t\t'https:\/\/connect.facebook.net\/en_US\/fbevents.js');\n\t\tfbq('consent', consent);\n\t\tfbq('init', '989222871864976');\n\t\tfbq('track', 'PageView');\n\t<\/script><script type=\"module\">\n\t\tvar consent=\"grant\";\n\t\t\/* The above code is parsing the JSON data from the local storage and storing it in a variable. *\/\n\t\t\tconst onetrustStorageConsent = JSON.parse(localStorage.getItem( 'consent_one_trust_bdc' ) );\n\t\t\t\/* Checking to see if the user has consented to the use of cookies.\n\t\t\t* If they have not, it is deleting the cookie.\n\t\t\t* This will comment for now, until further notice.\n\t\t\t*\/\n\t\t\t\/\/if ( onetrustStorageConsent.C0002 === false ) {\n\t\t\t\/\/\tdocument.cookie=\"_fbp=;expires=Thu, 01 Jan 2010 00:00:00 UTC; path=\/; domain=.boston.com\";\n\t\t\t\/\/}\n\t\t\t\/* Checking if the user has given consent for the cookie C0002.\n\t\t\t* If the user has given consent, the variable consent will be set to 'grant'.\n\t\t\t* If the user has not given consent,the variable consent will be set to 'revoke'.\n\t\t\t* Documentation https:\/\/developers.facebook.com\/docs\/meta-pixel\/implementation\/gdpr\n\t\t\t*\/\n\t\t\tif ( ( onetrustStorageConsent !== null ) && (onetrustStorageConsent.C0002 !== true ) ) {\n\t\t\t\tconsent=\"revoke\";\n\t\t\t}\n\t\t\t\t!function(f,b,e,v,n,t,s){if(f.fbq)return;n=f.fbq=function()\n\t\t{n.callMethod? n.callMethod.apply(n,arguments):n.queue.push(arguments)}\n\t\t;if(!f._fbq)f._fbq=n;\n\t\tn.push=n;n.loaded=!0;n.version='2.0';n.queue=[];t=b.createElement(e);t.async=!0;\n\t\tt.src=v;s=b.getElementsByTagName(e)[0];s.parentNode.insertBefore(t,s)}(window,\n\t\tdocument,'script','https:\/\/connect.facebook.net\/en_US\/fbevents.js');\n\t\tfbq('consent', consent);\n\t\tfbq('init', '813236348753005');\n\t\tfbq('track', \"PageView\");\n\t<\/script><br \/>\n<br \/><br \/>\n<br \/><a href=\"https:\/\/www.boston.com\/sports\/boston-red-sox\/2024\/09\/20\/rafael-devers-alex-cora-cold-streak-september-red-sox\/\">Source link <\/a><\/p>","protected":false},"excerpt":{"rendered":"<p>Red Sox At\u00e9 sexta-feira, Devers n\u00e3o fazia um home run desde 25 de agosto. Rafael Devers caiu no bast\u00e3o no pior momento para o Red Sox na reta final. Luke&hellip;<\/p>","protected":false},"author":1,"featured_media":39873,"comment_status":"closed","ping_status":"open","sticky":false,"template":"","format":"standard","meta":{"content-type":"","footnotes":""},"categories":[1],"tags":[],"class_list":["post-39872","post","type-post","status-publish","format-standard","has-post-thumbnail","hentry","category-uncategorized"],"_links":{"self":[{"href":"https:\/\/tvbrazilusa.com\/pt\/wp-json\/wp\/v2\/posts\/39872","targetHints":{"allow":["GET"]}}],"collection":[{"href":"https:\/\/tvbrazilusa.com\/pt\/wp-json\/wp\/v2\/posts"}],"about":[{"href":"https:\/\/tvbrazilusa.com\/pt\/wp-json\/wp\/v2\/types\/post"}],"author":[{"embeddable":true,"href":"https:\/\/tvbrazilusa.com\/pt\/wp-json\/wp\/v2\/users\/1"}],"replies":[{"embeddable":true,"href":"https:\/\/tvbrazilusa.com\/pt\/wp-json\/wp\/v2\/comments?post=39872"}],"version-history":[{"count":1,"href":"https:\/\/tvbrazilusa.com\/pt\/wp-json\/wp\/v2\/posts\/39872\/revisions"}],"predecessor-version":[{"id":39874,"href":"https:\/\/tvbrazilusa.com\/pt\/wp-json\/wp\/v2\/posts\/39872\/revisions\/39874"}],"wp:featuredmedia":[{"embeddable":true,"href":"https:\/\/tvbrazilusa.com\/pt\/wp-json\/wp\/v2\/media\/39873"}],"wp:attachment":[{"href":"https:\/\/tvbrazilusa.com\/pt\/wp-json\/wp\/v2\/media?parent=39872"}],"wp:term":[{"taxonomy":"category","embeddable":true,"href":"https:\/\/tvbrazilusa.com\/pt\/wp-json\/wp\/v2\/categories?post=39872"},{"taxonomy":"post_tag","embeddable":true,"href":"https:\/\/tvbrazilusa.com\/pt\/wp-json\/wp\/v2\/tags?post=39872"}],"curies":[{"name":"wp","href":"https:\/\/api.w.org\/{rel}","templated":true}]}}