{"id":39885,"date":"2024-09-20T23:39:48","date_gmt":"2024-09-20T23:39:48","guid":{"rendered":"https:\/\/tvbrazilusa.com\/2024\/09\/20\/resumo-do-treinamento-do-bruins-david-pastrnak-focado-em-apenas-um-objetivo-na-11a-temporada\/"},"modified":"2024-09-20T23:42:30","modified_gmt":"2024-09-20T23:42:30","slug":"resumo-do-treinamento-do-bruins-david-pastrnak-focado-em-apenas-um-objetivo-na-11a-temporada","status":"publish","type":"post","link":"https:\/\/tvbrazilusa.com\/pt\/2024\/09\/20\/resumo-do-treinamento-do-bruins-david-pastrnak-focado-em-apenas-um-objetivo-na-11a-temporada\/","title":{"rendered":"Resumo do treinamento do Bruins: David Pastrnak focado em apenas um objetivo na 11\u00aa temporada"},"content":{"rendered":"<p> <script async src=\"https:\/\/pagead2.googlesyndication.com\/pagead\/js\/adsbygoogle.js?client=ca-pub-8864793242727901\"\r\n     crossorigin=\"anonymous\"><\/script><br \/>\n<\/p>\n<div id=\"\">\n<header class=\"m-article-header m-article-header--standard\">\n\t\t\t\t\t\t\t\t\t\t\t\t<span id=\"article-header-primary-term\"><br \/>\n\t\t\t\t\t\t\t\t<a class=\"a-term a-term--primary\" href=\"https:\/\/www.boston.com\/tag\/boston-bruins\/\"><\/p>\n<p>\t\t\t\t\t\t\t\tBruins\t\t\t\t\t\t\t\t<\/a><br \/>\n\t\t\t\t\t\t\t<\/span><\/p>\n<h2 class=\"m-article-header__sub-headline\">\u201cQuero ganhar a Ta\u00e7a.\u201d<\/h2>\n<figure class=\"a-photo m-article-header__photo\"><figcaption class=\"a-photo__caption\">\n<p>\tDavid Pastrnak est\u00e1 entrando em sua 11\u00aa temporada com os Bruins. <em> John Tlumacki\/Equipe Globe <\/em>\t<\/figcaption><\/figure>\n<\/header>\n<p>Os Bruins retornaram \u00e0 Warrior Ice Arena para seu segundo dia de treinamento de patina\u00e7\u00e3o na manh\u00e3 de sexta-feira. <\/p>\n<p>Os Bruins ter\u00e3o uma breve recupera\u00e7\u00e3o antes de aumentar suas repeti\u00e7\u00f5es, j\u00e1 que Boston realizar\u00e1 um treino preto e dourado na tarde de s\u00e1bado no Amica Mutual Pavilion em Providence antes de receber os Rangers no TD Garden para sua abertura da pr\u00e9-temporada no domingo. <\/p>\n<p>Aqui est\u00e3o algumas li\u00e7\u00f5es do segundo dia de treinos de Boston em Brighton.<\/p>\n<h3 class=\"wp-block-heading\" id=\"h-it-s-cup-or-bust-for-pastrnak\"><strong>\u00c9 Copa ou nada para Pastrnak<\/strong><\/h3>\n<p>David Pastrnak n\u00e3o mediu palavras quando se tratou de definir suas metas para uma 11\u00aa temporada com um su\u00e9ter preto e dourado. <\/p>\n<p>\u201cQuero ganhar a Copa\u201d, declarou ele quando questionado sobre suas prioridades para 2024-25. <\/p>\n<p>O ponta de 28 anos conquistou muito durante sua d\u00e9cada em Boston, estabelecendo-se como uma das estrelas mais elogiadas do h\u00f3quei e o condutor do poder de fogo ofensivo dos Bruins. <\/p>\n<p>Ele j\u00e1 tem quatro temporadas com 40 gols em seu curr\u00edculo (incluindo 61 gols, o recorde de sua carreira, em 2022-23) e se tornou o primeiro Bruin com campanhas consecutivas de 100 pontos desde que o membro do Hall da Fama Adam Oates acumulou tr\u00eas d\u00edgitos de 1992 a 1994. <\/p>\n<p>Mas uma coisa que escapou a Pastrnak e \u00e0 maioria de seus companheiros de equipe foi o maior pr\u00eamio do h\u00f3quei \u2014 e a honra de ser o \u00fanico time entre 32 a vencer o jogo final do ano. <\/p>\n<p>Ele chegou perto. Pastrnak e seus companheiros de equipe ficaram a 60 minutos de um t\u00edtulo em 2019 contra o Blues \u2014 enquanto uma campanha recorde de 2022-23 foi para o ralo na primeira rodada da p\u00f3s-temporada nas m\u00e3os do Panthers. <\/p>\n<p>Um novo ano apresenta uma lousa limpa. E <a href=\"https:\/\/www.boston.com\/sports\/boston-bruins\/2024\/09\/18\/don-sweeney-jeremy-swayman-nhl-hockey-reports-rumors-contract-spittin-chiclets\/\" target=\"_blank\" rel=\"noreferrer noopener\">enquanto o status do contrato de Jeremy Swayman<\/a> ainda paira sobre esta lista, Pastrnak acredita que esta equipe tem uma chance t\u00e3o boa quanto qualquer outra de fazer sucesso na primavera \u2014 especialmente ap\u00f3s algumas adi\u00e7\u00f5es importantes na offseason. <\/p>\n<p>\u201cEstamos aqui h\u00e1 um tempo, e todo ano temos uma equipe competitiva que est\u00e1 pronta para competir e lutar pelo objetivo final que todos n\u00f3s estamos tentando alcan\u00e7ar\u201d, disse Pastrnak. \u201cEnt\u00e3o \u00e9 cedo, os primeiros dias do campo de treinamento.<\/p>\n<p>&#8220;Mas as adi\u00e7\u00f5es est\u00e3o aqui, e agora cabe a n\u00f3s garantir que possamos nos unir como um grupo \u2014 tentar construir algo especial.&#8221;<\/p>\n<p>Antes o atirador efetivo da sobrecarregada linha de ataque do Boston, composta por Patrice Bergeron e Brad Marchand, Pastrnak agora se tornou seu pr\u00f3prio gigante do O-zone \u2014 capaz de elevar praticamente qualquer jogador ao seu redor. <\/p>\n<p>Mesmo ap\u00f3s as sa\u00eddas de Patrice Bergeron e David Krejci (e com as equipes fazendo esfor\u00e7os concentrados para tirar seu brilhante arremesso de uma s\u00f3 vez), Pastrnak assumiu um papel mais de armador em 2023-24, com 63 assist\u00eancias, a melhor marca da carreira, a caminho de 110 pontos.<\/p>\n<p>O elenco de apoio de Pastrnak deve ser ainda mais forte neste outono, com Elias Lindholm sendo esperado para patinar com ele e Pavel Zacha. <\/p>\n<p>\u201cEle tem um pouco dos dois, Krech e Bergy\u201d, disse Pastrnak sobre seus primeiros relat\u00f3rios de olheiros de Lindholm. \u201cObviamente, ele \u00e9 um \u00f3timo jogador de duas vias e tem um alto QI de h\u00f3quei. Ele \u00e9 destro \u2014 joguei a maior parte da minha carreira com os centromen destros, ent\u00e3o estou realmente animado para construir qu\u00edmica. <\/p>\n<p>\u201cE quer joguemos juntos ou n\u00e3o, com certeza teremos alguns olhares no power play ou no cinco contra cinco.\u201d<\/p>\n<p>Pastrnak teve a oportunidade de saborear um t\u00edtulo no in\u00edcio desta offseason, com ele e Zacha ajudando sua Rep\u00fablica Tcheca natal a levar para casa a medalha de ouro no Campeonato Mundial de 2024 \u2014 com a disputa pelo t\u00edtulo realizada em Praga. <\/p>\n<p>Com base nas reflex\u00f5es de Pastrnak, vencer no cen\u00e1rio internacional est\u00e1 acrescentando ainda mais motiva\u00e7\u00e3o para uma estrela que busca levantar uma Ta\u00e7a no TD Garden em um futuro pr\u00f3ximo. <\/p>\n<p>\u201cFoi obviamente uma experi\u00eancia e tanto\u201d, disse Pastrnak. \u201cGanhar em casa, na frente de todo o pa\u00eds, e o pa\u00eds se uniu&#8230; Foi uma grande vit\u00f3ria. Eu precisava disso. Eu pessoalmente gostei. Foi uma grande medalha de ouro.<\/p>\n<p>\u201cEu me diverti e aproveitei l\u00e1, mas, por outro lado, eu uso isso como motiva\u00e7\u00e3o. Foi a primeira grande vit\u00f3ria da minha carreira. Eu uso isso como motiva\u00e7\u00e3o, viro a p\u00e1gina e foco no pr\u00f3ximo objetivo.\u201d<\/p>\n<figure class=\"wp-block-embed is-type-video is-provider-youtube wp-block-embed-youtube wp-embed-aspect-16-9 wp-has-aspect-ratio\">\n<p>\n<iframe title=\"Czechia vs. Switzerland GOLD MEDAL GAME HIGHLIGHTS | 2024 Men&#039;s World Hockey Championships\" width=\"1170\" height=\"658\" src=\"https:\/\/www.youtube.com\/embed\/09q9uH4I8IM?feature=oembed\" frameborder=\"0\" allow=\"accelerometer; autoplay; clipboard-write; encrypted-media; gyroscope; picture-in-picture; web-share\" referrerpolicy=\"strict-origin-when-cross-origin\" allowfullscreen><\/iframe>\n<\/p>\n<\/figure>\n<h3 class=\"wp-block-heading\" id=\"h-lineup-report\">RELAT\u00d3RIO DE ALINHAMENTO<\/h3>\n<p>Confira as escala\u00e7\u00f5es do Boston na sexta-feira: <\/p>\n<p><strong>Grupo A <\/strong><\/p>\n<p>Zacha-Poitras-Pastrnak<br \/>Harrison-Frederico-Koepke<br \/>Tufte-Merkulov-Lettieri<br \/>Viel-Nelson-Brown<\/p>\n<p>Zadorov-McAvoy<br \/>Wotherspoon-Mitchell<br \/>Brunet-B\u00e1varo<br \/>Johansson-Sweezey<\/p>\n<p>Korpisalo<br \/>Di Pietro<br \/>Maier<\/p>\n<p><strong>Grupo B<\/strong><\/p>\n<p>Johnson-Coyle-Lysell<br \/>Jones-Geekie-Brazeau<br \/>Beecher-Kastelic-Duran<br \/>Harrison-Kuntar\/Farinacci-McLaughlin<\/p>\n<p>Lindholm-Carlo<br \/>Lohrei-Pique<br \/>Callahan-Oesterle<br \/>Millman-Mast<\/p>\n<p>\u00d4nibus<br \/>Kaskisuo<br \/>Bischel<\/p>\n<p>Elias Lindholm n\u00e3o estava no gelo no treino de sexta-feira, com Matt Poitras se encaixando na linha com Pastrnak e Zacha. <\/p>\n<p>\u201cTalvez ele n\u00e3o estivesse acostumado com o ritmo tcheco \u2014 \u00e9 por isso que ele precisava de um dia de folga hoje\u201d, brincou Pastrnak sobre seu novo centroavante. <\/p>\n<p>Jim Montgomery observou ap\u00f3s o treino que a aus\u00eancia de Lindholm foi apenas por precau\u00e7\u00e3o. <\/p>\n<p>\u201cEstamos apenas sendo extremamente cautelosos\u201d, observou o treinador principal de Boston. \u201cEle estava um pouco, n\u00e3o sei se &#8216;dolorido&#8217; \u00e9 mesmo a palavra certa, mas eu disse a ele que ele n\u00e3o est\u00e1 treinando hoje, tirando um dia de manuten\u00e7\u00e3o. \u201cEle estar\u00e1 de volta em breve.\u201d<\/p>\n<h3 class=\"wp-block-heading\" id=\"h-loose-pucks\"><strong>Discos soltos<\/strong><\/h3>\n<p>Brad Marchand, Jackson Edward e Alec Regula patinaram antes do treino na manh\u00e3 de sexta-feira. Marchand enfatizou que ficaria alguns dias atr\u00e1s do resto do grupo enquanto se recuperava de tr\u00eas cirurgias de offseason, enquanto Edward e Regula est\u00e3o se recuperando de les\u00f5es sofridas durante o Prospects Challenge anual em Buffalo na semana passada. <\/p>\n<figure class=\"wp-block-embed is-type-rich is-provider-twitter wp-block-embed-twitter\"\/>\n<p>\u2014\u2014\u2014<\/p>\n<p><a target=\"_blank\" href=\"https:\/\/www.boston.com\/sports\/boston-bruins\/2024\/07\/09\/projecting-bruins-2024-25-lineup-could-bruins-opt-for-youth-movement-up-front\/\" rel=\"noreferrer noopener\">Nossa proje\u00e7\u00e3o inicial de escala\u00e7\u00e3o a partir de julho<\/a> teve um grupo de quarta linha com Max Jones, Mark Kastelic e Johnny Beecher. H\u00e1 muito o que gostar sobre o que todos os tr\u00eas patinadores mostraram at\u00e9 agora, mas Riley Duran continua a impressionar. O nativo de Woburn<a target=\"_blank\" href=\"https:\/\/www.boston.com\/sports\/boston-bruins\/2024\/09\/12\/boston-bruins-prospects-riley-duran-nhl-hockey-rookie-camp\/\" rel=\"noreferrer noopener\"> j\u00e1 tem bastante impulso do seu lado<\/a>e pareceu uma combina\u00e7\u00e3o natural em dois treinos de patina\u00e7\u00e3o com Kastelic e Beecher. <\/p>\n<p>\u201cAcho que ele est\u00e1 fazendo um \u00f3timo trabalho de ajuste\u201d, disse Montgomery sobre os primeiros retornos de Duran. \u201cEle est\u00e1 no lugar certo. Ele \u00e9 posicionalmente s\u00f3lido. Ele faz jogadas na parede. Ele faz jogadas em todas as tr\u00eas zonas, assimila o que estamos tentando ensinar muito r\u00e1pido, faz perguntas realmente boas. Ent\u00e3o, h\u00e1 muitos pontos positivos sobre Riley Duran.<\/p>\n<p>Jones, enquanto isso, se encaixou bem em uma linha mais pesada com Trent Frederic e Justin Brazeau fora do port\u00e3o. Veremos como essas linhas mudam quando a lista do acampamento come\u00e7ar a ser reduzida, mas parece que Montgomery n\u00e3o ter\u00e1 escassez de op\u00e7\u00f5es atraentes quando se trata de completar seu grupo de seis \u00faltimos. <\/p>\n<p>\u2014\u2014\u2014<\/p>\n<p>O atacante Joey Abate tamb\u00e9m tem alguma mordida em seu jogo. O ponta de 25 anos estava jogando um pouco de seu peso durante os treinos de batalha contra Kastelic e aquele grupo. Espera-se que Abate seja um atacante de verifica\u00e7\u00e3o confi\u00e1vel em Providence este ano, mas est\u00e1 claro que Boston n\u00e3o ter\u00e1 escassez de atacantes r\u00e1pidos dispon\u00edveis para convoca\u00e7\u00f5es se seus jogadores regulares da quarta linha forem machucados.  <\/p>\n<p>\u2014\u2014\u2014<\/p>\n<p>Pastrnak e Brandon Carlo lideraram os alongamentos p\u00f3s-treino dos Grupos A e B, respectivamente. <\/p>\n<figure class=\"wp-block-embed is-type-rich is-provider-twitter wp-block-embed-twitter\"\/>\n<div class=\"m-block m-generic-cta\t m-generic-cta--post-content\t m-generic-cta--dark\t m-generic-cta--homepage\t m-generic-cta--email-signup\t\t m-generic-cta-block-style--default \tt-amp__generic-cta\"><\/p>\n<div class=\"m-generic-cta__wrap\">\n<div class=\"m-generic-cta__content\">\n<h3 class=\"m-generic-cta__title\">Inscreva-se para receber atualiza\u00e7\u00f5es do Bruins\ud83c\udfd2 <\/h3>\n<p class=\"m-generic-cta__subtitle\">Receba not\u00edcias de \u00faltima hora e an\u00e1lises na sua caixa de entrada durante a temporada de h\u00f3quei.<\/p>\n<\/p><\/div>\n<\/p><\/div>\n<\/div><\/div>\n<p><script>\n\t\tvar consent=\"grant\";\n\t\t\/* The above code is parsing the JSON data from the local storage and storing it in a variable. *\/\n\t\t\t\t\tconst onetrustStorageConsent = JSON.parse(localStorage.getItem( 'consent_one_trust_bdc' ) );\n\t\t\tif ( ( onetrustStorageConsent !== null ) ) {\n\t\t\t\t\/* Checking to see if the user has consented to the use of cookies.\n\t\t\t\t* If they have not, it is deleting the cookie.\n\t\t\t\t* This will comment for now, until further notice.\n\t\t\t\t*\/\n\t\t\t\t\/\/if ( onetrustStorageConsent.C0002 === false ) {\n\t\t\t\t\/\/\tdocument.cookie=\"_fbp=;expires=Thu, 01 Jan 2010 00:00:00 UTC; path=\/; domain=.boston.com\";\n\t\t\t\t\/\/}\n\t\t\t\t\/* Checking if the user has given consent for the cookie C0002.\n\t\t\t\t* If the user has given consent, the variable consent will be set to 'grant'.\n\t\t\t\t* If the user has not given consent,the variable consent will be set to 'revoke'.\n\t\t\t\t* Documentation https:\/\/developers.facebook.com\/docs\/meta-pixel\/implementation\/gdpr\n\t\t\t\t*\/\n\t\t\t\tif ( onetrustStorageConsent.C0002 !== true ) {\n\t\t\t\t\tconsent=\"revoke\";\n\t\t\t\t}\n\t\t\t}\n\t\t\t\t!function(f,b,e,v,n,t,s)\n\t\t{if(f.fbq)return;n=f.fbq=function(){n.callMethod?\n\t\tn.callMethod.apply(n,arguments):n.queue.push(arguments)};\n\t\tif(!f._fbq)f._fbq=n;n.push=n;n.loaded=!0;n.version='2.0';\n\t\tn.queue=[];t=b.createElement(e);t.async=!0;\n\t\tt.src=v;s=b.getElementsByTagName(e)[0];\n\t\ts.parentNode.insertBefore(t,s)}(window, document,'script',\n\t\t'https:\/\/connect.facebook.net\/en_US\/fbevents.js');\n\t\tfbq('consent', consent);\n\t\tfbq('init', '989222871864976');\n\t\tfbq('track', 'PageView');\n\t<\/script><script type=\"module\">\n\t\tvar consent=\"grant\";\n\t\t\/* The above code is parsing the JSON data from the local storage and storing it in a variable. *\/\n\t\t\tconst onetrustStorageConsent = JSON.parse(localStorage.getItem( 'consent_one_trust_bdc' ) );\n\t\t\t\/* Checking to see if the user has consented to the use of cookies.\n\t\t\t* If they have not, it is deleting the cookie.\n\t\t\t* This will comment for now, until further notice.\n\t\t\t*\/\n\t\t\t\/\/if ( onetrustStorageConsent.C0002 === false ) {\n\t\t\t\/\/\tdocument.cookie=\"_fbp=;expires=Thu, 01 Jan 2010 00:00:00 UTC; path=\/; domain=.boston.com\";\n\t\t\t\/\/}\n\t\t\t\/* Checking if the user has given consent for the cookie C0002.\n\t\t\t* If the user has given consent, the variable consent will be set to 'grant'.\n\t\t\t* If the user has not given consent,the variable consent will be set to 'revoke'.\n\t\t\t* Documentation https:\/\/developers.facebook.com\/docs\/meta-pixel\/implementation\/gdpr\n\t\t\t*\/\n\t\t\tif ( ( onetrustStorageConsent !== null ) && (onetrustStorageConsent.C0002 !== true ) ) {\n\t\t\t\tconsent=\"revoke\";\n\t\t\t}\n\t\t\t\t!function(f,b,e,v,n,t,s){if(f.fbq)return;n=f.fbq=function()\n\t\t{n.callMethod? n.callMethod.apply(n,arguments):n.queue.push(arguments)}\n\t\t;if(!f._fbq)f._fbq=n;\n\t\tn.push=n;n.loaded=!0;n.version='2.0';n.queue=[];t=b.createElement(e);t.async=!0;\n\t\tt.src=v;s=b.getElementsByTagName(e)[0];s.parentNode.insertBefore(t,s)}(window,\n\t\tdocument,'script','https:\/\/connect.facebook.net\/en_US\/fbevents.js');\n\t\tfbq('consent', consent);\n\t\tfbq('init', '813236348753005');\n\t\tfbq('track', \"PageView\");\n\t<\/script><br \/>\n<br \/><br \/>\n<br \/><a href=\"https:\/\/www.boston.com\/sports\/boston-bruins\/2024\/09\/20\/david-pastrnak-boston-bruins-nhl-hockey\/\">Source link <\/a><\/p>","protected":false},"excerpt":{"rendered":"<p>Bruins \u201cQuero ganhar a Ta\u00e7a.\u201d David Pastrnak est\u00e1 entrando em sua 11\u00aa temporada com os Bruins. John Tlumacki\/Equipe Globe Os Bruins retornaram \u00e0 Warrior Ice Arena para seu segundo dia&hellip;<\/p>","protected":false},"author":1,"featured_media":39886,"comment_status":"closed","ping_status":"open","sticky":false,"template":"","format":"standard","meta":{"content-type":"","footnotes":""},"categories":[1],"tags":[],"class_list":["post-39885","post","type-post","status-publish","format-standard","has-post-thumbnail","hentry","category-uncategorized"],"_links":{"self":[{"href":"https:\/\/tvbrazilusa.com\/pt\/wp-json\/wp\/v2\/posts\/39885","targetHints":{"allow":["GET"]}}],"collection":[{"href":"https:\/\/tvbrazilusa.com\/pt\/wp-json\/wp\/v2\/posts"}],"about":[{"href":"https:\/\/tvbrazilusa.com\/pt\/wp-json\/wp\/v2\/types\/post"}],"author":[{"embeddable":true,"href":"https:\/\/tvbrazilusa.com\/pt\/wp-json\/wp\/v2\/users\/1"}],"replies":[{"embeddable":true,"href":"https:\/\/tvbrazilusa.com\/pt\/wp-json\/wp\/v2\/comments?post=39885"}],"version-history":[{"count":1,"href":"https:\/\/tvbrazilusa.com\/pt\/wp-json\/wp\/v2\/posts\/39885\/revisions"}],"predecessor-version":[{"id":39887,"href":"https:\/\/tvbrazilusa.com\/pt\/wp-json\/wp\/v2\/posts\/39885\/revisions\/39887"}],"wp:featuredmedia":[{"embeddable":true,"href":"https:\/\/tvbrazilusa.com\/pt\/wp-json\/wp\/v2\/media\/39886"}],"wp:attachment":[{"href":"https:\/\/tvbrazilusa.com\/pt\/wp-json\/wp\/v2\/media?parent=39885"}],"wp:term":[{"taxonomy":"category","embeddable":true,"href":"https:\/\/tvbrazilusa.com\/pt\/wp-json\/wp\/v2\/categories?post=39885"},{"taxonomy":"post_tag","embeddable":true,"href":"https:\/\/tvbrazilusa.com\/pt\/wp-json\/wp\/v2\/tags?post=39885"}],"curies":[{"name":"wp","href":"https:\/\/api.w.org\/{rel}","templated":true}]}}