{"id":39890,"date":"2024-09-20T23:49:26","date_gmt":"2024-09-20T23:49:26","guid":{"rendered":"https:\/\/tvbrazilusa.com\/2024\/09\/20\/ex-paquita-diz-xuxa-seguiu-na-sua-omissao-cegueira-e-egocentrismo\/"},"modified":"2024-09-20T23:49:31","modified_gmt":"2024-09-20T23:49:31","slug":"ex-paquita-diz-xuxa-seguiu-na-sua-omissao-cegueira-e-egocentrismo","status":"publish","type":"post","link":"https:\/\/tvbrazilusa.com\/pt\/2024\/09\/20\/ex-paquita-diz-xuxa-seguiu-na-sua-omissao-cegueira-e-egocentrismo\/","title":{"rendered":"Ex-paquita diz: Xuxa seguiu na sua omiss\u00e3o, cegueira e egocentrismo"},"content":{"rendered":"<p> <script async src=\"https:\/\/pagead2.googlesyndication.com\/pagead\/js\/adsbygoogle.js?client=ca-pub-8864793242727901\"\r\n     crossorigin=\"anonymous\"><\/script><br \/>\n<\/p>\n<div id=\"taboola-read-more\" style=\"display:block; width:100%\">\n<p>A atriz e ex-paquita B\u00e1rbara Borges usou as redes sociais para fazer um desabafo. Ela se manifestou por causa do lan\u00e7amento do document\u00e1rio\u00a0<em>Pra Sempre Paquitas<\/em>, que est\u00e1 dispon\u00edvel na plataforma Globoplay.\n<\/p>\n<p>No post, B\u00e1rbara citou \u201cas dores e as del\u00edcias da realidade desse sonho\u201d e afirmou que sempre buscou \u201ctransformar e curar\u201d.<\/p>\n<p>\u2013 Eu me liberto do medo. Eu fui muito f\u00e3 das paquitas, eu fui uma paquita e eu vi meninas sendo paquitas depois de mim. Eu vivi a realiza\u00e7\u00e3o do meu sonho de inf\u00e2ncia de ficar ao lado da Xuxa e fazer parte desse mundo encantado da minha fada madrinha aos 16 anos. Eu vivi as dores e as del\u00edcias da realidade desse sonho e sempre busquei transformar e curar. Hoje, 29 anos depois, foi lan\u00e7ado o document\u00e1rio Pra Sempre Paquitas que est\u00e1 dispon\u00edvel pela globoplay. Ontem, eu acabei de ver e preciso compartilhar com voc\u00eas o meu sentir\u2026no final do 4\u00ba epis\u00f3dio eu tive uma crise de choro forte e sentida \u2013 escreveu.\n<\/p>\n<p>\u00a0<\/p>\n<p>Ela tamb\u00e9m falou sobre Xuxa Meneghel e Marlene Mattos, ex-empres\u00e1ria da apresentadora.\n<\/p>\n<p>\u2013 Ao mesmo tempo, veio a compreens\u00e3o que o document\u00e1rio explorou e se aprofundou muito nas quest\u00f5es dif\u00edceis e traum\u00e1ticas daquela gera\u00e7\u00e3o espec\u00edfica e ainda que tenhamos compartilhado as fun\u00e7\u00f5es e responsabilidades de ser paquita, as dores e del\u00edcias da minha gera\u00e7\u00e3o foram diferentes das outras gera\u00e7\u00f5es. Chegamos num momento em que Marlene fez seus ajustes para melhorar seu comportamento (n\u00e3o sofremos o mesmo que a gera\u00e7\u00e3o anterior) e Xuxa seguiu na sua omiss\u00e3o, cegueira e egocentrismo. S\u00e3o muitas hist\u00f3rias dentro de uma mesma hist\u00f3ria \u2013 relatou.\n<\/p>\n<p>Borges apontou que n\u00e3o est\u00e1 criticando, mas apenas fazendo uma \u201cconstata\u00e7\u00e3o sobre o grupo\u201d do qual participou.\n<\/p>\n<p>\u2013 E j\u00e1 digo logo para quem quiser distorcer: n\u00e3o estou criticando, \u00e9 apenas a minha constata\u00e7\u00e3o sobre o grupo que eu participei e pelas meninas da gera\u00e7\u00e3o 2000.\n<\/p>\n<\/p>\n<p><strong>Pleno.news\u00a0<\/strong> <\/p>\n<\/div>\n<p><br \/>\n<br \/><a href=\"https:\/\/diariodobrasilnoticias.com.br\/noticia\/ex-paquita-diz-xuxa-seguiu-na-sua-omissao-cegueira-e-egocentrismo-66ede91986c3f\">Source link <\/a><\/p>","protected":false},"excerpt":{"rendered":"<p>A atriz e ex-paquita B\u00e1rbara Borges usou as redes sociais para fazer um desabafo. Ela se manifestou por causa do lan\u00e7amento do document\u00e1rio\u00a0Pra Sempre Paquitas, que est\u00e1 dispon\u00edvel na plataforma&hellip;<\/p>","protected":false},"author":1,"featured_media":39891,"comment_status":"closed","ping_status":"open","sticky":false,"template":"","format":"standard","meta":{"content-type":"","footnotes":""},"categories":[16],"tags":[123,2448,5313,1267],"class_list":["post-39890","post","type-post","status-publish","format-standard","has-post-thumbnail","hentry","category-noticias","tag-brasil","tag-diario","tag-noticia","tag-noticias"],"_links":{"self":[{"href":"https:\/\/tvbrazilusa.com\/pt\/wp-json\/wp\/v2\/posts\/39890","targetHints":{"allow":["GET"]}}],"collection":[{"href":"https:\/\/tvbrazilusa.com\/pt\/wp-json\/wp\/v2\/posts"}],"about":[{"href":"https:\/\/tvbrazilusa.com\/pt\/wp-json\/wp\/v2\/types\/post"}],"author":[{"embeddable":true,"href":"https:\/\/tvbrazilusa.com\/pt\/wp-json\/wp\/v2\/users\/1"}],"replies":[{"embeddable":true,"href":"https:\/\/tvbrazilusa.com\/pt\/wp-json\/wp\/v2\/comments?post=39890"}],"version-history":[{"count":1,"href":"https:\/\/tvbrazilusa.com\/pt\/wp-json\/wp\/v2\/posts\/39890\/revisions"}],"predecessor-version":[{"id":39892,"href":"https:\/\/tvbrazilusa.com\/pt\/wp-json\/wp\/v2\/posts\/39890\/revisions\/39892"}],"wp:featuredmedia":[{"embeddable":true,"href":"https:\/\/tvbrazilusa.com\/pt\/wp-json\/wp\/v2\/media\/39891"}],"wp:attachment":[{"href":"https:\/\/tvbrazilusa.com\/pt\/wp-json\/wp\/v2\/media?parent=39890"}],"wp:term":[{"taxonomy":"category","embeddable":true,"href":"https:\/\/tvbrazilusa.com\/pt\/wp-json\/wp\/v2\/categories?post=39890"},{"taxonomy":"post_tag","embeddable":true,"href":"https:\/\/tvbrazilusa.com\/pt\/wp-json\/wp\/v2\/tags?post=39890"}],"curies":[{"name":"wp","href":"https:\/\/api.w.org\/{rel}","templated":true}]}}