{"id":39895,"date":"2024-09-21T00:01:51","date_gmt":"2024-09-21T00:01:51","guid":{"rendered":"https:\/\/tvbrazilusa.com\/2024\/09\/21\/lula-se-reunira-com-a-comissao-da-ue-alem-de-representantes-da-espanha-e-franca-nos-eua\/"},"modified":"2024-09-21T00:01:52","modified_gmt":"2024-09-21T00:01:52","slug":"lula-se-reunira-com-a-comissao-da-ue-alem-de-representantes-da-espanha-e-franca-nos-eua","status":"publish","type":"post","link":"https:\/\/tvbrazilusa.com\/pt\/2024\/09\/21\/lula-se-reunira-com-a-comissao-da-ue-alem-de-representantes-da-espanha-e-franca-nos-eua\/","title":{"rendered":"Lula se reunir\u00e1 com a Comiss\u00e3o da UE, al\u00e9m de representantes da Espanha e Fran\u00e7a, nos EUA"},"content":{"rendered":"<p> <script async src=\"https:\/\/pagead2.googlesyndication.com\/pagead\/js\/adsbygoogle.js?client=ca-pub-8864793242727901\"\r\n     crossorigin=\"anonymous\"><\/script><br \/>\n<\/p>\n<div id=\"taboola-read-more\" style=\"display:block; width:100%\">\n<p>O presidente\u00a0<a href=\"https:\/\/www.metropoles.com\/tag\/lula\">Luiz In\u00e1cio Lula da Silva (PT)<\/a>\u00a0ter\u00e1 reuni\u00f5es bilaterais e encontros com ao menos quatro autoridades, segundo programa da visita do chefe do Pal\u00e1cio do Planalto aos Estados Unidos, por ocasi\u00e3o da 79\u00aa Assembleia Geral das Na\u00e7\u00f5es Unidas (<a href=\"https:\/\/brasil.un.org\/pt-br\" target=\"_blank\" rel=\"noopener noreferrer\">ONU<\/a>). Lula desembarca em Nova York neste s\u00e1bado (21\/9), em hor\u00e1rio ainda a confirmar.\n<\/p>\n<p data-gtm-vis-recent-on-screen104869357_94=\"42477\" data-gtm-vis-first-on-screen104869357_94=\"42477\" data-gtm-vis-total-visible-time104869357_94=\"100\" data-gtm-vis-has-fired104869357_94=\"1\">J\u00e1 na manh\u00e3 de domingo (22\/9), o petista participar\u00e1 da sess\u00e3o de abertura da C\u00fapula do Futuro, na sede das Na\u00e7\u00f5es Unidas, que ser\u00e1 seguida de discursos de chefes de Estado e de governo. No evento, \u00e9 esperada a assinatura do Pacto para o Futuro, documento que dever\u00e1 trazer compromissos para o futuro do sistema multilateral, incluindo temas como desenvolvimento sustent\u00e1vel, paz e seguran\u00e7a internacionais, ci\u00eancia, tecnologia e coopera\u00e7\u00e3o digital, juventude e gera\u00e7\u00f5es futuras e a reforma da governan\u00e7a global.<\/p>\n<h4>Reuni\u00f5es bilaterais<\/h4>\n<p>A primeira bilateral de Lula ser\u00e1 com a presidente da Comiss\u00e3o Europeia, Ursula Von der Leyen, com quem o petista j\u00e1 esteve em algumas ocasi\u00f5es deste mandato.\n<\/p>\n<p>Outros europeus com os quais o brasileiro se reunir\u00e1 ser\u00e3o o presidente franc\u00eas, Emmanuel Macron, e o presidente de governo da Espanha, Pedro S\u00e1nchez, com quem Lula organiza o evento paralelo \u201cEm defesa da democracia. Lutando contra extremismos\u201d. A c\u00fapula ser\u00e1 realizada na forma de mesa-redonda na ter\u00e7a-feira (24\/9).\n<\/p>\n<p>O brasileiro \u00e9 um dos principais entusiastas da assinatura do acordo entre o Mercosul e a Uni\u00e3o Europeia, tema que dever\u00e1 estar no radar, apesar das dificuldades em fech\u00e1-lo.\n<\/p>\n<p><strong>Metr\u00f3poles\u00a0<\/strong> <\/p>\n<\/div>\n<p><br \/>\n<br \/><a href=\"https:\/\/diariodobrasilnoticias.com.br\/noticia\/lula-se-reunira-com-a-comissao-da-ue-alem-de-representantes-da-espanha-e-franca-nos-eua-66edeb77a3e1e\">Source link <\/a><\/p>","protected":false},"excerpt":{"rendered":"<p>O presidente\u00a0Luiz In\u00e1cio Lula da Silva (PT)\u00a0ter\u00e1 reuni\u00f5es bilaterais e encontros com ao menos quatro autoridades, segundo programa da visita do chefe do Pal\u00e1cio do Planalto aos Estados Unidos, por&hellip;<\/p>","protected":false},"author":1,"featured_media":39896,"comment_status":"closed","ping_status":"open","sticky":false,"template":"","format":"standard","meta":{"content-type":"","footnotes":""},"categories":[16],"tags":[123,2448,5313,1267],"class_list":["post-39895","post","type-post","status-publish","format-standard","has-post-thumbnail","hentry","category-noticias","tag-brasil","tag-diario","tag-noticia","tag-noticias"],"_links":{"self":[{"href":"https:\/\/tvbrazilusa.com\/pt\/wp-json\/wp\/v2\/posts\/39895","targetHints":{"allow":["GET"]}}],"collection":[{"href":"https:\/\/tvbrazilusa.com\/pt\/wp-json\/wp\/v2\/posts"}],"about":[{"href":"https:\/\/tvbrazilusa.com\/pt\/wp-json\/wp\/v2\/types\/post"}],"author":[{"embeddable":true,"href":"https:\/\/tvbrazilusa.com\/pt\/wp-json\/wp\/v2\/users\/1"}],"replies":[{"embeddable":true,"href":"https:\/\/tvbrazilusa.com\/pt\/wp-json\/wp\/v2\/comments?post=39895"}],"version-history":[{"count":1,"href":"https:\/\/tvbrazilusa.com\/pt\/wp-json\/wp\/v2\/posts\/39895\/revisions"}],"predecessor-version":[{"id":39897,"href":"https:\/\/tvbrazilusa.com\/pt\/wp-json\/wp\/v2\/posts\/39895\/revisions\/39897"}],"wp:featuredmedia":[{"embeddable":true,"href":"https:\/\/tvbrazilusa.com\/pt\/wp-json\/wp\/v2\/media\/39896"}],"wp:attachment":[{"href":"https:\/\/tvbrazilusa.com\/pt\/wp-json\/wp\/v2\/media?parent=39895"}],"wp:term":[{"taxonomy":"category","embeddable":true,"href":"https:\/\/tvbrazilusa.com\/pt\/wp-json\/wp\/v2\/categories?post=39895"},{"taxonomy":"post_tag","embeddable":true,"href":"https:\/\/tvbrazilusa.com\/pt\/wp-json\/wp\/v2\/tags?post=39895"}],"curies":[{"name":"wp","href":"https:\/\/api.w.org\/{rel}","templated":true}]}}