{"id":39911,"date":"2024-09-21T00:34:27","date_gmt":"2024-09-21T00:34:27","guid":{"rendered":"https:\/\/tvbrazilusa.com\/2024\/09\/21\/cientista-politico-diz-que-o-brasil-vive-um-golpe-em-camera-lenta-paulo-figueiredo\/"},"modified":"2024-09-21T00:45:42","modified_gmt":"2024-09-21T00:45:42","slug":"cientista-politico-diz-que-o-brasil-vive-um-golpe-em-camera-lenta-paulo-figueiredo","status":"publish","type":"post","link":"https:\/\/tvbrazilusa.com\/pt\/2024\/09\/21\/cientista-politico-diz-que-o-brasil-vive-um-golpe-em-camera-lenta-paulo-figueiredo\/","title":{"rendered":"Cientista pol\u00edtico diz que \u2018o Brasil vive um golpe em c\u00e2mera lenta\u2019 &#8211; Paulo Figueiredo"},"content":{"rendered":"<p> <script async src=\"https:\/\/pagead2.googlesyndication.com\/pagead\/js\/adsbygoogle.js?client=ca-pub-8864793242727901\"\r\n     crossorigin=\"anonymous\"><\/script><br \/>\n<\/p>\n<div id=\"wtr-content\" data-bg=\"#FFFFFF\" data-fg=\"#006d91\" data-width=\"25\" data-mute=\"1\" data-fgopacity=\"1.00\" data-mutedopacity=\"0.5\" data-placement=\"bottom\" data-placement-offset=\"0\" data-content-offset=\"262\" data-placement-touch=\"bottom\" data-placement-offset-touch=\"0\" data-transparent=\"\" data-shadow=\"0\" data-touch=\"1\" data-non-touch=\"1\" data-comments=\"0\" data-commentsbg=\"transparent\" data-location=\"page\" data-mutedfg=\"#006d91\" data-endfg=\"#006d91\" data-rtl=\"\">\n<pre class=\"wp-block-preformatted has-small-font-size\">Foto - Elza Fi\u00faza<\/pre>\n<h3 class=\"wp-block-heading\">Paulo Kramer tamb\u00e9m afirmou que \u2018o STF pode tudo\u2019, porque os outros poderes acham que assim deve ser<\/h3>\n<p>As decis\u00f5es monocr\u00e1ticas e inconstitucionais de ministros do Supremo Tribunal Federal (<strong>STF<\/strong>) t\u00eam sido questionadas por lideran\u00e7as brasileiras e estrangeiras. Nos \u00faltimos anos, a Suprema Corte passou a assumir o protagonismo na pol\u00edtica nacional \u2014 algo que n\u00e3o era visto antes no pa\u00eds. Em entrevista ao jornal\u00a0<em>O Estado de S. Paulo<\/em>, publicada nesta quinta-feira, 19, o cientista pol\u00edtico Paulo Kramer afirmou que \u201choje o Supremo pode tudo, porque os outros Poderes acham que ele pode tudo\u201d. Por esse motivo, segundo ele, \u201co Brasil vive um golpe em c\u00e2mera lenta\u201d.\u00a0\u00a0<\/p>\n<h3 class=\"wp-block-heading\">O problema do \u201cego\u201d<\/h3>\n<p>De acordo com Kramer, h\u00e1 um problema de \u201cego\u201d nas autoridades que exercem um cargo p\u00fablico no Brasil. \u201cO que ocorre no pa\u00eds hoje tem rela\u00e7\u00e3o com o patrimonialismo que predomina na pol\u00edtica brasileira\u201d, afirmou. \u201cAqui, as pessoas, quando al\u00e7adas a uma posi\u00e7\u00e3o de poder qualquer, acabam se achando maiores e mais importantes do que os cargos.\u201d<\/p>\n<p>O cientista pol\u00edtico ainda disse que os magistrados exercem o poder de forma \u201cimoderada\u201d. Trata-se daquilo que muitos chamam de \u201cPoder Moderador\u201d.\u00a0No entanto, de acordo com ele, a Constitui\u00e7\u00e3o Federal n\u00e3o concede esse benef\u00edcio. Ou seja, constitucionalmente, nenhum \u00f3rg\u00e3o da Rep\u00fablica tem a prerrogativa de ser o \u201cPoder Moderador\u201d.\u00a0<\/p>\n<p>\u201cOficialmente, tivemos um \u2018Poder Moderador\u2019 no Imp\u00e9rio, na Constitui\u00e7\u00e3o de 1824\u201d, disse. \u201cDe l\u00e1 para c\u00e1, na Rep\u00fablica, a figura desse Poder deixou de existir na Constitui\u00e7\u00e3o.\u201d<\/p>\n<h3 class=\"wp-block-heading\">O brasileiro espera um \u201cgeneral\u201d para livrar-se de um golpe<\/h3>\n<p>O problema do brasileiro, conforme Kramer, \u00e9 que \u201csempre est\u00e1 \u00e0 espera de um \u2018general\u2019, de um Sergio Moro, de um Deltan Dallagnol para combater os efeitos nocivos do exerc\u00edcio imoderado do poder\u201d e evitar o golpe.<\/p>\n<p>A esquerda, em contrapartida, busca pela a\u00e7\u00e3o de um Poder Moderador no STF. \u201cA esquerda v\u00ea, particularmente na figura do ministro Alexandre de Moraes, esse poder \u2018providencial\u2019, acima da mec\u00e2nica rotineira da conviv\u00eancia institucional entre os Poderes\u201d, afirmou Paulo Kramer.\u00a0<\/p>\n<h3 class=\"wp-block-heading\">Ponto de virada<\/h3>\n<p>Contudo, o cientista pol\u00edtico acredita que o pa\u00eds vive hoje \u201cum ponto de virada\u201d. \u201cOu vai, ou racha\u201d, disse. Ele ainda afirmou que, gradativamente, a opini\u00e3o p\u00fablica est\u00e1 se conscientizando de que o Poder Judici\u00e1rio, principalmente o STF, \u201caliado ao lulopetismo\u201d, est\u00e1 h\u00e1 muito tempo exorbitando de seu papel constitucional\u201d.<\/p>\n<p>O STF, de acordo com ele, \u201cprecisa voltar ao seu quadrado constitucional, para que os Poderes sejam, efetivamente, independentes, por\u00e9m funcionem de forma harm\u00f4nica\u201d.<\/p>\n<p>\u201cSen\u00e3o, vamos ficar sempre naquele subdesenvolvimento pol\u00edtico de achar que precisamos de uma \u2018for\u00e7a de fora\u2019, um Deus que salve a situa\u00e7\u00e3o\u201d, afirmou. \u201cQuando, na verdade, \u00e9 a vontade organizada e legal dos cidad\u00e3os que far\u00e1 com que as coisas aconte\u00e7am.\u201d<\/p>\n<p><strong><a href=\"https:\/\/revistaoeste.com\/politica\/cientista-politico-diz-que-o-brasil-vive-um-golpe-em-camera-lenta\/\">Source link<\/a><\/strong><\/p>\n<\/div>\n<p><br \/>\n<br \/><a href=\"https:\/\/paulofigueiredoshow.com\/cientista-politico-diz-que-o-brasil-vive-um-golpe-em-camera-lenta\/\">Source link <\/a><\/p>","protected":false},"excerpt":{"rendered":"<p>Foto &#8211; Elza Fi\u00faza Paulo Kramer tamb\u00e9m afirmou que \u2018o STF pode tudo\u2019, porque os outros poderes acham que assim deve ser As decis\u00f5es monocr\u00e1ticas e inconstitucionais de ministros do&hellip;<\/p>","protected":false},"author":1,"featured_media":39912,"comment_status":"closed","ping_status":"open","sticky":false,"template":"","format":"standard","meta":{"content-type":"","footnotes":""},"categories":[16],"tags":[],"class_list":["post-39911","post","type-post","status-publish","format-standard","has-post-thumbnail","hentry","category-noticias"],"_links":{"self":[{"href":"https:\/\/tvbrazilusa.com\/pt\/wp-json\/wp\/v2\/posts\/39911","targetHints":{"allow":["GET"]}}],"collection":[{"href":"https:\/\/tvbrazilusa.com\/pt\/wp-json\/wp\/v2\/posts"}],"about":[{"href":"https:\/\/tvbrazilusa.com\/pt\/wp-json\/wp\/v2\/types\/post"}],"author":[{"embeddable":true,"href":"https:\/\/tvbrazilusa.com\/pt\/wp-json\/wp\/v2\/users\/1"}],"replies":[{"embeddable":true,"href":"https:\/\/tvbrazilusa.com\/pt\/wp-json\/wp\/v2\/comments?post=39911"}],"version-history":[{"count":1,"href":"https:\/\/tvbrazilusa.com\/pt\/wp-json\/wp\/v2\/posts\/39911\/revisions"}],"predecessor-version":[{"id":39913,"href":"https:\/\/tvbrazilusa.com\/pt\/wp-json\/wp\/v2\/posts\/39911\/revisions\/39913"}],"wp:featuredmedia":[{"embeddable":true,"href":"https:\/\/tvbrazilusa.com\/pt\/wp-json\/wp\/v2\/media\/39912"}],"wp:attachment":[{"href":"https:\/\/tvbrazilusa.com\/pt\/wp-json\/wp\/v2\/media?parent=39911"}],"wp:term":[{"taxonomy":"category","embeddable":true,"href":"https:\/\/tvbrazilusa.com\/pt\/wp-json\/wp\/v2\/categories?post=39911"},{"taxonomy":"post_tag","embeddable":true,"href":"https:\/\/tvbrazilusa.com\/pt\/wp-json\/wp\/v2\/tags?post=39911"}],"curies":[{"name":"wp","href":"https:\/\/api.w.org\/{rel}","templated":true}]}}