{"id":39974,"date":"2024-09-21T02:08:08","date_gmt":"2024-09-21T02:08:08","guid":{"rendered":"https:\/\/tvbrazilusa.com\/2024\/09\/21\/twitter-x-indica-representante-legal-no-brasil-saiba-quem-e-paulo-figueiredo\/"},"modified":"2024-09-21T04:00:44","modified_gmt":"2024-09-21T04:00:44","slug":"twitter-x-indica-representante-legal-no-brasil-saiba-quem-e-paulo-figueiredo","status":"publish","type":"post","link":"https:\/\/tvbrazilusa.com\/pt\/2024\/09\/21\/twitter-x-indica-representante-legal-no-brasil-saiba-quem-e-paulo-figueiredo\/","title":{"rendered":"Twitter\/X indica representante legal no Brasil; saiba quem \u00e9 &#8211; Paulo Figueiredo"},"content":{"rendered":"<p> <script async src=\"https:\/\/pagead2.googlesyndication.com\/pagead\/js\/adsbygoogle.js?client=ca-pub-8864793242727901\"\r\n     crossorigin=\"anonymous\"><\/script><br \/>\n<\/p>\n<div id=\"wtr-content\" data-bg=\"#FFFFFF\" data-fg=\"#006d91\" data-width=\"25\" data-mute=\"1\" data-fgopacity=\"1.00\" data-mutedopacity=\"0.5\" data-placement=\"bottom\" data-placement-offset=\"0\" data-content-offset=\"262\" data-placement-touch=\"bottom\" data-placement-offset-touch=\"0\" data-transparent=\"\" data-shadow=\"0\" data-touch=\"1\" data-non-touch=\"1\" data-comments=\"0\" data-commentsbg=\"transparent\" data-location=\"page\" data-mutedfg=\"#006d91\" data-endfg=\"#006d91\" data-rtl=\"\">\n<h3 class=\"wp-block-heading\">A advogada Rachel de Oliveira Villa Nova volta a desempenhar essa fun\u00e7\u00e3o na rede social<\/h3>\n<p>O Twitter\/X indicou a advogada Rachel de Oliveira Villa Nova como representante legal da plataforma no Brasil, na noite desta sexta-feira, 20. Isso era um dos requisitos para que a rede social fosse liberada no pa\u00eds, depois do bloqueio imposto pelo ministro Alexandre de Moraes, do\u00a0<strong>Supremo Tribunal Federal<\/strong>\u00a0(STF).<\/p>\n<blockquote class=\"wp-block-quote is-layout-flow wp-block-quote-is-layout-flow\">\n<p>Na quinta-feira 19,\u00a0<strong>Moraes<\/strong>\u00a0deu 24 horas para que o Twitter\/X indicasse uma representante legal no pa\u00eds.<\/p>\n<p>Os advogados S\u00e9rgio Rosenthal e Andr\u00e9 Zonaro Giacchetta assumiram a defesa do Twitter\/X no processo que levou ao bloqueio da plataforma no Brasil. Contudo, a representa\u00e7\u00e3o legal envolve poderes mais amplos. Para se ter ideia, o encarregado dessa fun\u00e7\u00e3o responde efetivamente pela empresa.<\/p>\n<p>Por isso, Rosenthal e Giacchetta comunicaram ao STF sobre a nomea\u00e7\u00e3o de Rachel de Oliveira Villa Nova Concei\u00e7\u00e3o como representante legal do Twitter\/X. No documento, sustentam que a indica\u00e7\u00e3o da advogada, que j\u00e1 esteve nesse cargo, demonstra a inten\u00e7\u00e3o da plataforma de atender \u00e0s ordens do STF.<\/p>\n<h3 class=\"wp-block-heading\">A nova indica\u00e7\u00e3o do Twitter\/X no Brasil<\/h3>\n<p>A decis\u00e3o ocorre depois de a advogada brasileira Vanessa Souza, atualmente morando na Inglaterra, ter declinado do convite do Twitter\/X por motivos \u201cestritamente pessoais\u201d.<\/p>\n<p>Uma procura\u00e7\u00e3o a que a ag\u00eancia de not\u00edcias Reuters teve acesso, assinada em 13 de setembro, dava a Vanessa Souza poderes para representar a empresa de\u00a0<strong>Elon Musk<\/strong>\u00a0perante a Justi\u00e7a brasileira, inclusive no STF, onde uma decis\u00e3o do ministro Alexandre de Moraes bloqueou a plataforma no pa\u00eds.<\/p>\n<p>A Reuters informou que a desist\u00eancia tamb\u00e9m foi motivada por not\u00edcias de que a plataforma teria descumprido deliberadamente uma decis\u00e3o do STF ao mudar os provedores de rede da empresa, de modo a burlar o bloqueio determinado por Moraes no fim de agosto.<\/p>\n<p>Depois da atualiza\u00e7\u00e3o de rede do Twitter\/X, que restaurou o acesso aos usu\u00e1rios brasileiros, a empresa divulgou uma nota afirmando que a mudan\u00e7a n\u00e3o visava a trazer a plataforma de volta ao Brasil em descumprimento da lei, mas, sim, garantir a qualidade dos servi\u00e7os em outros pa\u00edses da regi\u00e3o.<\/p>\n<p><strong><a href=\"https:\/\/revistaoeste.com\/politica\/twitter-x-indica-representante-legal-no-brasil-saiba-quem-e\/\">Source link<\/a><\/strong><\/p>\n<\/blockquote>\n<\/div>\n<p><br \/>\n<br \/><a href=\"https:\/\/paulofigueiredoshow.com\/twitter-x-indica-representante-legal-no-brasil-saiba-quem-e\/\">Source link <\/a><\/p>","protected":false},"excerpt":{"rendered":"<p>A advogada Rachel de Oliveira Villa Nova volta a desempenhar essa fun\u00e7\u00e3o na rede social O Twitter\/X indicou a advogada Rachel de Oliveira Villa Nova como representante legal da plataforma&hellip;<\/p>","protected":false},"author":1,"featured_media":20917,"comment_status":"closed","ping_status":"open","sticky":false,"template":"","format":"standard","meta":{"content-type":"","footnotes":""},"categories":[16],"tags":[],"class_list":["post-39974","post","type-post","status-publish","format-standard","has-post-thumbnail","hentry","category-noticias"],"_links":{"self":[{"href":"https:\/\/tvbrazilusa.com\/pt\/wp-json\/wp\/v2\/posts\/39974","targetHints":{"allow":["GET"]}}],"collection":[{"href":"https:\/\/tvbrazilusa.com\/pt\/wp-json\/wp\/v2\/posts"}],"about":[{"href":"https:\/\/tvbrazilusa.com\/pt\/wp-json\/wp\/v2\/types\/post"}],"author":[{"embeddable":true,"href":"https:\/\/tvbrazilusa.com\/pt\/wp-json\/wp\/v2\/users\/1"}],"replies":[{"embeddable":true,"href":"https:\/\/tvbrazilusa.com\/pt\/wp-json\/wp\/v2\/comments?post=39974"}],"version-history":[{"count":1,"href":"https:\/\/tvbrazilusa.com\/pt\/wp-json\/wp\/v2\/posts\/39974\/revisions"}],"predecessor-version":[{"id":39975,"href":"https:\/\/tvbrazilusa.com\/pt\/wp-json\/wp\/v2\/posts\/39974\/revisions\/39975"}],"wp:featuredmedia":[{"embeddable":true,"href":"https:\/\/tvbrazilusa.com\/pt\/wp-json\/wp\/v2\/media\/20917"}],"wp:attachment":[{"href":"https:\/\/tvbrazilusa.com\/pt\/wp-json\/wp\/v2\/media?parent=39974"}],"wp:term":[{"taxonomy":"category","embeddable":true,"href":"https:\/\/tvbrazilusa.com\/pt\/wp-json\/wp\/v2\/categories?post=39974"},{"taxonomy":"post_tag","embeddable":true,"href":"https:\/\/tvbrazilusa.com\/pt\/wp-json\/wp\/v2\/tags?post=39974"}],"curies":[{"name":"wp","href":"https:\/\/api.w.org\/{rel}","templated":true}]}}