{"id":39976,"date":"2024-09-21T03:55:36","date_gmt":"2024-09-21T03:55:36","guid":{"rendered":"https:\/\/tvbrazilusa.com\/2024\/09\/21\/provavelmente-e-isso-para-ele-alex-cora-espera-que-o-red-sox-jogue-2024-sem-rafael-devers\/"},"modified":"2024-09-21T04:06:07","modified_gmt":"2024-09-21T04:06:07","slug":"provavelmente-e-isso-para-ele-alex-cora-espera-que-o-red-sox-jogue-2024-sem-rafael-devers","status":"publish","type":"post","link":"https:\/\/tvbrazilusa.com\/pt\/2024\/09\/21\/provavelmente-e-isso-para-ele-alex-cora-espera-que-o-red-sox-jogue-2024-sem-rafael-devers\/","title":{"rendered":"&#8216;Provavelmente \u00e9 isso para ele&#8217;: Alex Cora espera que o Red Sox jogue 2024 sem Rafael Devers"},"content":{"rendered":"<p> <script async src=\"https:\/\/pagead2.googlesyndication.com\/pagead\/js\/adsbygoogle.js?client=ca-pub-8864793242727901\"\r\n     crossorigin=\"anonymous\"><\/script><br \/>\n<\/p>\n<div id=\"\">\n<header class=\"m-article-header m-article-header--standard\">\n\t\t\t\t\t\t\t\t\t\t\t\t<span id=\"article-header-primary-term\"><br \/>\n\t\t\t\t\t\t\t\t<a class=\"a-term a-term--primary\" href=\"https:\/\/www.boston.com\/tag\/boston-red-sox\/\"><\/p>\n<p>\t\t\t\t\t\t\t\tRed Sox\t\t\t\t\t\t\t\t<\/a><br \/>\n\t\t\t\t\t\t\t<\/span><\/p>\n<h2 class=\"m-article-header__sub-headline\">A les\u00e3o no ombro de Devers persistiu durante toda a temporada, e parece que o rebatedor estrela ser\u00e1 colocado de lado para evitar uma les\u00e3o mais s\u00e9ria.<\/h2>\n<figure class=\"a-photo m-article-header__photo\"><figcaption class=\"a-photo__caption\">\n<p>\tRafael Devers deve perder os \u00faltimos oito jogos do Boston na temporada, de acordo com Alex Cora.<em> (Foto AP\/Adam Hunger)<\/em>\t<\/figcaption><\/figure>\n<\/header>\n<div class=\"m-block t-amp__list-container m-article-list-container m-article-list-container--frame-border a-border-frame  a-list-header__headline--red m-article-list--alternative--default  m-article-list--floated\">\n<ul class=\"t-amp__list a-list--no-style m-article-list m-article-list--recirculation m-article-list--has-images\">\n<li class=\"m-article-list__item m-article-list__item--featured\">\n\t\t\t\t<a class=\"m-article-list__link-wrapper\" href=\"https:\/\/www.boston.com\/sports\/boston-red-sox\/2024\/09\/20\/mlb-red-sox-alex-cora-shutting-down-liam-hendriks\/\" data-p1=\"article_recirc_inline_feature\"><br \/>\n\t\t\t\t<img fetchpriority=\"high\" decoding=\"async\" width=\"768\" height=\"432\" src=\"https:\/\/bdc2020.o0bc.com\/wp-content\/uploads\/2024\/09\/Red_Sox_Royals_Baseball_08124-66ee2c553925f-768x432.jpg\" class=\"t-amp__list-image m-article-list__image m-article-list__image--full wp-post-image\" alt=\"\" aria-hidden=\"true\" srcset=\"https:\/\/bdc2020.o0bc.com\/wp-content\/uploads\/2024\/09\/Red_Sox_Royals_Baseball_08124-66ee2c553925f-768x432.jpg?width=200 200w, https:\/\/bdc2020.o0bc.com\/wp-content\/uploads\/2024\/09\/Red_Sox_Royals_Baseball_08124-66ee2c553925f-768x432.jpg?width=300 300w, https:\/\/bdc2020.o0bc.com\/wp-content\/uploads\/2024\/09\/Red_Sox_Royals_Baseball_08124-66ee2c553925f-768x432.jpg?width=400 400w, https:\/\/bdc2020.o0bc.com\/wp-content\/uploads\/2024\/09\/Red_Sox_Royals_Baseball_08124-66ee2c553925f-768x432.jpg?width=500 500w, https:\/\/bdc2020.o0bc.com\/wp-content\/uploads\/2024\/09\/Red_Sox_Royals_Baseball_08124-66ee2c553925f-768x432.jpg?width=600 600w, https:\/\/bdc2020.o0bc.com\/wp-content\/uploads\/2024\/09\/Red_Sox_Royals_Baseball_08124-66ee2c553925f-768x432.jpg?width=700 700w, https:\/\/bdc2020.o0bc.com\/wp-content\/uploads\/2024\/09\/Red_Sox_Royals_Baseball_08124-66ee2c553925f-768x432.jpg?width=800 800w, https:\/\/bdc2020.o0bc.com\/wp-content\/uploads\/2024\/09\/Red_Sox_Royals_Baseball_08124-66ee2c553925f-768x432.jpg?width=900 900w\" sizes=\"(max-width: 768px) 100vw, 768px\"\/>\t\t\t\t\t<\/p>\n<p><h4 class=\"m-article-list__headline t-amp__list-headline\">\n\t\t\t\t\t\t\t<span class=\"m-article-list__link a-link a-link--inline a-link--text-link a-link--text-link-dark\"><\/p>\n<p>\t\t\t\t\t\t\tO Red Sox provavelmente vai desligar Liam Hendriks para a temporada\t\t\t\t\t\t\t<\/span><br \/>\n\t\t\t\t\t\t<\/h4>\n<\/p>\n<p>\t\t\t\t<\/a>\n\t\t\t<\/li>\n<\/ul>\n<\/div>\n<p>O final da temporada do Red Sox foi de ruim a pior na noite de sexta-feira. <\/p>\n<p>N\u00e3o s\u00f3 as chances j\u00e1 m\u00ednimas de Boston nos playoffs foram ainda mais prejudicadas pela derrota nas entradas extras para o Minnesota Twins, mas o rebatedor estrela do Red Sox, Rafael Devers, pareceu atingir seu limite com a les\u00e3o no ombro contra a qual lutou durante toda a temporada.<\/p>\n<p>Ap\u00f3s a \u00faltima derrota de Boston, o t\u00e9cnico do Red Sox, Alex Cora, foi questionado sobre a sa\u00fade de Devers. Devers foi retirado no final do jogo na sexta-feira, e Cora deu uma resposta nada otimista \u00e0 simples pergunta: Devers est\u00e1 bem?<\/p>\n<p>\u201cN\u00e3o, ele n\u00e3o \u00e9. \u2026 Provavelmente \u00e9 isso para ele\u201d, disse Cora aos rep\u00f3rteres, por <em>O Globo de Boston<\/em>de Alex Speier.<\/p>\n<figure class=\"wp-block-embed is-type-rich is-provider-twitter wp-block-embed-twitter\">\n<div class=\"wp-block-embed__wrapper\">\n<blockquote class=\"twitter-tweet\" data-width=\"500\" data-dnt=\"true\">\n<p lang=\"en\" dir=\"ltr\">Cora: \u201cMuitas chances, n\u00e3o aproveitamos.\u201d <br \/>Cora sobre se Devers est\u00e1 bem: &#8220;N\u00e3o, ele n\u00e3o est\u00e1&#8230; Provavelmente \u00e9 isso para ele.&#8221; Devers passar\u00e1 por uma resson\u00e2ncia magn\u00e9tica no ombro direito amanh\u00e3.<\/p>\n<p>\u2014 Alex Speier (@alexspeier) <a href=\"https:\/\/twitter.com\/alexspeier\/status\/1837330689147953216?ref_src=twsrc%5Etfw\">21 de setembro de 2024<\/a><\/p><\/blockquote>\n<\/div>\n<\/figure>\n<p>Devers far\u00e1 uma resson\u00e2ncia magn\u00e9tica no ombro direito na manh\u00e3 de s\u00e1bado para avaliar a gravidade da les\u00e3o.<\/p>\n<p>O jogador de 27 anos torceu o ombro no treinamento de primavera e jogou quase todo o ano de 2024 com a doen\u00e7a. Ele citou a les\u00e3o como uma das raz\u00f5es pelas quais n\u00e3o estava participando do Home Run Derby da MLB durante o intervalo do All-Star, ent\u00e3o era s\u00e9rio o suficiente naquele momento para correr o risco.<\/p>\n<p>Desde o final de agosto, Devers tem estado <a href=\"https:\/\/www.boston.com\/sports\/boston-red-sox\/2024\/09\/20\/rafael-devers-alex-cora-cold-streak-september-red-sox\/\" target=\"_blank\" rel=\"noreferrer noopener\">em uma crise ofensiva<\/a>. Embora ele tenha alegado que sua derrapagem n\u00e3o estava relacionada \u00e0 les\u00e3o, algo claramente estava errado ultimamente. Ent\u00e3o, com apenas oito jogos restantes na temporada regular de Boston, parece prov\u00e1vel, com base nos coment\u00e1rios de Cora, que Devers n\u00e3o vai mais passar por nenhuma dor este ano.<\/p>\n<p>Devers estreou pelo Red Sox em 2017 e tem sido um rebatedor b\u00e1sico por anos. Seu valor vai muito al\u00e9m de oito jogos quase certamente sem import\u00e2ncia, j\u00e1 que Boston encerra uma p\u00e9ssima segunda metade da temporada, mais um ano sem chegar aos playoffs.<\/p>\n<p>Dessa forma, Boston jogar\u00e1 2024 sem seu principal rebatedor e espera receber seu bast\u00e3o de volta \u00e0 escala\u00e7\u00e3o no Dia de Abertura em 2025, a menos que ele passe por uma grande cirurgia no ombro na offseason.<\/p>\n<div class=\"m-block m-generic-cta\t m-generic-cta--post-content\t m-generic-cta--dark\t m-generic-cta--homepage\t m-generic-cta--email-signup\t\t m-generic-cta-block-style--default \tt-amp__generic-cta\"><\/p>\n<div class=\"m-generic-cta__wrap\">\n<div class=\"m-generic-cta__content\">\n<h3 class=\"m-generic-cta__title\">Inscreva-se para receber atualiza\u00e7\u00f5es do Red Sox\u26be<\/h3>\n<p class=\"m-generic-cta__subtitle\">Receba not\u00edcias de \u00faltima hora e an\u00e1lises na sua caixa de entrada durante a temporada de beisebol.<\/p>\n<\/p><\/div>\n<\/p><\/div>\n<\/div><\/div>\n<p><script async src=\"\/\/platform.twitter.com\/widgets.js\" charset=\"utf-8\"><\/script><script>\n\t\tvar consent=\"grant\";\n\t\t\/* The above code is parsing the JSON data from the local storage and storing it in a variable. *\/\n\t\t\t\t\tconst onetrustStorageConsent = JSON.parse(localStorage.getItem( 'consent_one_trust_bdc' ) );\n\t\t\tif ( ( onetrustStorageConsent !== null ) ) {\n\t\t\t\t\/* Checking to see if the user has consented to the use of cookies.\n\t\t\t\t* If they have not, it is deleting the cookie.\n\t\t\t\t* This will comment for now, until further notice.\n\t\t\t\t*\/\n\t\t\t\t\/\/if ( onetrustStorageConsent.C0002 === false ) {\n\t\t\t\t\/\/\tdocument.cookie=\"_fbp=;expires=Thu, 01 Jan 2010 00:00:00 UTC; path=\/; domain=.boston.com\";\n\t\t\t\t\/\/}\n\t\t\t\t\/* Checking if the user has given consent for the cookie C0002.\n\t\t\t\t* If the user has given consent, the variable consent will be set to 'grant'.\n\t\t\t\t* If the user has not given consent,the variable consent will be set to 'revoke'.\n\t\t\t\t* Documentation https:\/\/developers.facebook.com\/docs\/meta-pixel\/implementation\/gdpr\n\t\t\t\t*\/\n\t\t\t\tif ( onetrustStorageConsent.C0002 !== true ) {\n\t\t\t\t\tconsent=\"revoke\";\n\t\t\t\t}\n\t\t\t}\n\t\t\t\t!function(f,b,e,v,n,t,s)\n\t\t{if(f.fbq)return;n=f.fbq=function(){n.callMethod?\n\t\tn.callMethod.apply(n,arguments):n.queue.push(arguments)};\n\t\tif(!f._fbq)f._fbq=n;n.push=n;n.loaded=!0;n.version='2.0';\n\t\tn.queue=[];t=b.createElement(e);t.async=!0;\n\t\tt.src=v;s=b.getElementsByTagName(e)[0];\n\t\ts.parentNode.insertBefore(t,s)}(window, document,'script',\n\t\t'https:\/\/connect.facebook.net\/en_US\/fbevents.js');\n\t\tfbq('consent', consent);\n\t\tfbq('init', '989222871864976');\n\t\tfbq('track', 'PageView');\n\t<\/script><script type=\"module\">\n\t\tvar consent=\"grant\";\n\t\t\/* The above code is parsing the JSON data from the local storage and storing it in a variable. *\/\n\t\t\tconst onetrustStorageConsent = JSON.parse(localStorage.getItem( 'consent_one_trust_bdc' ) );\n\t\t\t\/* Checking to see if the user has consented to the use of cookies.\n\t\t\t* If they have not, it is deleting the cookie.\n\t\t\t* This will comment for now, until further notice.\n\t\t\t*\/\n\t\t\t\/\/if ( onetrustStorageConsent.C0002 === false ) {\n\t\t\t\/\/\tdocument.cookie=\"_fbp=;expires=Thu, 01 Jan 2010 00:00:00 UTC; path=\/; domain=.boston.com\";\n\t\t\t\/\/}\n\t\t\t\/* Checking if the user has given consent for the cookie C0002.\n\t\t\t* If the user has given consent, the variable consent will be set to 'grant'.\n\t\t\t* If the user has not given consent,the variable consent will be set to 'revoke'.\n\t\t\t* Documentation https:\/\/developers.facebook.com\/docs\/meta-pixel\/implementation\/gdpr\n\t\t\t*\/\n\t\t\tif ( ( onetrustStorageConsent !== null ) && (onetrustStorageConsent.C0002 !== true ) ) {\n\t\t\t\tconsent=\"revoke\";\n\t\t\t}\n\t\t\t\t!function(f,b,e,v,n,t,s){if(f.fbq)return;n=f.fbq=function()\n\t\t{n.callMethod? n.callMethod.apply(n,arguments):n.queue.push(arguments)}\n\t\t;if(!f._fbq)f._fbq=n;\n\t\tn.push=n;n.loaded=!0;n.version='2.0';n.queue=[];t=b.createElement(e);t.async=!0;\n\t\tt.src=v;s=b.getElementsByTagName(e)[0];s.parentNode.insertBefore(t,s)}(window,\n\t\tdocument,'script','https:\/\/connect.facebook.net\/en_US\/fbevents.js');\n\t\tfbq('consent', consent);\n\t\tfbq('init', '813236348753005');\n\t\tfbq('track', \"PageView\");\n\t<\/script><br \/>\n<br \/><br \/>\n<br \/><a href=\"https:\/\/www.boston.com\/sports\/boston-red-sox\/2024\/09\/20\/mlb-red-sox-alex-cora-rafael-devers-injury-update\/\">Source link <\/a><\/p>","protected":false},"excerpt":{"rendered":"<p>Red Sox A les\u00e3o no ombro de Devers persistiu durante toda a temporada, e parece que o rebatedor estrela ser\u00e1 colocado de lado para evitar uma les\u00e3o mais s\u00e9ria. Rafael&hellip;<\/p>","protected":false},"author":1,"featured_media":39977,"comment_status":"closed","ping_status":"open","sticky":false,"template":"","format":"standard","meta":{"content-type":"","footnotes":""},"categories":[1],"tags":[],"class_list":["post-39976","post","type-post","status-publish","format-standard","has-post-thumbnail","hentry","category-uncategorized"],"_links":{"self":[{"href":"https:\/\/tvbrazilusa.com\/pt\/wp-json\/wp\/v2\/posts\/39976","targetHints":{"allow":["GET"]}}],"collection":[{"href":"https:\/\/tvbrazilusa.com\/pt\/wp-json\/wp\/v2\/posts"}],"about":[{"href":"https:\/\/tvbrazilusa.com\/pt\/wp-json\/wp\/v2\/types\/post"}],"author":[{"embeddable":true,"href":"https:\/\/tvbrazilusa.com\/pt\/wp-json\/wp\/v2\/users\/1"}],"replies":[{"embeddable":true,"href":"https:\/\/tvbrazilusa.com\/pt\/wp-json\/wp\/v2\/comments?post=39976"}],"version-history":[{"count":1,"href":"https:\/\/tvbrazilusa.com\/pt\/wp-json\/wp\/v2\/posts\/39976\/revisions"}],"predecessor-version":[{"id":39978,"href":"https:\/\/tvbrazilusa.com\/pt\/wp-json\/wp\/v2\/posts\/39976\/revisions\/39978"}],"wp:featuredmedia":[{"embeddable":true,"href":"https:\/\/tvbrazilusa.com\/pt\/wp-json\/wp\/v2\/media\/39977"}],"wp:attachment":[{"href":"https:\/\/tvbrazilusa.com\/pt\/wp-json\/wp\/v2\/media?parent=39976"}],"wp:term":[{"taxonomy":"category","embeddable":true,"href":"https:\/\/tvbrazilusa.com\/pt\/wp-json\/wp\/v2\/categories?post=39976"},{"taxonomy":"post_tag","embeddable":true,"href":"https:\/\/tvbrazilusa.com\/pt\/wp-json\/wp\/v2\/tags?post=39976"}],"curies":[{"name":"wp","href":"https:\/\/api.w.org\/{rel}","templated":true}]}}