{"id":39985,"date":"2024-09-21T04:37:14","date_gmt":"2024-09-21T04:37:14","guid":{"rendered":"https:\/\/tvbrazilusa.com\/2024\/09\/21\/lewandowski-afirma-que-o-twitter-x-esta-a-servico-da-extrema-direita\/"},"modified":"2024-09-21T04:37:15","modified_gmt":"2024-09-21T04:37:15","slug":"lewandowski-afirma-que-o-twitter-x-esta-a-servico-da-extrema-direita","status":"publish","type":"post","link":"https:\/\/tvbrazilusa.com\/pt\/2024\/09\/21\/lewandowski-afirma-que-o-twitter-x-esta-a-servico-da-extrema-direita\/","title":{"rendered":"Lewandowski afirma que o Twitter\/X est\u00e1 a servi\u00e7o da &#8216;extrema direita&#8217;"},"content":{"rendered":"<p> <script async src=\"https:\/\/pagead2.googlesyndication.com\/pagead\/js\/adsbygoogle.js?client=ca-pub-8864793242727901\"\r\n     crossorigin=\"anonymous\"><\/script><br \/>\n<\/p>\n<div id=\"taboola-read-more\" style=\"display:block; width:100%\">\n<p>O ministro da Justi\u00e7a e Seguran\u00e7a P\u00fablica, Ricardo Lewandowski, comparou a disputa entre o governo dos Estados Unidos e o TikTok com o embate entre Elon Musk, dono do Twitter\/X, e a Justi\u00e7a brasileira.\n<\/p>\n<p>Em evento em S\u00e3o Paulo nesta sexta-feira, 20, Lewandowski sugeriu que a rede social do empres\u00e1rio sul-africano estaria \u201ca servi\u00e7o de grupos de extrema direita\u201d.<\/p>\n<p>O ministro coordenou um semin\u00e1rio sobre intelig\u00eancia artificial promovido pela Universidade Santo Amaro (Unisa), onde coordena cursos de Direito. Lewandowski mencionou os conflitos que envolvem o Twitter\/X no Brasil e o TikTok nos EUA ao discutir os riscos geopol\u00edticos das plataformas digitais.\n<\/p>\n<p>Em abril, o Congresso dos Estados Unidos aprovou uma lei, sancionada por Joe Biden, que exige que o TikTok transfira o controle para uma empresa norte-americana para evitar o banimento no pa\u00eds.\n<\/p>\n<p>O Twiter\/X est\u00e1 bloqueado no Brasil desde o fim de agosto por ordem do ministro do Supremo Tribunal Federal Alexandre de Moraes.\n<\/p>\n<p>Ao tra\u00e7ar um paralelo entre os casos, Lewandowski lembrou que o TikTok foi banido dos EUA por \u201csupostamente servir a interesses chineses\u201d, enquanto a China busca expandir sua influ\u00eancia global. Ele alega que Musk tamb\u00e9m atua em outros pa\u00edses, como Hungria, \u00cdndia e China, \u201cora fazendo concess\u00f5es, ora fazendo repress\u00f5es\u201d.\n<\/p>\n<h2>Lewandowski fala de \u2018risco de ruptura da ordem democr\u00e1tica\u2019<\/h2>\n<p>O evento em S\u00e3o Paulo contou com a presen\u00e7a de representantes de grandes empresas de tecnologia, como Meta e OpenAI. Tamb\u00e9m participaram ministros do Superior Tribunal de Justi\u00e7a (STJ), Paulo Dias Moura Ribeiro, e do Tribunal Superior Eleitoral (TSE), Andr\u00e9 Ramos Tavares e Floriano de Azevedo Marques.\n<\/p>\n<p>O senador Eduardo Gomes (PL-TO), relator do projeto de regula\u00e7\u00e3o da IA no Brasil, tamb\u00e9m participou. Em seu discurso, Lewandowski alertou para o risco de ruptura da ordem democr\u00e1tica \u201cimpulsionada por rob\u00f4s que minam as verdades estabelecidas\u201d.\n<\/p>\n<p dir=\"ltr\">Ele citou o escritor Yuval Noah Harari, autor de\u00a0<em dir=\"ltr\">Sapiens \u2014 Uma Breve Hist\u00f3ria da Humanidade<\/em>\u201c, e disse que a democracia depende de um \u201cdi\u00e1logo permanente e franco em que as pessoas trocam informa\u00e7\u00f5es verdadeiras\u201d.\n<\/p>\n<p dir=\"ltr\">\u00a0\n<\/p>\n<p>Sobre intelig\u00eancia artificial, o ministro defendeu a ideia de que essa tecnologia tem a capacidade de moldar o \u201cfuturo da humanidade para o bem ou para o mal\u201d. Ele apontou v\u00e1rios \u201criscos\u201d associados, mas tamb\u00e9m ressaltou que a IA pode \u201ctrazer muitas melhorias para o cotidiano dos seres humanos\u201d.\n<\/p>\n<p>Em sua fala, Lewandowski tamb\u00e9m defendeu a regula\u00e7\u00e3o da tecnologia no Brasil e a cria\u00e7\u00e3o de tratados e organismos internacionais para discutir o tema.\n<\/p>\n<h2>Twitter\/X volta a ficar indispon\u00edvel no Brasil<\/h2>\n<figure><picture><source srcset=\"https:\/\/medias.revistaoeste.com\/wp-content\/uploads\/2024\/09\/x-twitter.jpg.webp 800w, https:\/\/medias.revistaoeste.com\/wp-content\/uploads\/2024\/09\/x-twitter-300x198.jpg.webp 300w, https:\/\/medias.revistaoeste.com\/wp-content\/uploads\/2024\/09\/x-twitter-150x99.jpg.webp 150w\" type=\"image\/webp\" data-srcset=\"https:\/\/medias.revistaoeste.com\/wp-content\/uploads\/2024\/09\/x-twitter.jpg.webp 800w, https:\/\/medias.revistaoeste.com\/wp-content\/uploads\/2024\/09\/x-twitter-300x198.jpg.webp 300w, https:\/\/medias.revistaoeste.com\/wp-content\/uploads\/2024\/09\/x-twitter-150x99.jpg.webp 150w\" data-sizes=\"(max-width: 800px) 100vw, 800px\"\/><\/picture><\/figure>\n<p>A rede social Twitter\/X voltou a ficar indispon\u00edvel no Brasil na quinta-feira 19. A Justi\u00e7a ordenou \u00e0 empresa de Elon Musk que interrompesse o uso do servi\u00e7o de ciberseguran\u00e7a que lhe havia permitido driblar a suspens\u00e3o da plataforma.\n<\/p>\n<p>\u201cPouco antes das 16h, o pr\u00f3prio X parou de usar o servi\u00e7o da Cloudflare, e por esse motivo ficou bloqueado\u201d, afirmou o conselheiro da Associa\u00e7\u00e3o Brasileira de Provedores de Internet (Abrint), Bas\u00edlio Rodriguez Perez, \u00e0 ag\u00eancia AFP.\n<\/p>\n<p dir=\"ltr\">Apesar da suspens\u00e3o decretada pelo ministro do\u00a0<strong dir=\"ltr\"><a dir=\"ltr\" href=\"https:\/\/portal.stf.jus.br\/\">Supremo Tribunal Federal (STF)<\/a><\/strong>\u00a0Alexandre de Moraes, a rede social voltou a ficar dispon\u00edvel no pa\u00eds nesta quarta-feira, 18.\n<\/p>\n<p>O Twitter\/X, por sua vez, emitiu um comunicado no qual explicou que a restaura\u00e7\u00e3o parcial no Brasil ocorreu de forma involunt\u00e1ria.\n<\/p>\n<blockquote>\n<p>\u201cQuando o X foi desligado no Brasil, nossa infraestrutura para fornecer servi\u00e7o para a Am\u00e9rica Latina n\u00e3o estava mais acess\u00edvel para nossa equipe\u201d, disse a empresa. \u201cPara continuar fornecendo servi\u00e7o ideal para nossos usu\u00e1rios, mudamos de operadora de rede. Essa mudan\u00e7a resultou em uma restaura\u00e7\u00e3o inadvertida e tempor\u00e1ria do servi\u00e7o para usu\u00e1rios brasileiros.\u201d\n<\/p>\n<\/blockquote>\n<\/div>\n<p>O ministro Alexandre de Moraes estabeleceu uma multa di\u00e1ria de R$ 5 milh\u00f5es ao Twitter\/X pelo \u201cdrible\u201d que permitiu o acesso de usu\u00e1rios brasileiros \u00e0 plataforma, mesmo com o bloqueio judicial em vigor.\n<\/p>\n<p>A multa se estende tamb\u00e9m \u00e0 empresa de tecnologia Starlink. Recentemente, recursos da companhia foram bloqueados para custear multas aplicadas ao Twitter\/X.\n<\/p>\n<p>A decis\u00e3o foi publicada como um \u201cedital de intima\u00e7\u00e3o\u201d, j\u00e1 que a rede social n\u00e3o possui mais representante legal no Brasil.\n<\/p>\n<p><br \/>\n<br \/><a href=\"https:\/\/diariodobrasilnoticias.com.br\/noticia\/lewandowski-afirma-que-o-twitter-x-esta-a-servico-da-extrema-direita-66ee05f93dfa7\">Source link <\/a><\/p>","protected":false},"excerpt":{"rendered":"<p>O ministro da Justi\u00e7a e Seguran\u00e7a P\u00fablica, Ricardo Lewandowski, comparou a disputa entre o governo dos Estados Unidos e o TikTok com o embate entre Elon Musk, dono do Twitter\/X,&hellip;<\/p>","protected":false},"author":1,"featured_media":39986,"comment_status":"closed","ping_status":"open","sticky":false,"template":"","format":"standard","meta":{"content-type":"","footnotes":""},"categories":[16],"tags":[123,2448,5313,1267],"class_list":["post-39985","post","type-post","status-publish","format-standard","has-post-thumbnail","hentry","category-noticias","tag-brasil","tag-diario","tag-noticia","tag-noticias"],"_links":{"self":[{"href":"https:\/\/tvbrazilusa.com\/pt\/wp-json\/wp\/v2\/posts\/39985","targetHints":{"allow":["GET"]}}],"collection":[{"href":"https:\/\/tvbrazilusa.com\/pt\/wp-json\/wp\/v2\/posts"}],"about":[{"href":"https:\/\/tvbrazilusa.com\/pt\/wp-json\/wp\/v2\/types\/post"}],"author":[{"embeddable":true,"href":"https:\/\/tvbrazilusa.com\/pt\/wp-json\/wp\/v2\/users\/1"}],"replies":[{"embeddable":true,"href":"https:\/\/tvbrazilusa.com\/pt\/wp-json\/wp\/v2\/comments?post=39985"}],"version-history":[{"count":1,"href":"https:\/\/tvbrazilusa.com\/pt\/wp-json\/wp\/v2\/posts\/39985\/revisions"}],"predecessor-version":[{"id":39987,"href":"https:\/\/tvbrazilusa.com\/pt\/wp-json\/wp\/v2\/posts\/39985\/revisions\/39987"}],"wp:featuredmedia":[{"embeddable":true,"href":"https:\/\/tvbrazilusa.com\/pt\/wp-json\/wp\/v2\/media\/39986"}],"wp:attachment":[{"href":"https:\/\/tvbrazilusa.com\/pt\/wp-json\/wp\/v2\/media?parent=39985"}],"wp:term":[{"taxonomy":"category","embeddable":true,"href":"https:\/\/tvbrazilusa.com\/pt\/wp-json\/wp\/v2\/categories?post=39985"},{"taxonomy":"post_tag","embeddable":true,"href":"https:\/\/tvbrazilusa.com\/pt\/wp-json\/wp\/v2\/tags?post=39985"}],"curies":[{"name":"wp","href":"https:\/\/api.w.org\/{rel}","templated":true}]}}