{"id":40055,"date":"2024-09-21T11:45:55","date_gmt":"2024-09-21T11:45:55","guid":{"rendered":"https:\/\/tvbrazilusa.com\/2024\/09\/21\/apos-serem-detidos-pela-pm-do-rio-o-deputado-glauber-braga-e-os-estudantes-sao-liberados\/"},"modified":"2024-09-21T11:45:56","modified_gmt":"2024-09-21T11:45:56","slug":"apos-serem-detidos-pela-pm-do-rio-o-deputado-glauber-braga-e-os-estudantes-sao-liberados","status":"publish","type":"post","link":"https:\/\/tvbrazilusa.com\/pt\/2024\/09\/21\/apos-serem-detidos-pela-pm-do-rio-o-deputado-glauber-braga-e-os-estudantes-sao-liberados\/","title":{"rendered":"Ap\u00f3s serem detidos pela PM do Rio, o deputado Glauber Braga e os estudantes s\u00e3o liberados"},"content":{"rendered":"<p> <script async src=\"https:\/\/pagead2.googlesyndication.com\/pagead\/js\/adsbygoogle.js?client=ca-pub-8864793242727901\"\r\n     crossorigin=\"anonymous\"><\/script><br \/>\n<\/p>\n<div id=\"taboola-read-more\" style=\"display:block; width:100%\">\n<p>O deputado federal Glauber Braga (PSOL-RJ) foi liberado na noite desta sexta-feira (20) depois de ficar detido, ao lado de tr\u00eas estudantes, por algumas horas na Cidade da Pol\u00edcia, no Rio de Janeiro. No in\u00edcio desta tarde, a pol\u00edtica deteve os quatro em ocupa\u00e7\u00e3o estudantil na UERJ (Universidade do Estado do Rio de Janeiro). Nas redes sociais, o parlamentar fez uma transmiss\u00e3o, h\u00e1 pouco minutos, em que falava a apoiadores.\n<\/p>\n<p>\u201cO ato dos estudantes, hoje, falou por si s\u00f3\u201d, disse Braga ao sair da delegacia. \u201cQuero agradecer a essa mo\u00e7ada, aos estudantes que est\u00e3o aqui representados por Clara, Alexandre e Davi, mas que s\u00e3o centenas, milhares de estudantes que se mobilizaram e que vem se mobilizando em defesa da UERJ. Hoje, \u00e9 um dia lament\u00e1vel do ponto de vista do que foi feito. Estudante lutando pelos seus direitos, para ficar na universidade e sendo tratado com bomba. Por outro lado, \u00e9 um dia de resist\u00eancia e de demonstra\u00e7\u00e3o de coragem desses e de outros estudantes que disseram que n\u00e3o v\u00e3o desistir de lutar e de fazer a defesa da educa\u00e7\u00e3o p\u00fablica e de seus direitos.\u201d<\/p>\n<p>Em nota, o PSOL informou que acionaria o STF (Supremo Tribunal Federal) pela deten\u00e7\u00e3o de Braga, que classificou como ilegal em virtude da imunidade parlamentar. Conforme apurou o R7, o presidente do Congresso Nacional, senador Rodrigo Pacheco (PSD-MG), ligou para o governador do Rio de Janeiro, Cl\u00e1udio Castro (PL), pedindo que ele acompanhasse de perto o caso envolvendo Braga e que garantisse as prerrogativas do parlamentar, a fim de confirmar que n\u00e3o houve qualquer abuso. O governador teria dito que acompanharia a situa\u00e7\u00e3o e tomaria alguma provid\u00eancia se fosse o caso. A\u00e7\u00e3o de Pacheco ocorreu depois que a l\u00edder do PSOL na C\u00e2mara, deputada Erika Hilton (SP) ligou para ele.\n<\/p>\n<p><strong>A deten\u00e7\u00e3o de Glauber Braga<\/strong>\n<\/p>\n<p>Os manifestantes ocupam a reitoria e outros edif\u00edcios da UERJ h\u00e1 56 dias. Eles protestam contra as mudan\u00e7as nas regras para a concess\u00e3o de bolsas e aux\u00edlios de assist\u00eancia estudantil. H\u00e1 uma ordem judicial que determina a desocupa\u00e7\u00e3o dos locais.\n<\/p>\n<p>Em nota divulgada nas redes sociais, a assessoria do deputado informou que a deten\u00e7\u00e3o \u00e9 ilegal. \u201c\u00c9 uma deten\u00e7\u00e3o ilegal, j\u00e1 que um deputado federal s\u00f3 pode ser detido em flagrante por crime inafian\u00e7\u00e1vel. Assim funciona o autoritarismo e a trucul\u00eancia de Cl\u00e1udio Castro [PL] e da reitoria da UERJ. Lutar n\u00e3o \u00e9 crime! Abaixo o autoritarismo e a repress\u00e3o.\u201d\n<\/p>\n<p>Em nota, a UERJ informou que houve uma tentativa de negocia\u00e7\u00e3o com os estudantes, envolvendo oficiais de Justi\u00e7a e membros da Comiss\u00e3o de Direitos Humanos da OAB [Ordem dos Advogados do Brasil], no Pavilh\u00e3o Jo\u00e3o Lyra Filho, onde ocorre a ocupa\u00e7\u00e3o. O objetivo era cumprir a ordem judicial de reintegra\u00e7\u00e3o de posse.\n<\/p>\n<p>Ainda de acordo com a reitoria, durante a negocia\u00e7\u00e3o, j\u00e1 com a presen\u00e7a da pol\u00edcia, um policial ficou ferido e foi levado ao hospital. A reitoria tamb\u00e9m afirmou que h\u00e1 registros em v\u00eddeo mostrando ataques de manifestantes contra a tropa policial.\n<\/p>\n<p>\u201cA Reitoria da UERJ lamenta profundamente que, apesar de todos os esfor\u00e7os de negocia\u00e7\u00e3o &#8211; oito reuni\u00f5es com entidades representativas dos estudantes, audi\u00eancia de concilia\u00e7\u00e3o com a ju\u00edza do Tribunal de Justi\u00e7a -, a situa\u00e7\u00e3o tenha chegado a esse ponto de intransig\u00eancia por parte dos grupos extremistas da ocupa\u00e7\u00e3o.\u201d\n<\/p>\n<p>Fonte: R7 <\/p>\n<\/div>\n<p><br \/>\n<br \/><a href=\"https:\/\/diariodobrasilnoticias.com.br\/noticia\/apos-serem-detidos-pela-pm-do-rio-o-deputado-glauber-braga-e-os-estudantes-sao-liberados-66eeabf4be4fd\">Source link <\/a><\/p>","protected":false},"excerpt":{"rendered":"<p>O deputado federal Glauber Braga (PSOL-RJ) foi liberado na noite desta sexta-feira (20) depois de ficar detido, ao lado de tr\u00eas estudantes, por algumas horas na Cidade da Pol\u00edcia, no&hellip;<\/p>","protected":false},"author":1,"featured_media":40056,"comment_status":"closed","ping_status":"open","sticky":false,"template":"","format":"standard","meta":{"content-type":"","footnotes":""},"categories":[16],"tags":[123,2448,5313,1267],"class_list":["post-40055","post","type-post","status-publish","format-standard","has-post-thumbnail","hentry","category-noticias","tag-brasil","tag-diario","tag-noticia","tag-noticias"],"_links":{"self":[{"href":"https:\/\/tvbrazilusa.com\/pt\/wp-json\/wp\/v2\/posts\/40055","targetHints":{"allow":["GET"]}}],"collection":[{"href":"https:\/\/tvbrazilusa.com\/pt\/wp-json\/wp\/v2\/posts"}],"about":[{"href":"https:\/\/tvbrazilusa.com\/pt\/wp-json\/wp\/v2\/types\/post"}],"author":[{"embeddable":true,"href":"https:\/\/tvbrazilusa.com\/pt\/wp-json\/wp\/v2\/users\/1"}],"replies":[{"embeddable":true,"href":"https:\/\/tvbrazilusa.com\/pt\/wp-json\/wp\/v2\/comments?post=40055"}],"version-history":[{"count":1,"href":"https:\/\/tvbrazilusa.com\/pt\/wp-json\/wp\/v2\/posts\/40055\/revisions"}],"predecessor-version":[{"id":40057,"href":"https:\/\/tvbrazilusa.com\/pt\/wp-json\/wp\/v2\/posts\/40055\/revisions\/40057"}],"wp:featuredmedia":[{"embeddable":true,"href":"https:\/\/tvbrazilusa.com\/pt\/wp-json\/wp\/v2\/media\/40056"}],"wp:attachment":[{"href":"https:\/\/tvbrazilusa.com\/pt\/wp-json\/wp\/v2\/media?parent=40055"}],"wp:term":[{"taxonomy":"category","embeddable":true,"href":"https:\/\/tvbrazilusa.com\/pt\/wp-json\/wp\/v2\/categories?post=40055"},{"taxonomy":"post_tag","embeddable":true,"href":"https:\/\/tvbrazilusa.com\/pt\/wp-json\/wp\/v2\/tags?post=40055"}],"curies":[{"name":"wp","href":"https:\/\/api.w.org\/{rel}","templated":true}]}}