{"id":40100,"date":"2024-09-21T13:36:04","date_gmt":"2024-09-21T13:36:04","guid":{"rendered":"https:\/\/tvbrazilusa.com\/2024\/09\/21\/governo-antecipa-bolsa-familia-para-os-atingidos-por-eventos-climaticos\/"},"modified":"2024-09-21T13:36:05","modified_gmt":"2024-09-21T13:36:05","slug":"governo-antecipa-bolsa-familia-para-os-atingidos-por-eventos-climaticos","status":"publish","type":"post","link":"https:\/\/tvbrazilusa.com\/pt\/2024\/09\/21\/governo-antecipa-bolsa-familia-para-os-atingidos-por-eventos-climaticos\/","title":{"rendered":"Governo antecipa Bolsa Fam\u00edlia para os atingidos por eventos clim\u00e1ticos"},"content":{"rendered":"<p> <script async src=\"https:\/\/pagead2.googlesyndication.com\/pagead\/js\/adsbygoogle.js?client=ca-pub-8864793242727901\"\r\n     crossorigin=\"anonymous\"><\/script><br \/>\n<\/p>\n<div id=\"taboola-read-more\" style=\"display:block; width:100%\">\n<p>A Caixa Econ\u00f4mica Federal vai antecipar, nesta ter\u00e7a-feira (17), o pagamento do Bolsa Fam\u00edlia aos benefici\u00e1rios que residem em regi\u00f5es que passaram por eventos clim\u00e1ticos extremos como chuvas, estiagem e queimadas.\n<\/p>\n<p>Para esses benefici\u00e1rios, o pagamento ser\u00e1 feito no primeiro dia do calend\u00e1rio, independentemente do final do NIS. Ao todo, ser\u00e3o pagos 20,7 milh\u00f5es de benef\u00edcios.<\/p>\n<p>Al\u00e9m disso, come\u00e7ou hoje o pagamento do Bolsa Fam\u00edlia do m\u00eas de setembro para os benefici\u00e1rios com o NIS final 1.\n<\/p>\n<p>Para as pessoas que n\u00e3o residem nas regi\u00f5es beneficiadas, o calend\u00e1rio deste m\u00eas ser\u00e1 conclu\u00eddo normalmente, no dia 30.\n<\/p>\n<p>Quais regi\u00f5es ser\u00e3o contempladas com a antecipa\u00e7\u00e3o?<br \/>As antecipa\u00e7\u00f5es ser\u00e3o feitas para o estado do Rio Grande do Sul, devido \u00e0s chuvas que atingiram a regi\u00e3o, para todas as fam\u00edlias do estado do Amazonas e para alguns munic\u00edpios dos estados de S\u00e3o Paulo, Acre e Roraima, afetados pela estiagem e as recentes queimadas.\n<\/p>\n<p><strong>Quais cidades de S\u00e3o Paulo receber\u00e3o a antecipa\u00e7\u00e3o?<\/strong>\n<\/p>\n<p>No estado de S\u00e3o Paulo, as cidades contempladas com o benef\u00edcio s\u00e3o:\n<\/p>\n<p>Amparo<br \/>Monte Alegre do Sul<br \/>Bananal<br \/>S\u00e3o Lu\u00eds do Paraitinga<br \/>\u00c1guas da Prata<br \/>Alum\u00ednio<br \/>Dourado<br \/>Piracicaba<br \/>Bebedouro<br \/>Boa Esperan\u00e7a do Sul<br \/>Brodowski<br \/>Ibitinga<br \/>It\u00e1polis<br \/>Lu\u00eds Ant\u00f4nio<br \/>Monte Azul Paulista<br \/>Morro Agudo<br \/>Nova Granada<br \/>Pedregulho<br \/>Pitangueiras<br \/>Poloni<br \/>Pontal\n<\/p>\n<p><strong>Mais cidades de S\u00e3o Paulo contempladas<\/strong>\n<\/p>\n<p>Al\u00e9m das cidades j\u00e1 mencionadas, tamb\u00e9m entram nessa condi\u00e7\u00e3o as seguintes localidades de S\u00e3o Paulo:\n<\/p>\n<p>Ribeir\u00e3o Preto<br \/>Santo Ant\u00f4nio da Alegria<br \/>S\u00e3o Jos\u00e9 do Rio Preto<br \/>S\u00e3o Sim\u00e3o<br \/>Sert\u00e3ozinho<br \/>Tabatinga<br \/>Ubarana<br \/>Urup\u00eas<br \/>Valentim Gentil<br \/>Pirapora do Bom Jesus<br \/>Bernardino de Campos<br \/>Coronel Macedo<br \/>Iacanga<br \/>Itirapina<br \/>Ja\u00fa<br \/>Luc\u00e9lia<br \/>Pompeia<br \/>Presidente Epit\u00e1cio<br \/>Rosana<br \/>Sabino<br \/>Salmour\u00e3o<br \/>Santo Ant\u00f4nio do Aracanga<br \/>Taquarituba<br \/>Torrinha\n<\/p>\n<p><strong>Como ser\u00e1 feito o pagamento?<\/strong>\n<\/p>\n<p>Os benefici\u00e1rios que residem nas regi\u00f5es afetadas receber\u00e3o o pagamento do Bolsa Fam\u00edlia antecipadamente, no primeiro dia do calend\u00e1rio de pagamento, independente do final do NIS.\n<\/p>\n<p>Esse procedimento visa proporcionar um al\u00edvio financeiro emergencial para as fam\u00edlias que enfrentam dificuldades devido aos eventos clim\u00e1ticos extremos que afetaram suas regi\u00f5es.\n<\/p>\n<p>Para as fam\u00edlias dos demais estados, o calend\u00e1rio de pagamento segue normalmente, encerrando-se no dia 30 deste m\u00eas.\n<\/p>\n<p>Dessa forma, a Caixa assegura que todos os benefici\u00e1rios do Bolsa Fam\u00edlia ter\u00e3o seus direitos garantidos, com especial aten\u00e7\u00e3o \u00e0s necessidades emergenciais daqueles que se encontram em \u00e1reas de desastre natural.\n<\/p>\n<p>Fonte: O Antagonista <\/p>\n<\/div>\n<p><br \/>\n<br \/><a href=\"https:\/\/diariodobrasilnoticias.com.br\/noticia\/governo-antecipa-bolsa-familia-para-os-atingidos-por-eventos-climaticos-66eeca2d402af\">Source link <\/a><\/p>","protected":false},"excerpt":{"rendered":"<p>A Caixa Econ\u00f4mica Federal vai antecipar, nesta ter\u00e7a-feira (17), o pagamento do Bolsa Fam\u00edlia aos benefici\u00e1rios que residem em regi\u00f5es que passaram por eventos clim\u00e1ticos extremos como chuvas, estiagem e&hellip;<\/p>","protected":false},"author":1,"featured_media":40101,"comment_status":"closed","ping_status":"open","sticky":false,"template":"","format":"standard","meta":{"content-type":"","footnotes":""},"categories":[16],"tags":[123,2448,5313,1267],"class_list":["post-40100","post","type-post","status-publish","format-standard","has-post-thumbnail","hentry","category-noticias","tag-brasil","tag-diario","tag-noticia","tag-noticias"],"_links":{"self":[{"href":"https:\/\/tvbrazilusa.com\/pt\/wp-json\/wp\/v2\/posts\/40100","targetHints":{"allow":["GET"]}}],"collection":[{"href":"https:\/\/tvbrazilusa.com\/pt\/wp-json\/wp\/v2\/posts"}],"about":[{"href":"https:\/\/tvbrazilusa.com\/pt\/wp-json\/wp\/v2\/types\/post"}],"author":[{"embeddable":true,"href":"https:\/\/tvbrazilusa.com\/pt\/wp-json\/wp\/v2\/users\/1"}],"replies":[{"embeddable":true,"href":"https:\/\/tvbrazilusa.com\/pt\/wp-json\/wp\/v2\/comments?post=40100"}],"version-history":[{"count":1,"href":"https:\/\/tvbrazilusa.com\/pt\/wp-json\/wp\/v2\/posts\/40100\/revisions"}],"predecessor-version":[{"id":40102,"href":"https:\/\/tvbrazilusa.com\/pt\/wp-json\/wp\/v2\/posts\/40100\/revisions\/40102"}],"wp:featuredmedia":[{"embeddable":true,"href":"https:\/\/tvbrazilusa.com\/pt\/wp-json\/wp\/v2\/media\/40101"}],"wp:attachment":[{"href":"https:\/\/tvbrazilusa.com\/pt\/wp-json\/wp\/v2\/media?parent=40100"}],"wp:term":[{"taxonomy":"category","embeddable":true,"href":"https:\/\/tvbrazilusa.com\/pt\/wp-json\/wp\/v2\/categories?post=40100"},{"taxonomy":"post_tag","embeddable":true,"href":"https:\/\/tvbrazilusa.com\/pt\/wp-json\/wp\/v2\/tags?post=40100"}],"curies":[{"name":"wp","href":"https:\/\/api.w.org\/{rel}","templated":true}]}}