{"id":40138,"date":"2024-09-21T15:44:35","date_gmt":"2024-09-21T15:44:35","guid":{"rendered":"https:\/\/tvbrazilusa.com\/2024\/09\/21\/segundo-economistas-a-meta-fiscal-nao-sera-cumprida-mesmo-apos-os-bloqueios-no-orcamento-federal\/"},"modified":"2024-09-21T15:44:36","modified_gmt":"2024-09-21T15:44:36","slug":"segundo-economistas-a-meta-fiscal-nao-sera-cumprida-mesmo-apos-os-bloqueios-no-orcamento-federal","status":"publish","type":"post","link":"https:\/\/tvbrazilusa.com\/pt\/2024\/09\/21\/segundo-economistas-a-meta-fiscal-nao-sera-cumprida-mesmo-apos-os-bloqueios-no-orcamento-federal\/","title":{"rendered":"Segundo economistas, a meta fiscal n\u00e3o ser\u00e1 cumprida, mesmo ap\u00f3s os bloqueios no or\u00e7amento federal"},"content":{"rendered":"<p> <script async src=\"https:\/\/pagead2.googlesyndication.com\/pagead\/js\/adsbygoogle.js?client=ca-pub-8864793242727901\"\r\n     crossorigin=\"anonymous\"><\/script><br \/>\n<\/p>\n<div id=\"taboola-read-more\" style=\"display:block; width:100%\">\n<p>O bloqueio anunciado pelo governo federal na noite desta sexta-feira (20) ainda n\u00e3o \u00e9 suficiente para que a meta fiscal seja cumprida, apontaram economistas \u00e0 CNN.\n<\/p>\n<p>Em adi\u00e7\u00e3o aos R$ 11,2 bilh\u00f5es bloqueados em julho, os minist\u00e9rios da Fazenda e Planejamento anunciaram mais R$ 2,1 bilh\u00f5es na conta, totalizando um bloqueio de R$ 13,3 bilh\u00f5es no or\u00e7amento federal.<\/p>\n<p>J\u00e1 os R$ 3,8 bilh\u00f5es contingenciados na \u00faltima divulga\u00e7\u00e3o foram liberados. De acordo com o Relat\u00f3rio de Avalia\u00e7\u00e3o de Receitas e Despesas Prim\u00e1rias do 4\u00ba Bimestre de 2024, a receita l\u00edquida do Executivo subiu em R$ 4,4 bilh\u00f5es, o que daria o espa\u00e7o para o movimento de revers\u00e3o.\n<\/p>\n<p>Ainda assim, Felipe Salto, economista-chefe da Warren Investimentos, aponta que o an\u00fancio \u00e9 \u201cbastante irrealista\u201d.\n<\/p>\n<p>\u201cOs valores anunciados n\u00e3o condizem com as nossas proje\u00e7\u00f5es\u201d, comenta Salto, que diz que a estimativa da Warren Investimentos era de que seria necess\u00e1rio um congelamento de gastos adicional no valor de R$ 11,2 bilh\u00f5es ou mais para o governo cumprir suas obriga\u00e7\u00f5es.\n<\/p>\n<p>\u201c\u00c9 insuficiente para o cumprimento da meta fiscal, ainda mais considerando a revers\u00e3o do contingenciamento\u201d, pontua.\n<\/p>\n<p>Quando olha para o que chama de \u201cidas e vindas\u201d em rela\u00e7\u00e3o ao or\u00e7amento, Paulo Henrique Duarte, economista da Valor Investimentos, avalia que o governo mais uma vez joga contra sua imagem de responsabilidade fiscal.\n<\/p>\n<p>\u201cPassa uma imagem muito ruim para o mercado de que o governo n\u00e3o tem o or\u00e7amento na m\u00e3o. Ent\u00e3o voc\u00ea faz com que tenha conten\u00e7\u00e3o, a\u00ed libera gastos \u00e0 medida das idas e vindas de Bras\u00edlia\u201d, avalia Duarte.\n<\/p>\n<p>\u201cEsse novo movimento do governo ilustra a disputa interna que tem acontecido na frente fiscal. O ministro [da Fazenda, Fernando] Haddad tem buscado o m\u00ednimo de credibilidade e seguir as regras do arcabou\u00e7o, mas n\u00e3o alinhado com o restante do governo\u201d, conclui.\n<\/p>\n<p>De acordo com o relat\u00f3rio, o d\u00e9ficit prim\u00e1rio deste ano deve ser de R$ 28,3 bilh\u00f5es. A meta de d\u00e9ficit zero do governo tem uma margem de toler\u00e2ncia de 0,25% em propor\u00e7\u00e3o com o Produto Interno Bruto (PIB), o equivalente a R$ 28,8 bilh\u00f5es.\n<\/p>\n<p>Mas, na avalia\u00e7\u00e3o de Sergio Vale, economista-chefe da MB associados, o dado \u201cmascara a realidade de que teremos um d\u00e9ficit total este ano de R$ 60 bilh\u00f5es e de pelo menos R$ 75 bilh\u00f5es no ano que vem\u201d.\n<\/p>\n<p>\u201cCom isso, a d\u00edvida p\u00fablica ter\u00e1 subido 10 pontos em tr\u00eas anos. Isso para mim est\u00e1 longe de ser um ajuste fiscal e corremos o risco do governo se fiar em detalhes num\u00e9ricos de um resultado prim\u00e1rio cheio de exce\u00e7\u00f5es enquanto a divisa continua subindo. Chega o momento de discutirmos uma regra de d\u00edvida. A regra de resultado prim\u00e1rio deixou de funcionar\u201d, aponta Vale.\n<\/p>\n<p>Por outro lado, Salto acredita que, apesar do irrealismo das proje\u00e7\u00f5es, o governo deve encerrar o ano cumprindo o arcabou\u00e7o fiscal dentro do teto.\n<\/p>\n<p>\u201cVai precisar de um bloqueio ou contingenciamento adicional, ou anunciar uma receita muito boa. Mas se o governo est\u00e1 mais otimista sobre a arrecada\u00e7\u00e3o, pode ajudar\u201d, aponta o economista-chefe da Warren.\n<\/p>\n<p>Ele indica que ainda podem contribuir para as contas do Executivo dividendos extraordin\u00e1rios do BNDES, dep\u00f3sitos judiciais e uma din\u00e2mica melhor na arrecada\u00e7\u00e3o.\n<\/p>\n<p>\u201cApostando numa arrecada\u00e7\u00e3o melhor, o contingenciamento pode ser menor. Mas \u00e9 arriscado\u201d, conclui.\n<\/p>\n<p>Duarte retoma a quest\u00e3o de que impacta na imagem de responsabilidade fiscal do governo a busca por medidas apenas do lado arrecadat\u00f3rio, enquanto as conten\u00e7\u00f5es de gastos s\u00e3o raras, o que por sua vez acabaria pressionando a alta dos juros altos no pa\u00eds.\n<\/p>\n<p>\u201cNa pr\u00e1tica \u00e9 que o governo est\u00e1 de novo operando na linha da receita. O contingenciamento foi revertido por conta de receitas extraordin\u00e1rias, o ministro Fernando Haddad, devido a reformas, est\u00e1 aumentando a arrecada\u00e7\u00e3o. O que a gente v\u00ea n\u00e3o \u00e9 um esfor\u00e7o fiscal, mas um esfor\u00e7o para manter o gasto que eles querem fazer\u201d, afirma o economista da Valor Investimentos.\n<\/p>\n<p>\u201cMuito do que estava no comunicado do Copom [ap\u00f3s subir os juros nesta semana] tem haver com isso: as mensagens do Executivo t\u00eam sido d\u00edspares, n\u00e3o alinhadas, e isso preocupa bastante ao sinalizar aumento de gastos, pressionando a infla\u00e7\u00e3o\u201d, pontua.\n<\/p>\n<p>Fonte: CNN <\/p>\n<\/div>\n<p><br \/>\n<br \/><a href=\"https:\/\/diariodobrasilnoticias.com.br\/noticia\/segundo-economistas-a-meta-fiscal-nao-sera-cumprida-mesmo-apos-os-bloqueios-no-orcamento-federal-66eece4c5c0fd\">Source link <\/a><\/p>","protected":false},"excerpt":{"rendered":"<p>O bloqueio anunciado pelo governo federal na noite desta sexta-feira (20) ainda n\u00e3o \u00e9 suficiente para que a meta fiscal seja cumprida, apontaram economistas \u00e0 CNN. Em adi\u00e7\u00e3o aos R$&hellip;<\/p>","protected":false},"author":1,"featured_media":40139,"comment_status":"closed","ping_status":"open","sticky":false,"template":"","format":"standard","meta":{"content-type":"","footnotes":""},"categories":[16],"tags":[123,2448,5313,1267],"class_list":["post-40138","post","type-post","status-publish","format-standard","has-post-thumbnail","hentry","category-noticias","tag-brasil","tag-diario","tag-noticia","tag-noticias"],"_links":{"self":[{"href":"https:\/\/tvbrazilusa.com\/pt\/wp-json\/wp\/v2\/posts\/40138","targetHints":{"allow":["GET"]}}],"collection":[{"href":"https:\/\/tvbrazilusa.com\/pt\/wp-json\/wp\/v2\/posts"}],"about":[{"href":"https:\/\/tvbrazilusa.com\/pt\/wp-json\/wp\/v2\/types\/post"}],"author":[{"embeddable":true,"href":"https:\/\/tvbrazilusa.com\/pt\/wp-json\/wp\/v2\/users\/1"}],"replies":[{"embeddable":true,"href":"https:\/\/tvbrazilusa.com\/pt\/wp-json\/wp\/v2\/comments?post=40138"}],"version-history":[{"count":1,"href":"https:\/\/tvbrazilusa.com\/pt\/wp-json\/wp\/v2\/posts\/40138\/revisions"}],"predecessor-version":[{"id":40140,"href":"https:\/\/tvbrazilusa.com\/pt\/wp-json\/wp\/v2\/posts\/40138\/revisions\/40140"}],"wp:featuredmedia":[{"embeddable":true,"href":"https:\/\/tvbrazilusa.com\/pt\/wp-json\/wp\/v2\/media\/40139"}],"wp:attachment":[{"href":"https:\/\/tvbrazilusa.com\/pt\/wp-json\/wp\/v2\/media?parent=40138"}],"wp:term":[{"taxonomy":"category","embeddable":true,"href":"https:\/\/tvbrazilusa.com\/pt\/wp-json\/wp\/v2\/categories?post=40138"},{"taxonomy":"post_tag","embeddable":true,"href":"https:\/\/tvbrazilusa.com\/pt\/wp-json\/wp\/v2\/tags?post=40138"}],"curies":[{"name":"wp","href":"https:\/\/api.w.org\/{rel}","templated":true}]}}