{"id":40196,"date":"2024-09-21T18:43:18","date_gmt":"2024-09-21T18:43:18","guid":{"rendered":"https:\/\/tvbrazilusa.com\/2024\/09\/21\/apenas-um-voto-sera-necessario-para-eleger-o-prefeito-ou-prefeita-em-213-municipios-do-brasil-entenda\/"},"modified":"2024-09-21T18:43:20","modified_gmt":"2024-09-21T18:43:20","slug":"apenas-um-voto-sera-necessario-para-eleger-o-prefeito-ou-prefeita-em-213-municipios-do-brasil-entenda","status":"publish","type":"post","link":"https:\/\/tvbrazilusa.com\/pt\/2024\/09\/21\/apenas-um-voto-sera-necessario-para-eleger-o-prefeito-ou-prefeita-em-213-municipios-do-brasil-entenda\/","title":{"rendered":"Apenas um voto ser\u00e1 necess\u00e1rio para eleger o prefeito ou prefeita em 213 munic\u00edpios do Brasil; entenda"},"content":{"rendered":"<p> <script async src=\"https:\/\/pagead2.googlesyndication.com\/pagead\/js\/adsbygoogle.js?client=ca-pub-8864793242727901\"\r\n     crossorigin=\"anonymous\"><\/script><br \/>\n<\/p>\n<div id=\"taboola-read-more\" style=\"display:block; width:100%\">\n<p>S\u00f3 um voto ser\u00e1 necess\u00e1rio para eleger o prefeito ou prefeita de 213 munic\u00edpios brasileiros em 2024.\n<\/p>\n<p>Isso acontece em locais onde h\u00e1 apenas um candidato concorrendo ao cargo. Ou seja, a vit\u00f3ria \u00e9 garantida mesmo que apenas o pr\u00f3prio candidato vote em si mesmo.<\/p>\n<p>Um levantamento da Confedera\u00e7\u00e3o Nacional de Munic\u00edpios (CNM) revela que o n\u00famero de munic\u00edpios com candidatos \u00fanicos praticamente dobrou em rela\u00e7\u00e3o a 2020: passou de 107 para o maior n\u00famero registrado nas \u00faltimas sete elei\u00e7\u00f5es municipais.\n<\/p>\n<p>A BBC News Brasil ouviu Paulo Ziulkoski, presidente da Confedera\u00e7\u00e3o Nacional de Munic\u00edpios, e o cientista pol\u00edtico Eduardo Grin, da FGV EAESP (Escola de Administra\u00e7\u00e3o de Empresas de S\u00e3o Paulo da Funda\u00e7\u00e3o Getulio Vargas), sobre as raz\u00f5es para o recorde de candidaturas \u00fanicas nas elei\u00e7\u00f5es municipais deste ano.\n<\/p>\n<p><strong>O que explica candidaturas \u00fanicas<\/strong>\n<\/p>\n<p>Um dos fatores mais evidentes, segundo Ziulkoski, est\u00e1 no Estado com o maior n\u00famero de munic\u00edpios com apenas um candidato concorrendo, o Rio Grande do Sul.\n<\/p>\n<p>&#8220;As prefeituras de muitos munic\u00edpios do Rio Grande do Sul passaram por dois fen\u00f4menos muito s\u00e9rios neste mandato: a pandemia, que afetou todos de maneira igual, mas tamb\u00e9m a devasta\u00e7\u00e3o pelas chuvas que ocorreu recentemente&#8221;.\n<\/p>\n<p>Para Ziulkoski, que \u00e9 formado em Direito e foi prefeito de Mariana Pimentel (RS), os desafios a serem enfrentados pelas prefeituras de diversos munic\u00edpios ga\u00fachos desestimulam poss\u00edveis candidatos a concorrerem pelo cargo.\n<\/p>\n<p>&#8220;Cat\u00e1strofes geram muita press\u00e3o. O cidad\u00e3o cobra quem ele conhece mais de perto: o poder local.&#8221;\n<\/p>\n<p><strong>Guia das elei\u00e7\u00f5es municipais 2024<\/strong>\n<\/p>\n<p>Outro fator que pode desestimular a concorr\u00eancia s\u00e3o os munic\u00edpios com prefeitos que t\u00eam muito apoio local e est\u00e3o bem-avaliados para continuar no cargo.\n<\/p>\n<p>&#8220;Candidatos de oposi\u00e7\u00e3o muitas vezes n\u00e3o veem vantagem em enfrentar um prefeito popular, com boas chances de vit\u00f3ria. Al\u00e9m disso, essas situa\u00e7\u00f5es acontecem principalmente em cidades pequenas, onde \u00e9 dif\u00edcil formar uma segunda for\u00e7a pol\u00edtica com estrutura suficiente para enfrentar o prefeito&#8221;, aponta o cientista pol\u00edtico Eduardo Grin.\n<\/p>\n<p>&#8220;Outro fator importante \u00e9 o aumento de recursos financeiros para prefeitos em reelei\u00e7\u00e3o, que muitas vezes v\u00eam de emendas parlamentares. Isso proporciona aos prefeitos mais recursos para campanhas, criando uma vantagem financeira significativa. Dessa forma, o oponente, que j\u00e1 sabe que ter\u00e1 menos recursos, desiste de concorrer.&#8221;\n<\/p>\n<p>Grin acrescenta que &#8220;em cidades menores, como \u00e9 o caso dessas 214, muitas vezes n\u00e3o h\u00e1 uma sociedade pol\u00edtica organizada, com ONGs, sindicatos, imprensa ou universidades que possam reproduzir ou criar um polo pol\u00edtico diferente daquele que domina na cidade.&#8221;\n<\/p>\n<p>O presidente da CNM destaca tamb\u00e9m a polariza\u00e7\u00e3o intensa como algo que reflete na falta de mais candidatos \u2014 em um cen\u00e1rio que h\u00e1, diz ele, &#8220;um baixo n\u00edvel&#8221; de di\u00e1logo pol\u00edtico na internet.\n<\/p>\n<p>&#8220;As pr\u00f3prias fam\u00edlias desestimulam seus entes a ingressarem na vida p\u00fablica, que \u00e9 uma coisa nobre e importante, por medo de exposi\u00e7\u00e3o e ataques. Muitos que poderiam fazer uma boa administra\u00e7\u00e3o acabam n\u00e3o indo, e esse espa\u00e7o \u00e9 ocupado por pessoas que talvez n\u00e3o sejam t\u00e3o competentes&#8221;, diz Ziulkoski.\n<\/p>\n<p>O Brasil tem cerca de 59 mil vereadores, 5.570 prefeitos, 5.570 vice-prefeitos e cerca de 40 mil secret\u00e1rios municipais \u2014 um total de aproximadamente 110 mil agentes pol\u00edticos nas prefeituras do Brasil, segundo a CNM.\n<\/p>\n<p><strong>O problema da falta de concorr\u00eancia<\/strong>\n<\/p>\n<p>A falta de oposi\u00e7\u00e3o \u00e9 preocupante, como destaca Grin.\n<\/p>\n<p>&#8220;Em um contexto democr\u00e1tico, \u00e9 importante que a popula\u00e7\u00e3o tenha mais de uma op\u00e7\u00e3o pol\u00edtica. Isso permite que os cidad\u00e3os ponderem sobre os candidatos e, se necess\u00e1rio, punam o prefeito por uma m\u00e1 gest\u00e3o. Uma candidatura \u00fanica elimina essa possibilidade, pois, com votos suficientes, algu\u00e9m pode ser eleito sem concorr\u00eancia&#8221;, diz Grin.\n<\/p>\n<p>As consequ\u00eancias, segundo o cientista pol\u00edtico, incluem sensa\u00e7\u00e3o de acomoda\u00e7\u00e3o pol\u00edtica na cidade, enfraquecimento do debate pol\u00edtico e exclus\u00e3o de vis\u00f5es pol\u00edticas diferentes, o que reduz o debate democr\u00e1tico e a transpar\u00eancia na administra\u00e7\u00e3o p\u00fablica, j\u00e1 que apenas um grupo pol\u00edtico mant\u00e9m o controle.\n<\/p>\n<p>&#8220;Elei\u00e7\u00f5es mais competitivas, com pelo menos duas candidaturas, permitiriam maior controle da popula\u00e7\u00e3o, for\u00e7ando os candidatos a apresentar propostas mais vi\u00e1veis e a evitar promessas que n\u00e3o podem cumprir, garantindo assim que a popula\u00e7\u00e3o tenha a oportunidade de optar.&#8221;\n<\/p>\n<p>Ziulkoski complementa que um debate com v\u00e1rios candidatos ajuda a garantir um controle mais eficiente do poder local.\n<\/p>\n<p>&#8220;Quando h\u00e1 apenas uma candidatura, ela tende a se consolidar facilmente, mas a falta de oposi\u00e7\u00e3o na C\u00e2mara de Vereadores pode levar a distor\u00e7\u00f5es e problemas ao longo do tempo, j\u00e1 que n\u00e3o h\u00e1 um equil\u00edbrio que permita questionar e fiscalizar as a\u00e7\u00f5es do governo local.&#8221;\n<\/p>\n<p>Regi\u00f5es e perfis dos &#8216;candidatos \u00fanicos&#8217;<br \/>O levantamento da CNM mostra que, nos munic\u00edpios de candidatura \u00fanica, 72% s\u00e3o candidatos \u00e0 reelei\u00e7\u00e3o, enquanto nacionalmente esse percentual \u00e9 de 55%.\n<\/p>\n<p>Entre as cidades de candidato \u00fanico, a m\u00e9dia populacional encontrada foi de 6,7 mil habitantes, de Bor\u00e1 (SP), com 907 habitantes at\u00e9 Batatais (SP), com 58.402 moradores.\n<\/p>\n<p>Avaliando os recortes regionais, o Sudeste concentra 68 das 213 cidades com candidaturas \u00fanicas (32%), seguido pela regi\u00e3o Sul (66 candidaturas ou 31%), Nordeste (37 candidaturas ou 17%), Centro-Oeste (30 candidaturas ou 15%) e Norte (11 candidaturas ou 5%).\n<\/p>\n<p>E qual \u00e9 o perfil dos candidatos \u00fanicos nas elei\u00e7\u00f5es municipais de 2024?\n<\/p>\n<p>Em compara\u00e7\u00e3o \u00e0 m\u00e9dia nacional, esses candidatos apresentam um percentual maior de homens brancos (4 pontos percentuais a mais), casados (4 pontos percentuais a mais) e com menor n\u00edvel de escolaridade (2 pontos percentuais a mais).\n<\/p>\n<p>&#8220;Nessas localidades, as mulheres est\u00e3o bastante sub-representadas na pol\u00edtica, e por isso muitos prefeitos se destacam como candidatos \u00fanicos&#8221;, afirma Grin.\n<\/p>\n<p>Al\u00e9m disso, a m\u00e9dia de idade dos candidatos \u00fanicos \u00e9 de 49 anos, inferior \u00e0 idade m\u00e9dia de 51 anos dos demais concorrentes.\n<\/p>\n<p>&#8220;O estudo tamb\u00e9m mostra que os partidos do &#8216;centr\u00e3o&#8217;, especialmente o MDB, o PSD e o Uni\u00e3o Brasil, predominam, ou seja, nesses &#8216;currais eleitorais&#8217; do interior, os partidos tradicionais historicamente dominam a pol\u00edtica&#8221;, avalia Grin.\n<\/p>\n<p>&#8220;Essas cidades s\u00e3o controladas por m\u00e1quinas partid\u00e1rias muito vinculadas a partidos conservadores ou de direita, como o MDB, que at\u00e9 2020 era dominante na pol\u00edtica local.&#8221;\n<\/p>\n<p>Os entrevistados acreditam que o n\u00famero de candidaturas \u00fanicas pode crescer ainda mais nas pr\u00f3ximas elei\u00e7\u00f5es.\n<\/p>\n<p>&#8220;Se o sistema de transfer\u00eancia de verbas federais via emendas de parlamentares continuar aumentando, como parece ser o caso, criaremos uma disputa pol\u00edtica nas cidades muito mais desigual, j\u00e1 que quem j\u00e1 \u00e9 prefeito tende a receber mais dos diversos tipos de emendas, o que desestimular\u00e1 ainda mais outras candidaturas&#8221;, diz Grin.\n<\/p>\n<p>As emendas parlamentares permitem que deputados e senadores atuem na destina\u00e7\u00e3o de recursos p\u00fablicos do Executivo para suas bases eleitorais \u2014 Estados e munic\u00edpios.\n<\/p>\n<p>&#8220;Isso gera um ciclo vicioso: partidos que criam m\u00e1quinas locais dominam a pol\u00edtica, elegem mais vereadores e formam maiorias na C\u00e2mara Municipal, o que refor\u00e7a o apoio ao governo&#8221;, diz o cientista pol\u00edtico da FGV.\n<\/p>\n<p>Na aus\u00eancia de candidaturas plurais, Grin sugere que a sociedade busque criar suas pr\u00f3prias for\u00e7as pol\u00edticas mobilizando os grupos presentes nas pequenas cidades, como sindicatos, associa\u00e7\u00f5es de bairro e movimentos sociais, para criar oposi\u00e7\u00e3o e cobrar autoridades locais.\n<\/p>\n<p>Fonte: BBC News Brasil <\/p>\n<\/div>\n<p><br \/>\n<br \/><a href=\"https:\/\/diariodobrasilnoticias.com.br\/noticia\/apenas-um-voto-sera-necessario-para-eleger-o-prefeito-ou-prefeita-em-213-municipios-do-brasil-entenda-66eef54b6c804\">Source link <\/a><\/p>","protected":false},"excerpt":{"rendered":"<p>S\u00f3 um voto ser\u00e1 necess\u00e1rio para eleger o prefeito ou prefeita de 213 munic\u00edpios brasileiros em 2024. Isso acontece em locais onde h\u00e1 apenas um candidato concorrendo ao cargo. Ou&hellip;<\/p>","protected":false},"author":1,"featured_media":40197,"comment_status":"closed","ping_status":"open","sticky":false,"template":"","format":"standard","meta":{"content-type":"","footnotes":""},"categories":[16],"tags":[123,2448,5313,1267],"class_list":["post-40196","post","type-post","status-publish","format-standard","has-post-thumbnail","hentry","category-noticias","tag-brasil","tag-diario","tag-noticia","tag-noticias"],"_links":{"self":[{"href":"https:\/\/tvbrazilusa.com\/pt\/wp-json\/wp\/v2\/posts\/40196","targetHints":{"allow":["GET"]}}],"collection":[{"href":"https:\/\/tvbrazilusa.com\/pt\/wp-json\/wp\/v2\/posts"}],"about":[{"href":"https:\/\/tvbrazilusa.com\/pt\/wp-json\/wp\/v2\/types\/post"}],"author":[{"embeddable":true,"href":"https:\/\/tvbrazilusa.com\/pt\/wp-json\/wp\/v2\/users\/1"}],"replies":[{"embeddable":true,"href":"https:\/\/tvbrazilusa.com\/pt\/wp-json\/wp\/v2\/comments?post=40196"}],"version-history":[{"count":1,"href":"https:\/\/tvbrazilusa.com\/pt\/wp-json\/wp\/v2\/posts\/40196\/revisions"}],"predecessor-version":[{"id":40198,"href":"https:\/\/tvbrazilusa.com\/pt\/wp-json\/wp\/v2\/posts\/40196\/revisions\/40198"}],"wp:featuredmedia":[{"embeddable":true,"href":"https:\/\/tvbrazilusa.com\/pt\/wp-json\/wp\/v2\/media\/40197"}],"wp:attachment":[{"href":"https:\/\/tvbrazilusa.com\/pt\/wp-json\/wp\/v2\/media?parent=40196"}],"wp:term":[{"taxonomy":"category","embeddable":true,"href":"https:\/\/tvbrazilusa.com\/pt\/wp-json\/wp\/v2\/categories?post=40196"},{"taxonomy":"post_tag","embeddable":true,"href":"https:\/\/tvbrazilusa.com\/pt\/wp-json\/wp\/v2\/tags?post=40196"}],"curies":[{"name":"wp","href":"https:\/\/api.w.org\/{rel}","templated":true}]}}