{"id":40247,"date":"2024-09-21T20:20:57","date_gmt":"2024-09-21T20:20:57","guid":{"rendered":"https:\/\/tvbrazilusa.com\/2024\/09\/21\/red-sox-coloca-rafael-devers-na-lista-de-lesionados\/"},"modified":"2024-09-21T21:02:59","modified_gmt":"2024-09-21T21:02:59","slug":"red-sox-coloca-rafael-devers-na-lista-de-lesionados","status":"publish","type":"post","link":"https:\/\/tvbrazilusa.com\/pt\/2024\/09\/21\/red-sox-coloca-rafael-devers-na-lista-de-lesionados\/","title":{"rendered":"Red Sox coloca Rafael Devers na lista de lesionados"},"content":{"rendered":"<p> <script async src=\"https:\/\/pagead2.googlesyndication.com\/pagead\/js\/adsbygoogle.js?client=ca-pub-8864793242727901\"\r\n     crossorigin=\"anonymous\"><\/script><br \/>\n<\/p>\n<div id=\"\">\n<header class=\"m-article-header m-article-header--standard\">\n\t\t\t\t\t\t\t\t\t\t\t\t<span id=\"article-header-primary-term\"><br \/>\n\t\t\t\t\t\t\t\t<a class=\"a-term a-term--primary\" href=\"https:\/\/www.boston.com\/tag\/boston-red-sox\/\"><\/p>\n<p>\t\t\t\t\t\t\t\tRed Sox\t\t\t\t\t\t\t\t<\/a><br \/>\n\t\t\t\t\t\t\t<\/span><\/p>\n<h2 class=\"m-article-header__sub-headline\">A mudan\u00e7a efetivamente encerra sua temporada.<\/h2>\n<figure class=\"a-photo m-article-header__photo\"><figcaption class=\"a-photo__caption\">\n<p>\tRafael Devers rouba a chance de Matt Vierling, dos Tigers.<em> Matthew J Lee\/Equipe Globe<\/em>\t<\/figcaption><\/figure>\n<\/header>\n<p>O Red Sox colocou o terceira base Rafael Devers na lista de lesionados por 10 dias com inflama\u00e7\u00e3o no ombro esquerdo, anunciou o clube na tarde de s\u00e1bado.<\/p>\n<p>Com oito jogos restantes em nove dias, a mudan\u00e7a <a href=\"https:\/\/www.boston.com\/sports\/boston-red-sox\/2024\/09\/20\/mlb-red-sox-alex-cora-rafael-devers-injury-update\/\" target=\"_blank\" rel=\"noreferrer noopener\">efetivamente termina sua temporada<\/a>a menos que o Red Sox consiga chegar aos playoffs.<\/p>\n<figure class=\"wp-block-embed is-type-video is-provider-sendtonews wp-block-embed-sendtonews\"\/>\n<p>Devers, 27, tem rebatidas de .272 com 28 home runs e 83 RBI em 138 jogos nesta temporada. O rebatedor canhoto fez 130 partidas na terceira base e oito como rebatedor designado.<\/p>\n<p>Ele deixou o jogo de sexta-feira contra os Twins desconfort\u00e1vel. O gerente Alex Cora indicou que <a href=\"https:\/\/www.bostonglobe.com\/2024\/09\/21\/sports\/red-sox-rafael-devers\/\" target=\"_blank\" rel=\"noreferrer noopener\">\u201cn\u00e3o faz sentido\u201d<\/a> para empurr\u00e1-lo dadas as vari\u00e1veis.<\/p>\n<p>\u201cEle fez alguns ajustes e ontem ele disse que n\u00e3o havia muita coisa ali\u201d, Cora <a href=\"https:\/\/www.bostonglobe.com\/2024\/09\/21\/sports\/red-sox-rafael-devers\/\" target=\"_blank\" rel=\"noreferrer noopener\">disse aos rep\u00f3rteres no s\u00e1bado.<\/a> \u201cHoje, na verdade, falamos sobre algo que vi mecanicamente, e ele foi muito honesto sobre isso. A velocidade do bast\u00e3o, n\u00e3o estava l\u00e1. Podemos ver isso.\u201d<\/p>\n<figure class=\"wp-block-embed is-type-rich is-provider-twitter wp-block-embed-twitter\">\n<div class=\"wp-block-embed__wrapper\">\n<blockquote class=\"twitter-tweet\" data-width=\"500\" data-dnt=\"true\">\n<p lang=\"en\" dir=\"ltr\">O <a href=\"https:\/\/twitter.com\/hashtag\/RedSox?src=hash&#038;ref_src=twsrc%5Etfw\">#RedSox<\/a> hoje colocou o 3B Rafael Devers na lista de lesionados por 10 dias com inflama\u00e7\u00e3o no ombro esquerdo.<\/p>\n<p>Para preencher sua vaga no elenco ativo, Boston convocou o infielder C\/INF Mickey Gasper do Triple-A Worcester.<\/p>\n<p>\u2014 Red Sox (@RedSox) <a href=\"https:\/\/twitter.com\/RedSox\/status\/1837570247970128101?ref_src=twsrc%5Etfw\">21 de setembro de 2024<\/a><\/p><\/blockquote>\n<\/div>\n<\/figure>\n<p>Para preencher sua vaga no elenco, o Red Sox convocou o catcher\/infielder Mickey Gasper.<\/p>\n<p>Na tarde de s\u00e1bado, o Red Sox est\u00e1 76-78 e cinco jogos atr\u00e1s do Twins pela terceira vaga no Wild Card. O Tigers e o Mariners est\u00e3o na frente deles, ent\u00e3o seria preciso um verdadeiro milagre. <\/p>\n<div class=\"m-block m-generic-cta\t m-generic-cta--post-content\t m-generic-cta--dark\t m-generic-cta--homepage\t m-generic-cta--email-signup\t\t m-generic-cta-block-style--default \tt-amp__generic-cta\"><\/p>\n<div class=\"m-generic-cta__wrap\">\n<div class=\"m-generic-cta__content\">\n<h3 class=\"m-generic-cta__title\">Inscreva-se para receber atualiza\u00e7\u00f5es do Red Sox\u26be<\/h3>\n<p class=\"m-generic-cta__subtitle\">Receba not\u00edcias de \u00faltima hora e an\u00e1lises na sua caixa de entrada durante a temporada de beisebol.<\/p>\n<\/p><\/div>\n<\/p><\/div>\n<\/div><\/div>\n<p><script async src=\"\/\/platform.twitter.com\/widgets.js\" charset=\"utf-8\"><\/script><script>\n\t\tvar consent=\"grant\";\n\t\t\/* The above code is parsing the JSON data from the local storage and storing it in a variable. *\/\n\t\t\t\t\tconst onetrustStorageConsent = JSON.parse(localStorage.getItem( 'consent_one_trust_bdc' ) );\n\t\t\tif ( ( onetrustStorageConsent !== null ) ) {\n\t\t\t\t\/* Checking to see if the user has consented to the use of cookies.\n\t\t\t\t* If they have not, it is deleting the cookie.\n\t\t\t\t* This will comment for now, until further notice.\n\t\t\t\t*\/\n\t\t\t\t\/\/if ( onetrustStorageConsent.C0002 === false ) {\n\t\t\t\t\/\/\tdocument.cookie=\"_fbp=;expires=Thu, 01 Jan 2010 00:00:00 UTC; path=\/; domain=.boston.com\";\n\t\t\t\t\/\/}\n\t\t\t\t\/* Checking if the user has given consent for the cookie C0002.\n\t\t\t\t* If the user has given consent, the variable consent will be set to 'grant'.\n\t\t\t\t* If the user has not given consent,the variable consent will be set to 'revoke'.\n\t\t\t\t* Documentation https:\/\/developers.facebook.com\/docs\/meta-pixel\/implementation\/gdpr\n\t\t\t\t*\/\n\t\t\t\tif ( onetrustStorageConsent.C0002 !== true ) {\n\t\t\t\t\tconsent=\"revoke\";\n\t\t\t\t}\n\t\t\t}\n\t\t\t\t!function(f,b,e,v,n,t,s)\n\t\t{if(f.fbq)return;n=f.fbq=function(){n.callMethod?\n\t\tn.callMethod.apply(n,arguments):n.queue.push(arguments)};\n\t\tif(!f._fbq)f._fbq=n;n.push=n;n.loaded=!0;n.version='2.0';\n\t\tn.queue=[];t=b.createElement(e);t.async=!0;\n\t\tt.src=v;s=b.getElementsByTagName(e)[0];\n\t\ts.parentNode.insertBefore(t,s)}(window, document,'script',\n\t\t'https:\/\/connect.facebook.net\/en_US\/fbevents.js');\n\t\tfbq('consent', consent);\n\t\tfbq('init', '989222871864976');\n\t\tfbq('track', 'PageView');\n\t<\/script><script type=\"module\">\n\t\tvar consent=\"grant\";\n\t\t\/* The above code is parsing the JSON data from the local storage and storing it in a variable. *\/\n\t\t\tconst onetrustStorageConsent = JSON.parse(localStorage.getItem( 'consent_one_trust_bdc' ) );\n\t\t\t\/* Checking to see if the user has consented to the use of cookies.\n\t\t\t* If they have not, it is deleting the cookie.\n\t\t\t* This will comment for now, until further notice.\n\t\t\t*\/\n\t\t\t\/\/if ( onetrustStorageConsent.C0002 === false ) {\n\t\t\t\/\/\tdocument.cookie=\"_fbp=;expires=Thu, 01 Jan 2010 00:00:00 UTC; path=\/; domain=.boston.com\";\n\t\t\t\/\/}\n\t\t\t\/* Checking if the user has given consent for the cookie C0002.\n\t\t\t* If the user has given consent, the variable consent will be set to 'grant'.\n\t\t\t* If the user has not given consent,the variable consent will be set to 'revoke'.\n\t\t\t* Documentation https:\/\/developers.facebook.com\/docs\/meta-pixel\/implementation\/gdpr\n\t\t\t*\/\n\t\t\tif ( ( onetrustStorageConsent !== null ) && (onetrustStorageConsent.C0002 !== true ) ) {\n\t\t\t\tconsent=\"revoke\";\n\t\t\t}\n\t\t\t\t!function(f,b,e,v,n,t,s){if(f.fbq)return;n=f.fbq=function()\n\t\t{n.callMethod? n.callMethod.apply(n,arguments):n.queue.push(arguments)}\n\t\t;if(!f._fbq)f._fbq=n;\n\t\tn.push=n;n.loaded=!0;n.version='2.0';n.queue=[];t=b.createElement(e);t.async=!0;\n\t\tt.src=v;s=b.getElementsByTagName(e)[0];s.parentNode.insertBefore(t,s)}(window,\n\t\tdocument,'script','https:\/\/connect.facebook.net\/en_US\/fbevents.js');\n\t\tfbq('consent', consent);\n\t\tfbq('init', '813236348753005');\n\t\tfbq('track', \"PageView\");\n\t<\/script><br \/>\n<br \/><br \/>\n<br \/><a href=\"https:\/\/www.boston.com\/sports\/boston-red-sox\/2024\/09\/21\/red-sox-place-rafael-devers-injured-list-effectively-ending-season-news\/\">Source link <\/a><\/p>","protected":false},"excerpt":{"rendered":"<p>Red Sox A mudan\u00e7a efetivamente encerra sua temporada. Rafael Devers rouba a chance de Matt Vierling, dos Tigers. Matthew J Lee\/Equipe Globe O Red Sox colocou o terceira base Rafael&hellip;<\/p>","protected":false},"author":1,"featured_media":40248,"comment_status":"closed","ping_status":"open","sticky":false,"template":"","format":"standard","meta":{"content-type":"","footnotes":""},"categories":[1],"tags":[],"class_list":["post-40247","post","type-post","status-publish","format-standard","has-post-thumbnail","hentry","category-uncategorized"],"_links":{"self":[{"href":"https:\/\/tvbrazilusa.com\/pt\/wp-json\/wp\/v2\/posts\/40247","targetHints":{"allow":["GET"]}}],"collection":[{"href":"https:\/\/tvbrazilusa.com\/pt\/wp-json\/wp\/v2\/posts"}],"about":[{"href":"https:\/\/tvbrazilusa.com\/pt\/wp-json\/wp\/v2\/types\/post"}],"author":[{"embeddable":true,"href":"https:\/\/tvbrazilusa.com\/pt\/wp-json\/wp\/v2\/users\/1"}],"replies":[{"embeddable":true,"href":"https:\/\/tvbrazilusa.com\/pt\/wp-json\/wp\/v2\/comments?post=40247"}],"version-history":[{"count":1,"href":"https:\/\/tvbrazilusa.com\/pt\/wp-json\/wp\/v2\/posts\/40247\/revisions"}],"predecessor-version":[{"id":40249,"href":"https:\/\/tvbrazilusa.com\/pt\/wp-json\/wp\/v2\/posts\/40247\/revisions\/40249"}],"wp:featuredmedia":[{"embeddable":true,"href":"https:\/\/tvbrazilusa.com\/pt\/wp-json\/wp\/v2\/media\/40248"}],"wp:attachment":[{"href":"https:\/\/tvbrazilusa.com\/pt\/wp-json\/wp\/v2\/media?parent=40247"}],"wp:term":[{"taxonomy":"category","embeddable":true,"href":"https:\/\/tvbrazilusa.com\/pt\/wp-json\/wp\/v2\/categories?post=40247"},{"taxonomy":"post_tag","embeddable":true,"href":"https:\/\/tvbrazilusa.com\/pt\/wp-json\/wp\/v2\/tags?post=40247"}],"curies":[{"name":"wp","href":"https:\/\/api.w.org\/{rel}","templated":true}]}}