{"id":40250,"date":"2024-09-21T21:11:45","date_gmt":"2024-09-21T21:11:45","guid":{"rendered":"https:\/\/tvbrazilusa.com\/2024\/09\/21\/marcal-afirma-que-o-uso-da-ambulancia-apos-a-agressao-de-datena-foi-para-encenar\/"},"modified":"2024-09-21T21:11:47","modified_gmt":"2024-09-21T21:11:47","slug":"marcal-afirma-que-o-uso-da-ambulancia-apos-a-agressao-de-datena-foi-para-encenar","status":"publish","type":"post","link":"https:\/\/tvbrazilusa.com\/pt\/2024\/09\/21\/marcal-afirma-que-o-uso-da-ambulancia-apos-a-agressao-de-datena-foi-para-encenar\/","title":{"rendered":"Mar\u00e7al afirma que o uso da ambul\u00e2ncia ap\u00f3s a agress\u00e3o de Datena foi para &#8216;encenar&#8217;"},"content":{"rendered":"<p> <script async src=\"https:\/\/pagead2.googlesyndication.com\/pagead\/js\/adsbygoogle.js?client=ca-pub-8864793242727901\"\r\n     crossorigin=\"anonymous\"><\/script><br \/>\n<\/p>\n<div id=\"taboola-read-more\" style=\"display:block; width:100%\">\n<p>O candidato do PRTB \u00e0 Prefeitura de S\u00e3o Paulo, Pablo Mar\u00e7al, disse que foi \u201ccena\u201d o fato de ter usado uma ambul\u00e2ncia para ir ao hospital, depois de ser agredido pelo tamb\u00e9m candidato Jos\u00e9 Luiz Datena (PSDB) em debate no domingo 15.\n<\/p>\n<p>Em v\u00eddeo que circula na internet, Pablo Mar\u00e7al afirma que poderia \u201cir correndo\u201d para o S\u00edrio-Liban\u00eas. A revela\u00e7\u00e3o ocorreu durante um jantar com apoiadores de sua campanha.<\/p>\n<p>O influenciador disse que \u201cdava conta de segurar aquela cadeira\u201d e de \u201cagredir aquele cara\u201d, referindo-se a Datena. Mar\u00e7al afirmou que a dor, decorrente de uma cadeirada, era suport\u00e1vel.\n<\/p>\n<p><strong>\u201cTomo mais dez dessa por semana\u201d, diz Pablo Mar\u00e7al sobre cadeirada<\/strong><br \/>O candidato, cuja inten\u00e7\u00e3o de voto \u00e0 Prefeitura vem caindo nas \u00faltimas pesquisas, disse que \u201ccadeirada \u00e9 o de menos para o que a gente est\u00e1 sofrendo com esses caras. Tomo mais dez dessa por semana, se for o caso, mas n\u00e3o arrego\u201d.\n<\/p>\n<p>As imagens de Pablo Mar\u00e7al a bordo da ambul\u00e2ncia, usando uma m\u00e1scara de oxig\u00eanio enquanto o ve\u00edculo disparava com a sirene ligada para o hospital, foram compartilhadas no perfil do candidato no Instagram.\n<\/p>\n<p>Conforme os exames realizados no S\u00edrio-Liban\u00eas, o pol\u00edtico sofreu \u201ctraumatismo na regi\u00e3o do t\u00f3rax \u00e0 direita e em punho direito, sem maiores complica\u00e7\u00f5es associadas\u201d.\n<\/p>\n<\/p>\n<p><strong>\u201cDava conta de agredir aquele cara\u201d<\/strong><br \/>De acordo com o candidato do PRTB, a campanha eleitoral \u201cn\u00e3o \u00e9 per\u00edodo de proposta\u201d, mas, sim, uma oportunidade de \u201cmostrar quem s\u00e3o as pessoas. Aprenda a jogar. Eu j\u00e1 mostrei a minha pior vers\u00e3o, agora vou mostrar a boa\u201d.\n<\/p>\n<p>Pablo Mar\u00e7al acrescentou que \u201cdava conta de segurar aquela cadeira, dava conta de agredir aquele cara. Dava conta de tudo. Mas eu fiz quest\u00e3o de levar, para sentir mesmo, de verdade\u201d.\n<\/p>\n<p>No debate realizado nesta sexta-feira, 20, pelo SBT, o candidato do PRTB mudou sua postura: em vez do tradicional tom agressivo, optou por uma fala mais moderada.\n<\/p>\n<p>Pesquisa divulgada nesta quinta-feira, 19, pelo Datafolha, mostra que a rejei\u00e7\u00e3o \u00e0 candidatura de Mar\u00e7al \u00e9 a maior da disputa eleitoral paulistana. Segundo o levantamento realizado depois do incidente com Datena, a taxa negativa \u00e9 mais expressiva entre mulheres e eleitores mais pobres.\n<\/p>\n<p>Fonte: Revista Oeste <\/p>\n<\/div>\n<p><br \/>\n<br \/><a href=\"https:\/\/diariodobrasilnoticias.com.br\/noticia\/marcal-afirma-que-o-uso-da-ambulancia-apos-a-agressao-de-datena-foi-para-encenar-66ef0b2a4b118\">Source link <\/a><\/p>","protected":false},"excerpt":{"rendered":"<p>O candidato do PRTB \u00e0 Prefeitura de S\u00e3o Paulo, Pablo Mar\u00e7al, disse que foi \u201ccena\u201d o fato de ter usado uma ambul\u00e2ncia para ir ao hospital, depois de ser agredido&hellip;<\/p>","protected":false},"author":1,"featured_media":40251,"comment_status":"closed","ping_status":"open","sticky":false,"template":"","format":"standard","meta":{"content-type":"","footnotes":""},"categories":[16],"tags":[123,2448,5313,1267],"class_list":["post-40250","post","type-post","status-publish","format-standard","has-post-thumbnail","hentry","category-noticias","tag-brasil","tag-diario","tag-noticia","tag-noticias"],"_links":{"self":[{"href":"https:\/\/tvbrazilusa.com\/pt\/wp-json\/wp\/v2\/posts\/40250","targetHints":{"allow":["GET"]}}],"collection":[{"href":"https:\/\/tvbrazilusa.com\/pt\/wp-json\/wp\/v2\/posts"}],"about":[{"href":"https:\/\/tvbrazilusa.com\/pt\/wp-json\/wp\/v2\/types\/post"}],"author":[{"embeddable":true,"href":"https:\/\/tvbrazilusa.com\/pt\/wp-json\/wp\/v2\/users\/1"}],"replies":[{"embeddable":true,"href":"https:\/\/tvbrazilusa.com\/pt\/wp-json\/wp\/v2\/comments?post=40250"}],"version-history":[{"count":1,"href":"https:\/\/tvbrazilusa.com\/pt\/wp-json\/wp\/v2\/posts\/40250\/revisions"}],"predecessor-version":[{"id":40252,"href":"https:\/\/tvbrazilusa.com\/pt\/wp-json\/wp\/v2\/posts\/40250\/revisions\/40252"}],"wp:featuredmedia":[{"embeddable":true,"href":"https:\/\/tvbrazilusa.com\/pt\/wp-json\/wp\/v2\/media\/40251"}],"wp:attachment":[{"href":"https:\/\/tvbrazilusa.com\/pt\/wp-json\/wp\/v2\/media?parent=40250"}],"wp:term":[{"taxonomy":"category","embeddable":true,"href":"https:\/\/tvbrazilusa.com\/pt\/wp-json\/wp\/v2\/categories?post=40250"},{"taxonomy":"post_tag","embeddable":true,"href":"https:\/\/tvbrazilusa.com\/pt\/wp-json\/wp\/v2\/tags?post=40250"}],"curies":[{"name":"wp","href":"https:\/\/api.w.org\/{rel}","templated":true}]}}