{"id":40253,"date":"2024-09-21T21:19:09","date_gmt":"2024-09-21T21:19:09","guid":{"rendered":"https:\/\/tvbrazilusa.com\/2024\/09\/21\/milei-estreia-na-onu-com-discurso-contra-a-agenda-2030-e-a-submissao-a-china-paulo-figueiredo\/"},"modified":"2024-09-21T21:25:54","modified_gmt":"2024-09-21T21:25:54","slug":"milei-estreia-na-onu-com-discurso-contra-a-agenda-2030-e-a-submissao-a-china-paulo-figueiredo","status":"publish","type":"post","link":"https:\/\/tvbrazilusa.com\/pt\/2024\/09\/21\/milei-estreia-na-onu-com-discurso-contra-a-agenda-2030-e-a-submissao-a-china-paulo-figueiredo\/","title":{"rendered":"Milei Estreia na ONU com Discurso Contra a Agenda 2030 e a &#8220;Submiss\u00e3o&#8221; \u00e0 China &#8211; Paulo Figueiredo"},"content":{"rendered":"<p> <script async src=\"https:\/\/pagead2.googlesyndication.com\/pagead\/js\/adsbygoogle.js?client=ca-pub-8864793242727901\"\r\n     crossorigin=\"anonymous\"><\/script><br \/>\n<\/p>\n<div id=\"wtr-content\" data-bg=\"#FFFFFF\" data-fg=\"#006d91\" data-width=\"25\" data-mute=\"1\" data-fgopacity=\"1.00\" data-mutedopacity=\"0.5\" data-placement=\"bottom\" data-placement-offset=\"0\" data-content-offset=\"262\" data-placement-touch=\"bottom\" data-placement-offset-touch=\"0\" data-transparent=\"\" data-shadow=\"0\" data-touch=\"1\" data-non-touch=\"1\" data-comments=\"0\" data-commentsbg=\"transparent\" data-location=\"page\" data-mutedfg=\"#006d91\" data-endfg=\"#006d91\" data-rtl=\"\">\n<p>O presidente argentino, Javier Milei, far\u00e1 sua estreia na Assembleia Geral das Na\u00e7\u00f5es Unidas com um discurso esperado para criticar abertamente a Agenda 2030 e o que ele considera uma \u201csubmiss\u00e3o\u201d da ONU ao Partido Comunista da China. Essa ser\u00e1 sua sexta viagem aos Estados Unidos desde que assumiu o cargo, e Milei aproveitar\u00e1 a oportunidade para questionar o papel dos organismos multilaterais, incluindo a pr\u00f3pria ONU, que ele acusa de seguir cegamente a Agenda 2030, abordando temas como feminismo, aborto, igualdade de g\u00eanero e mudan\u00e7a clim\u00e1tica.<\/p>\n<p>Segundo fontes pr\u00f3ximas ao presidente, Milei tamb\u00e9m defender\u00e1 a reconfigura\u00e7\u00e3o dos organismos internacionais. Ele estar\u00e1 acompanhado por sua irm\u00e3 e secret\u00e1ria-geral, Karina Milei, pela chanceler Diana Mondino e, possivelmente, pelo ministro da Economia, Luis \u201cToto\u201d Caputo. O retorno \u00e0 Argentina est\u00e1 previsto para a quarta-feira, 25 de setembro.<\/p>\n<p>Durante sua campanha eleitoral, Milei prometeu cortar la\u00e7os com \u201cgovernos comunistas\u201d, o que criou uma rela\u00e7\u00e3o tensa com a China. Contudo, o pa\u00eds asi\u00e1tico renovou recentemente um acordo de swap de moedas, fundamental para a economia argentina, o que ajudou a evitar uma crise ainda maior. Em seu discurso na ONU, Milei deve criticar o \u201cvi\u00e9s pr\u00f3-China\u201d da organiza\u00e7\u00e3o e defender os \u201cvalores ocidentais\u201d, sobre os quais, segundo seus aliados, nem o governo de Joe Biden tem sido suficientemente firme.<\/p>\n<p>Al\u00e9m de sua participa\u00e7\u00e3o na Assembleia Geral, Milei tamb\u00e9m visitar\u00e1 Wall Street e far\u00e1 um discurso no Council of the Americas. Est\u00e3o previstas reuni\u00f5es bilaterais com outros l\u00edderes, mas o encontro que mais gera expectativa \u00e9 uma poss\u00edvel reuni\u00e3o com o ex-presidente dos Estados Unidos, Donald Trump.<\/p>\n<p><strong>Source link<\/strong><\/p>\n<\/div>\n<p><br \/>\n<br \/><a href=\"https:\/\/paulofigueiredoshow.com\/milei-estreia-na-onu-com-discurso-contra-a-agenda-2030-e-a-submissao-a-china\/\">Source link <\/a><\/p>","protected":false},"excerpt":{"rendered":"<p>O presidente argentino, Javier Milei, far\u00e1 sua estreia na Assembleia Geral das Na\u00e7\u00f5es Unidas com um discurso esperado para criticar abertamente a Agenda 2030 e o que ele considera uma&hellip;<\/p>","protected":false},"author":1,"featured_media":40254,"comment_status":"closed","ping_status":"open","sticky":false,"template":"","format":"standard","meta":{"content-type":"","footnotes":""},"categories":[16],"tags":[21531,2855,1736,94,592,5304,356],"class_list":["post-40253","post","type-post","status-publish","format-standard","has-post-thumbnail","hentry","category-noticias","tag-21531","tag-agenda","tag-argentina","tag-contra","tag-eua","tag-onu","tag-trump"],"_links":{"self":[{"href":"https:\/\/tvbrazilusa.com\/pt\/wp-json\/wp\/v2\/posts\/40253","targetHints":{"allow":["GET"]}}],"collection":[{"href":"https:\/\/tvbrazilusa.com\/pt\/wp-json\/wp\/v2\/posts"}],"about":[{"href":"https:\/\/tvbrazilusa.com\/pt\/wp-json\/wp\/v2\/types\/post"}],"author":[{"embeddable":true,"href":"https:\/\/tvbrazilusa.com\/pt\/wp-json\/wp\/v2\/users\/1"}],"replies":[{"embeddable":true,"href":"https:\/\/tvbrazilusa.com\/pt\/wp-json\/wp\/v2\/comments?post=40253"}],"version-history":[{"count":1,"href":"https:\/\/tvbrazilusa.com\/pt\/wp-json\/wp\/v2\/posts\/40253\/revisions"}],"predecessor-version":[{"id":40255,"href":"https:\/\/tvbrazilusa.com\/pt\/wp-json\/wp\/v2\/posts\/40253\/revisions\/40255"}],"wp:featuredmedia":[{"embeddable":true,"href":"https:\/\/tvbrazilusa.com\/pt\/wp-json\/wp\/v2\/media\/40254"}],"wp:attachment":[{"href":"https:\/\/tvbrazilusa.com\/pt\/wp-json\/wp\/v2\/media?parent=40253"}],"wp:term":[{"taxonomy":"category","embeddable":true,"href":"https:\/\/tvbrazilusa.com\/pt\/wp-json\/wp\/v2\/categories?post=40253"},{"taxonomy":"post_tag","embeddable":true,"href":"https:\/\/tvbrazilusa.com\/pt\/wp-json\/wp\/v2\/tags?post=40253"}],"curies":[{"name":"wp","href":"https:\/\/api.w.org\/{rel}","templated":true}]}}