{"id":40272,"date":"2024-09-21T22:14:54","date_gmt":"2024-09-21T22:14:54","guid":{"rendered":"https:\/\/tvbrazilusa.com\/2024\/09\/21\/moraes-da-5-dias-para-x-comprovar-regularidade-no-pais-ao-stf\/"},"modified":"2024-09-21T22:14:55","modified_gmt":"2024-09-21T22:14:55","slug":"moraes-da-5-dias-para-x-comprovar-regularidade-no-pais-ao-stf","status":"publish","type":"post","link":"https:\/\/tvbrazilusa.com\/pt\/2024\/09\/21\/moraes-da-5-dias-para-x-comprovar-regularidade-no-pais-ao-stf\/","title":{"rendered":"Moraes d\u00e1 5 dias para X comprovar regularidade no pa\u00eds ao STF"},"content":{"rendered":"<p> <script async src=\"https:\/\/pagead2.googlesyndication.com\/pagead\/js\/adsbygoogle.js?client=ca-pub-8864793242727901\"\r\n     crossorigin=\"anonymous\"><\/script><br \/>\n<\/p>\n<div id=\"taboola-read-more\" style=\"display:block; width:100%\">\n<p>Ap\u00f3s a rede social X cumprir a ordem do ministro do Supremo Tribunal Federal (STF), Alexandre de Moraes, e indicar na sexta-feira um representante legal no Brasil, o ministro definiu neste s\u00e1bado novos prazos para a plataforma de Elon Musk apresentar documentos que comprovem a regularidade da empresa no pa\u00eds.\n<\/p>\n<p>O X agora tem cinco dias para entregar mais pap\u00e9is com informa\u00e7\u00f5es sobre a indica\u00e7\u00e3o da advogada Rachel de Oliveira Villa Nova para representante legal. Moraes tamb\u00e9m pede que os \u00f3rg\u00e3os como Pol\u00edcia Federal e Ag\u00eancia Nacional de Telecomunica\u00e7\u00f5es (Anatel) encaminhem, em 48 horas, relat\u00f3rios sobre a situa\u00e7\u00e3o cadastral da rede no Brasil.<\/p>\n<div class=\"mc-column content-text active-extra-styles\" data-block-type=\"unstyled\" data-block-weight=\"22\">\n<p class=\"content-text__container\" data-track-category=\"Link no Texto\" data-track-links=\"data-track-links\">A medida que pode abrir caminho para que seja colocado um ponto final no bloqueio da plataforma, que segue suspensa no Brasil.\n<\/p>\n<\/div>\n<div class=\"mc-column content-text active-extra-styles\" data-block-type=\"unstyled\" data-block-weight=\"54\">\n<p class=\"content-text__container\" data-track-category=\"Link no Texto\" data-track-links=\"data-track-links\">Ontem, a plataforma apresentou o nome da advogada Rachel de Oliveira Villa Nova, que desempenhava essa mesma fun\u00e7\u00e3o antes da ordem de suspens\u00e3o do plataforma no pa\u00eds. A indica\u00e7\u00e3o do representante ocorre ap\u00f3s o ministro Alexandre de Moraes dar 24 horas, nesta quinta-feira, para que o X comprovasse que nomeou respons\u00e1veis legais no Brasil.\n<\/p>\n<\/div>\n<div class=\"mc-column content-text active-extra-styles\" data-block-type=\"unstyled\" data-block-weight=\"29\">\n<p class=\"content-text__container\" data-track-category=\"Link no Texto\" data-track-links=\"data-track-links\">As informa\u00e7\u00f5es enviadas pelo X ao STF acerca da indica\u00e7\u00e3o da representante n\u00e3o foram suficientes para que a rede volte a funcionar. Por isso, Moraes pede, em\u00a0cinco dias:\n<\/p>\n<\/div>\n<div class=\"mc-column content-text active-extra-styles\" data-block-type=\"raw\" data-block-weight=\"50\">\n<ul class=\"content-unordered-list\">\n<li>As procura\u00e7\u00f5es societ\u00e1rias originais outorgadas pelo Twitter nos Estados Unidos e pela T.I. Brazil Holdings \u00e0 nova representante legal no Brasil \u2013 a advogada Rachel Villa Nova Concei\u00e7\u00e3o;<\/li>\n<li>A documenta\u00e7\u00e3o emitida pela Junta Comercial de S\u00e3o Paulo comprovando que a advogada \u00e9 a nova representante legal do Twitter no Brasil.<\/li>\n<\/ul>\n<p><strong>Tamb\u00e9m solicita, em um prazo de 48 horas:<\/strong>\n<\/p>\n<\/div>\n<div class=\"mc-column content-text active-extra-styles\" data-block-type=\"raw\" data-block-weight=\"64\">\n<ul class=\"content-unordered-list\">\n<li>Que a Receita Federal e o Banco Central informem a situa\u00e7\u00e3o legal da empresa no pa\u00eds;<\/li>\n<li>Que a Pol\u00edcia Federal e a Anatel encaminhem relat\u00f3rios sobre o acesso atual de brasileiros \u00e0 plataforma X, suspensa, para calcular a multa a ser aplicada ao site;<\/li>\n<li>Que a Secretaria Judici\u00e1ria do pr\u00f3prio STF informem a multa acumulada pelo X e as ordens judiciais pendentes de cumprimento.<\/li>\n<\/ul>\n<p><strong>Volta do X<\/strong>\n<\/p>\n<\/div>\n<div class=\"mc-column content-text active-extra-styles\" data-block-type=\"unstyled\" data-block-weight=\"57\">\n<p class=\"content-text__container\" data-track-category=\"Link no Texto\" data-track-links=\"data-track-links\">A rede segue suspensa, mas com a indica\u00e7\u00e3o desta representa\u00e7\u00e3o e o envio dos documentos complementares, a volta do X pode ocorrer depois que os bloqueios de perfis que haviam sido determinados por Moraes ocorrerem. Na quarta-feira, o X anunciou que estava trabalhando com o governo brasileiro para retornar \u201cmuito em breve para o povo do Brasil\u201d\n<\/p>\n<\/div>\n<div class=\"mc-column content-text active-extra-styles\" data-block-type=\"unstyled\" data-block-weight=\"43\">\n<p class=\"content-text__container\" data-track-category=\"Link no Texto\" data-track-links=\"data-track-links\">Al\u00e9m disso, a empresa precisa pagar a multa de R$ 5 milh\u00f5es imposta pelo ministro em raz\u00e3o do descumprimento da suspens\u00e3o do funcionamento observada durante a quarta-feira. De acordo com o ministro, houve uma a\u00e7\u00e3o \u201cdolosa, il\u00edcita e persistente\u201d para burlar a suspens\u00e3o.\n<\/p>\n<\/div>\n<div class=\"mc-column content-text active-extra-styles\" data-block-type=\"unstyled\" data-block-weight=\"50\">\n<p class=\"content-text__container\" data-track-category=\"Link no Texto\" data-track-links=\"data-track-links\">O X est\u00e1 com o funcionamento suspenso no Brasil desde o fim de agosto, por determina\u00e7\u00e3o de Moraes, que depois foi confirmada pela Primeira Turma do STF. A suspens\u00e3o ocorreu devido ao descumprimento de ordens legais, como o bloqueio de perfis, e a falta de um representante legal no pa\u00eds.\n<\/p>\n<\/div>\n<div data-track-category=\"multicontent\" data-track-action=\"ultimo chunk conteudo\" data-track-noninteraction=\"false\" data-track-scroll=\"view\">\n<div class=\"mc-column content-text active-extra-styles\" data-block-type=\"unstyled\" data-block-weight=\"68\">\n<p class=\"content-text__container\" data-track-category=\"Link no Texto\" data-track-links=\"data-track-links\">Na quarta-feira, o acesso ao X foi retomado no Brasil. A Anatel disse ter constatado que a rede social agiu de forma deliberada com o inten\u00e7\u00e3o de descumprir a ordem de bloqueio. Segundo a ag\u00eancia, a rede voltou a ser bloqueada ap\u00f3s a\u00e7\u00e3o junto com as empresas de telecomunica\u00e7\u00e3o e com a empresa Cloudflare, que foi usada pelo X parta permitir que os usu\u00e1rios tivessem acesso \u00e0 plataforma.\n<\/p>\n<p data-track-category=\"Link no Texto\" data-track-links=\"data-track-links\"><strong>O Globo<\/strong>\n<\/p>\n<\/div>\n<\/div><\/div>\n<p><br \/>\n<br \/><a href=\"https:\/\/diariodobrasilnoticias.com.br\/noticia\/moraes-da-5-dias-para-x-comprovar-regularidade-no-pais-ao-stf-66ef109d19ff9\">Source link <\/a><\/p>","protected":false},"excerpt":{"rendered":"<p>Ap\u00f3s a rede social X cumprir a ordem do ministro do Supremo Tribunal Federal (STF), Alexandre de Moraes, e indicar na sexta-feira um representante legal no Brasil, o ministro definiu&hellip;<\/p>","protected":false},"author":1,"featured_media":40273,"comment_status":"closed","ping_status":"open","sticky":false,"template":"","format":"standard","meta":{"content-type":"","footnotes":""},"categories":[16],"tags":[123,2448,5313,1267],"class_list":["post-40272","post","type-post","status-publish","format-standard","has-post-thumbnail","hentry","category-noticias","tag-brasil","tag-diario","tag-noticia","tag-noticias"],"_links":{"self":[{"href":"https:\/\/tvbrazilusa.com\/pt\/wp-json\/wp\/v2\/posts\/40272","targetHints":{"allow":["GET"]}}],"collection":[{"href":"https:\/\/tvbrazilusa.com\/pt\/wp-json\/wp\/v2\/posts"}],"about":[{"href":"https:\/\/tvbrazilusa.com\/pt\/wp-json\/wp\/v2\/types\/post"}],"author":[{"embeddable":true,"href":"https:\/\/tvbrazilusa.com\/pt\/wp-json\/wp\/v2\/users\/1"}],"replies":[{"embeddable":true,"href":"https:\/\/tvbrazilusa.com\/pt\/wp-json\/wp\/v2\/comments?post=40272"}],"version-history":[{"count":1,"href":"https:\/\/tvbrazilusa.com\/pt\/wp-json\/wp\/v2\/posts\/40272\/revisions"}],"predecessor-version":[{"id":40274,"href":"https:\/\/tvbrazilusa.com\/pt\/wp-json\/wp\/v2\/posts\/40272\/revisions\/40274"}],"wp:featuredmedia":[{"embeddable":true,"href":"https:\/\/tvbrazilusa.com\/pt\/wp-json\/wp\/v2\/media\/40273"}],"wp:attachment":[{"href":"https:\/\/tvbrazilusa.com\/pt\/wp-json\/wp\/v2\/media?parent=40272"}],"wp:term":[{"taxonomy":"category","embeddable":true,"href":"https:\/\/tvbrazilusa.com\/pt\/wp-json\/wp\/v2\/categories?post=40272"},{"taxonomy":"post_tag","embeddable":true,"href":"https:\/\/tvbrazilusa.com\/pt\/wp-json\/wp\/v2\/tags?post=40272"}],"curies":[{"name":"wp","href":"https:\/\/api.w.org\/{rel}","templated":true}]}}