{"id":40322,"date":"2024-09-22T00:29:40","date_gmt":"2024-09-22T00:29:40","guid":{"rendered":"https:\/\/tvbrazilusa.com\/2024\/09\/22\/jojo-todynho-posa-de-biquini-e-exibe-cintura-fina-deusa-2\/"},"modified":"2024-09-22T00:29:42","modified_gmt":"2024-09-22T00:29:42","slug":"jojo-todynho-posa-de-biquini-e-exibe-cintura-fina-deusa-2","status":"publish","type":"post","link":"https:\/\/tvbrazilusa.com\/pt\/2024\/09\/22\/jojo-todynho-posa-de-biquini-e-exibe-cintura-fina-deusa-2\/","title":{"rendered":"Jojo Todynho posa de biqu\u00edni e exibe cintura fina: &#8216;Deusa&#8217;"},"content":{"rendered":"<p> <script async src=\"https:\/\/pagead2.googlesyndication.com\/pagead\/js\/adsbygoogle.js?client=ca-pub-8864793242727901\"\r\n     crossorigin=\"anonymous\"><\/script><br \/>\n<\/p>\n<div id=\"taboola-read-more\" style=\"display:block; width:100%\">\n<p>Jojo Todynho, 27, compartilhou fotos de biqu\u00edni nas redes sociais.\n<\/p>\n<p>O que aconteceu<\/p>\n<p>A cantora mostrou imagens nas quais aparece curtindo um dia de piscina: &#8220;Ela \u00e9 uma deusa aquariana. Ele \u00e9 simultaneamente mel e fel&#8221;, escreveu na legenda.\n<\/p>\n<p>Nas fotos, Jojo aparece com um biqu\u00edni &#8220;brazilcore&#8221; \u2014 com as cores do Brasil e s\u00edmbolos que remetem \u00e0 bandeira brasileira.<br \/>A funkeira deixou o corpo em evid\u00eancia ap\u00f3s perder 60 quilos. Ela passou por uma bari\u00e1trica e cirurgias pl\u00e1sticas que ajudaram a deixar a cintura fina, al\u00e9m dos exerc\u00edcios di\u00e1rios.<\/p>\n<\/div>\n<p><br \/>\n<br \/><a href=\"https:\/\/diariodobrasilnoticias.com.br\/noticia\/jojo-todynho-posa-de-biquini-e-exibe-cintura-fina-deusa-66ef205733831\">Source link <\/a><\/p>","protected":false},"excerpt":{"rendered":"<p>Jojo Todynho, 27, compartilhou fotos de biqu\u00edni nas redes sociais. O que aconteceu A cantora mostrou imagens nas quais aparece curtindo um dia de piscina: &#8220;Ela \u00e9 uma deusa aquariana.&hellip;<\/p>","protected":false},"author":1,"featured_media":40317,"comment_status":"closed","ping_status":"open","sticky":false,"template":"","format":"standard","meta":{"content-type":"","footnotes":""},"categories":[16],"tags":[123,2448,5313,1267],"class_list":["post-40322","post","type-post","status-publish","format-standard","has-post-thumbnail","hentry","category-noticias","tag-brasil","tag-diario","tag-noticia","tag-noticias"],"_links":{"self":[{"href":"https:\/\/tvbrazilusa.com\/pt\/wp-json\/wp\/v2\/posts\/40322","targetHints":{"allow":["GET"]}}],"collection":[{"href":"https:\/\/tvbrazilusa.com\/pt\/wp-json\/wp\/v2\/posts"}],"about":[{"href":"https:\/\/tvbrazilusa.com\/pt\/wp-json\/wp\/v2\/types\/post"}],"author":[{"embeddable":true,"href":"https:\/\/tvbrazilusa.com\/pt\/wp-json\/wp\/v2\/users\/1"}],"replies":[{"embeddable":true,"href":"https:\/\/tvbrazilusa.com\/pt\/wp-json\/wp\/v2\/comments?post=40322"}],"version-history":[{"count":1,"href":"https:\/\/tvbrazilusa.com\/pt\/wp-json\/wp\/v2\/posts\/40322\/revisions"}],"predecessor-version":[{"id":40323,"href":"https:\/\/tvbrazilusa.com\/pt\/wp-json\/wp\/v2\/posts\/40322\/revisions\/40323"}],"wp:featuredmedia":[{"embeddable":true,"href":"https:\/\/tvbrazilusa.com\/pt\/wp-json\/wp\/v2\/media\/40317"}],"wp:attachment":[{"href":"https:\/\/tvbrazilusa.com\/pt\/wp-json\/wp\/v2\/media?parent=40322"}],"wp:term":[{"taxonomy":"category","embeddable":true,"href":"https:\/\/tvbrazilusa.com\/pt\/wp-json\/wp\/v2\/categories?post=40322"},{"taxonomy":"post_tag","embeddable":true,"href":"https:\/\/tvbrazilusa.com\/pt\/wp-json\/wp\/v2\/tags?post=40322"}],"curies":[{"name":"wp","href":"https:\/\/api.w.org\/{rel}","templated":true}]}}