{"id":40324,"date":"2024-09-22T00:43:42","date_gmt":"2024-09-22T00:43:42","guid":{"rendered":"https:\/\/tvbrazilusa.com\/2024\/09\/22\/ex-aluna-diz-ter-sido-apalpada-por-silvio-almeida-dentro-de-faculdade\/"},"modified":"2024-09-22T00:43:44","modified_gmt":"2024-09-22T00:43:44","slug":"ex-aluna-diz-ter-sido-apalpada-por-silvio-almeida-dentro-de-faculdade","status":"publish","type":"post","link":"https:\/\/tvbrazilusa.com\/pt\/2024\/09\/22\/ex-aluna-diz-ter-sido-apalpada-por-silvio-almeida-dentro-de-faculdade\/","title":{"rendered":"Ex-aluna diz ter sido apalpada por Silvio Almeida dentro de faculdade"},"content":{"rendered":"<p> <script async src=\"https:\/\/pagead2.googlesyndication.com\/pagead\/js\/adsbygoogle.js?client=ca-pub-8864793242727901\"\r\n     crossorigin=\"anonymous\"><\/script><br \/>\n<\/p>\n<div>\n<figure class=\"post-image\">\n<\/figure>\n<p><span style=\"font-size: 12px\">Divulga\u00e7\u00e3o\/Arte Metr\u00f3poles<\/span><\/p>\n<div id=\"taboola-read-more\" style=\"display:block; width:100%\">\n<p>Uma ex-aluna de <a href=\"https:\/\/www.metropoles.com\/tag\/silvio-almeida\">Silvio Almeida<\/a>, ex-ministro dos <a href=\"https:\/\/www.gov.br\/mdh\/pt-br\" target=\"_blank\" rel=\"noopener noreferrer\">Direitos Humanos<\/a>, afirmou \u00e0 <a href=\"https:\/\/metropoles.com\/colunas\/guilherme-amado\">coluna<\/a> que sofreu ass\u00e9dio sexual do ent\u00e3o professor em 2017, quando estudava direito na Universidade S\u00e3o Judas, em S\u00e3o Paulo. Almeida foi <a href=\"https:\/\/www.metropoles.com\/colunas\/guilherme-amado\/silvio-almeida-chega-ao-palacio-do-planalto-para-ser-demitido\">demitido<\/a>do governo neste m\u00eas, depois de a coluna revelar que o ent\u00e3o ministro \u00e9 <a href=\"https:\/\/www.metropoles.com\/colunas\/guilherme-amado\/ministro-dos-direitos-humanos-silvio-almeida-e-acusado-de-assediar-mulheres-entre-elas-a-ministra-da-igualdade-racial-anielle-franco\">alvo de den\u00fancias de suposto ass\u00e9dio sexual, inclusive contra a ministra da Igualdade Racial, Anielle Franco<\/a>. Inqu\u00e9ritos da Pol\u00edcia Federal e do Minist\u00e9rio P\u00fablico do Trabalho apuram as acusa\u00e7\u00f5es.<br \/>A mulher deu entrevistas \u00e0 coluna em duas ocasi\u00f5es, na quinta-feira (19\/9) e na sexta-feira (20\/9), sob a condi\u00e7\u00e3o de anonimato por temer retalia\u00e7\u00f5es. A ex-estudante enviou \u00e0 coluna prints de conversas de 2022 nas quais abordou o epis\u00f3dio com outras pessoas. Tamb\u00e9m encaminhou conversas que manteve com Almeida no fim de 2016, quando o ent\u00e3o professor de Filosofia do Direito passou a ser seu orientador em um projeto de inicia\u00e7\u00e3o cient\u00edfica, do qual ela disse ter desistido ap\u00f3s o suposto ass\u00e9dio. Por causa da desist\u00eancia, ela perdeu uma bolsa de estudos referente a 40% da mensalidade.<br \/>De acordo com a ex-aluna, o ass\u00e9dio sexual ocorreu no in\u00edcio de 2017, em um caf\u00e9 dentro da faculdade \u00e0 noite, per\u00edodo em que ela cursava direito. A ex-aluna e Almeida faziam uma reuni\u00e3o de trabalho sobre o projeto de inicia\u00e7\u00e3o cient\u00edfica, um ao lado do outro. O caf\u00e9 estava cheio, segundo o relato.<\/p>\n<blockquote>\n<p>Eu e Silvio Almeida est\u00e1vamos no caf\u00e9 da S\u00e3o Judas, conversando sobre o projeto de inicia\u00e7\u00e3o cient\u00edfica, quando ele colocou as duas m\u00e3os nas minhas pernas, com vontade, e foi subindo o m\u00e1ximo que conseguiu, enquanto falava normalmente. Eu estava de saia. Me afastei, fiquei muito aflita. Fui embora, nem assisti \u00e0 aula naquele dia e pensei em largar a faculdade\u201d, afirmou a mulher em entrevista.<\/p>\n<\/blockquote>\n<\/div>\n<p>\u201cFoi <a href=\"https:\/\/www.metropoles.com\/tag\/assedio-sexual\">ass\u00e9dio sexual<\/a>. Senti vergonha, me senti pequena, uma decep\u00e7\u00e3o enorme. Foi bem horr\u00edvel\u201d, disse, ressaltando que n\u00e3o houve consentimento para os toques. E acrescentou: \u201cTenho muito medo do que poderia acontecer se estiv\u00e9ssemos em um ambiente fechado\u201d.\n<\/p>\n<p>O relato da ex-aluna referente a 2017 n\u00e3o \u00e9 a primeira den\u00fancia de suposto ass\u00e9dio sexual por parte de Silvio Almeida contra estudantes da S\u00e3o Judas. No \u00faltimo dia 16, a coluna mostrou que uma <a href=\"https:\/\/www.metropoles.com\/colunas\/guilherme-amado\/ex-aluna-acusa-silvio-almeida-de-assedio-sexual-me-puxou-e-beijou\">ex-aluna disse ter sido assediada por Almeida em 2007: \u201cEle me puxou e me beijou\u201d<\/a>. A rep\u00f3rter La\u00eds Martins entrevistou outra ex-aluna, que relatou ter sofrido <a href=\"https:\/\/www.metropoles.com\/colunas\/guilherme-amado\/ex-aluna-de-silvio-almeida-em-universidade-denuncia-assedio\">ass\u00e9dio em 2009,<\/a> quando o ent\u00e3o professor a telefonava e insistia para que tivessem um encontro. O rep\u00f3rter Matheus Leit\u00e3o informou que estudantes alegaram que Almeida tentava <a href=\"https:\/\/www.metropoles.com\/colunas\/guilherme-amado\/revista-publica-denuncia-de-suposto-assedio-de-silvio-almeida-a-alunas\">obter favores sexuais<\/a> em troca de melhorar a nota das alunas nas provas.\n<\/p>\n<p>Segundo a ex-estudante, ela j\u00e1 havia sido alertada por uma amiga sobre os comportamentos inadequados de Silvio Almeida, especialmente quando o professor cumprimentava alunas. A mulher contou que, antes desse epis\u00f3dio no caf\u00e9, j\u00e1 havia estranhado um convite de Almeida para que fosse \u00e0 casa dele, al\u00e9m de toques n\u00e3o consentidos.\n<\/p>\n<p>Em outras vezes, ele j\u00e1 havia encostado na minha perna, mas eu ficava na d\u00favida, se era sem querer, se ele estava gesticulando normalmente ou n\u00e3o. Como ele continuava falando normalmente durante esses toques, a gente se pergunta se a pessoa v\u00ea o que faz. Era uma conduta muito esquisita.\u201d\n<\/p>\n<p>Procurado, Silvio Almeida n\u00e3o respondeu. O espa\u00e7o segue aberto a eventuais manifesta\u00e7\u00f5es.\n<\/p>\n<p>Procurada, a Universidade S\u00e3o Judas afirmou que apura os relatos de suposto ass\u00e9dio de Silvio Almeida, que deixou de ser professor na faculdade h\u00e1 cinco anos. Leia a \u00edntegra do comunicado da S\u00e3o Judas:\n<\/p>\n<p>\u201cA Universidade S\u00e3o Judas refor\u00e7a seu compromisso com a cria\u00e7\u00e3o de um ambiente seguro, \u00e9tico e respeitoso para todos os alunos e colaboradores, repudiando toda e qualquer atitude que possa caracterizar constrangimento, ass\u00e9dio ou viol\u00eancia. Importante destacar que, at\u00e9 o momento, a institui\u00e7\u00e3o n\u00e3o recebeu nenhuma den\u00fancia ou relato formal de natureza semelhante aos mencionados, em seus canais oficiais, por isso, desconhecemos os fatos. Contudo, apesar de n\u00e3o haver qualquer rela\u00e7\u00e3o jur\u00eddica com o ex-professor h\u00e1 cinco anos, a institui\u00e7\u00e3o est\u00e1 apurando internamente o tema e se coloca \u00e0 disposi\u00e7\u00e3o das autoridades competentes para contribuir com o que for necess\u00e1rio na apura\u00e7\u00e3o da verdade dos fatos.\u201d<br \/>Uma vez, ele me ligou e convidou para ir a um churrasco na casa dele, onde haveria alguns alunos da Universidade de S\u00e3o Paulo [USP]. Disse que seria algo muito importante para a minha inicia\u00e7\u00e3o cient\u00edfica, o que me colocaria \u00e0 frente dos colegas na S\u00e3o Judas. Quando perguntei se poderia levar uma amiga, ele recusou e me deu um serm\u00e3o: \u2018Olha, voc\u00ea tem que come\u00e7ar a encarar a vida de um jeito diferente. S\u00f3 v\u00e3o ter cabe\u00e7as pensantes l\u00e1, eu seleciono bem o p\u00fablico\u2019. N\u00e3o fui ao churrasco.\u201d<\/p>\n<h3>M\u00e3os nas pernas sem consentimento <strong>\u2013<\/strong> \u201cColocou as m\u00e3os com vontade\u201d<\/h3>\n<p>\u201cEu e Silvio Almeida est\u00e1vamos no caf\u00e9 da S\u00e3o Judas, sentados lado a lado, conversando sobre o projeto de inicia\u00e7\u00e3o cient\u00edfica. Ele colocou as duas m\u00e3os nas minhas pernas, com vontade, e foi subindo o m\u00e1ximo que conseguiu, enquanto falava normalmente. Eu estava de saia. Me afastei, fiquei muito aflita. Fui embora, nem assisti \u00e0 aula naquele dia e pensei em largar a faculdade. O caf\u00e9 estava cheio, era um hor\u00e1rio bem comercial. Tinha aluno, professor. N\u00e3o sei se algu\u00e9m reparou nisso. As pessoas seguiram comprando seus lanches.\n<\/p>\n<p>Foi ass\u00e9dio sexual. Eu senti vergonha, eu me senti pequena, eu n\u00e3o sei explicar, uma decep\u00e7\u00e3o enorme. Eu acho que o maior sentimento foi de decep\u00e7\u00e3o, n\u00e3o tenho o que dizer, porque eu realmente o venerava como professor, como pessoa. Foi bem horr\u00edvel. Se eu estivesse em um ambiente fechado, se eu tivesse na casa da pessoa, como seria a situa\u00e7\u00e3o? Realmente eu tenho muito, muito medo do que poderia acontecer.\u201d\n<\/p>\n<h3>Impacto psicol\u00f3gico <strong>\u2013<\/strong> \u201cN\u00e3o gosto que ningu\u00e9m encoste em mim\u201d<\/h3>\n<p>\u201cPor um tempo, realmente n\u00e3o queria ir mais \u00e0 faculdade. Quase desisti dos estudos. O epis\u00f3dio tamb\u00e9m me trouxe um impacto financeiro, porque desisti da inicia\u00e7\u00e3o cient\u00edfica e perdi a bolsa de 40% da mensalidade que eu havia conquistado. Notei que ficaram alguns reflexos. At\u00e9 hoje, n\u00e3o gosto que ningu\u00e9m encoste em mim. Brigo quando algu\u00e9m esbarra em mim na rua. N\u00e3o gosto mesmo. Por muito tempo, pensei e repensei se eu tinha feito alguma coisa errada. Ser\u00e1 que eu n\u00e3o deveria estar usando saia? Ser\u00e1 que eu sorri demais? Ser\u00e1 que venerei demais o professor? Sorri demais?\u201d\n<\/p>\n<h3>Medo de repres\u00e1lias <strong>\u2013<\/strong>\u201cSenten\u00e7a de morte para o mundo jur\u00eddico\u201d<\/h3>\n<p>\u201cN\u00e3o me identifico por causa do medo de repres\u00e1lias. Denunciar seria assinar uma senten\u00e7a de morte para o mundo jur\u00eddico. Ele [Silvio Almeida] tinha muita influ\u00eancia em grandes escrit\u00f3rios de advocacia e entre professores. Estou disposta a prestar depoimento como testemunha na Pol\u00edcia Federal, se necess\u00e1rio.\n<\/p>\n<p>Quando as den\u00fancias contra Silvio Almeida come\u00e7aram a vir a p\u00fablico, pensei: \u2018Nossa, n\u00e3o sou s\u00f3 eu\u2019. Isso d\u00e1 uma coragem para falar. \u00c9 uma sensa\u00e7\u00e3o de acolhimento. Pelo menos uma pessoa vai acreditar em mim, porque ela tamb\u00e9m passou por isso.\u201d<\/p>\n<p>Metropoles\u00a0\n<\/p>\n<\/div>\n<p><br \/>\n<br \/><a href=\"https:\/\/diariodobrasilnoticias.com.br\/noticia\/ex-aluna-diz-ter-sido-apalpada-por-silvio-almeida-dentro-de-faculdade-66ef2b283d5e7\">Source link <\/a><\/p>","protected":false},"excerpt":{"rendered":"<p>Divulga\u00e7\u00e3o\/Arte Metr\u00f3poles Uma ex-aluna de Silvio Almeida, ex-ministro dos Direitos Humanos, afirmou \u00e0 coluna que sofreu ass\u00e9dio sexual do ent\u00e3o professor em 2017, quando estudava direito na Universidade S\u00e3o Judas,&hellip;<\/p>","protected":false},"author":1,"featured_media":40325,"comment_status":"closed","ping_status":"open","sticky":false,"template":"","format":"standard","meta":{"content-type":"","footnotes":""},"categories":[16],"tags":[123,2448,5313,1267],"class_list":["post-40324","post","type-post","status-publish","format-standard","has-post-thumbnail","hentry","category-noticias","tag-brasil","tag-diario","tag-noticia","tag-noticias"],"_links":{"self":[{"href":"https:\/\/tvbrazilusa.com\/pt\/wp-json\/wp\/v2\/posts\/40324","targetHints":{"allow":["GET"]}}],"collection":[{"href":"https:\/\/tvbrazilusa.com\/pt\/wp-json\/wp\/v2\/posts"}],"about":[{"href":"https:\/\/tvbrazilusa.com\/pt\/wp-json\/wp\/v2\/types\/post"}],"author":[{"embeddable":true,"href":"https:\/\/tvbrazilusa.com\/pt\/wp-json\/wp\/v2\/users\/1"}],"replies":[{"embeddable":true,"href":"https:\/\/tvbrazilusa.com\/pt\/wp-json\/wp\/v2\/comments?post=40324"}],"version-history":[{"count":1,"href":"https:\/\/tvbrazilusa.com\/pt\/wp-json\/wp\/v2\/posts\/40324\/revisions"}],"predecessor-version":[{"id":40326,"href":"https:\/\/tvbrazilusa.com\/pt\/wp-json\/wp\/v2\/posts\/40324\/revisions\/40326"}],"wp:featuredmedia":[{"embeddable":true,"href":"https:\/\/tvbrazilusa.com\/pt\/wp-json\/wp\/v2\/media\/40325"}],"wp:attachment":[{"href":"https:\/\/tvbrazilusa.com\/pt\/wp-json\/wp\/v2\/media?parent=40324"}],"wp:term":[{"taxonomy":"category","embeddable":true,"href":"https:\/\/tvbrazilusa.com\/pt\/wp-json\/wp\/v2\/categories?post=40324"},{"taxonomy":"post_tag","embeddable":true,"href":"https:\/\/tvbrazilusa.com\/pt\/wp-json\/wp\/v2\/tags?post=40324"}],"curies":[{"name":"wp","href":"https:\/\/api.w.org\/{rel}","templated":true}]}}