{"id":4033,"date":"2023-08-12T16:11:32","date_gmt":"2023-08-12T16:11:32","guid":{"rendered":"https:\/\/tvbrazilusa.com\/2023\/08\/12\/os-presentes-de-bolsonaro-e-o-duplo-padrao-da-imprensa-e-da-justica\/"},"modified":"2023-08-12T16:11:32","modified_gmt":"2023-08-12T16:11:32","slug":"os-presentes-de-bolsonaro-e-o-duplo-padrao-da-imprensa-e-da-justica","status":"publish","type":"post","link":"https:\/\/tvbrazilusa.com\/pt\/2023\/08\/12\/os-presentes-de-bolsonaro-e-o-duplo-padrao-da-imprensa-e-da-justica\/","title":{"rendered":"Os presentes de Bolsonaro e o duplo padr\u00e3o da imprensa e da Justi\u00e7a"},"content":{"rendered":"<p><iframe  width=\"580\" height=\"385\" src=\"https:\/\/www.youtube.com\/embed\/B_7owIHsyhE?modestbranding=1\" frameborder=\"0\" allowfullscreen><\/iframe><br \/>\n<br \/>A investiga\u00e7\u00e3o contra assessores de Bolsonaro \u00e9 mais um exemplo de duplo padr\u00e3o de investiga\u00e7\u00e3o e julgamento entre direita e esquerda, al\u00e9m da completa falta de senso de propor\u00e7\u00e3o da milit\u00e2ncia de reda\u00e7\u00e3o.<br \/>\n<br \/><a href=\"https:\/\/www.youtube.com\/watch?v=B_7owIHsyhE\">source<\/a><\/p>","protected":false},"excerpt":{"rendered":"<p>A investiga\u00e7\u00e3o contra assessores de Bolsonaro \u00e9 mais um exemplo de duplo padr\u00e3o de investiga\u00e7\u00e3o e julgamento entre direita e esquerda, al\u00e9m da completa falta de senso de propor\u00e7\u00e3o da&hellip;<\/p>","protected":false},"author":1,"featured_media":4034,"comment_status":"","ping_status":"open","sticky":false,"template":"","format":"standard","meta":{"content-type":"","footnotes":""},"categories":[1],"tags":[],"class_list":["post-4033","post","type-post","status-publish","format-standard","has-post-thumbnail","hentry","category-uncategorized"],"_links":{"self":[{"href":"https:\/\/tvbrazilusa.com\/pt\/wp-json\/wp\/v2\/posts\/4033","targetHints":{"allow":["GET"]}}],"collection":[{"href":"https:\/\/tvbrazilusa.com\/pt\/wp-json\/wp\/v2\/posts"}],"about":[{"href":"https:\/\/tvbrazilusa.com\/pt\/wp-json\/wp\/v2\/types\/post"}],"author":[{"embeddable":true,"href":"https:\/\/tvbrazilusa.com\/pt\/wp-json\/wp\/v2\/users\/1"}],"replies":[{"embeddable":true,"href":"https:\/\/tvbrazilusa.com\/pt\/wp-json\/wp\/v2\/comments?post=4033"}],"version-history":[{"count":0,"href":"https:\/\/tvbrazilusa.com\/pt\/wp-json\/wp\/v2\/posts\/4033\/revisions"}],"wp:featuredmedia":[{"embeddable":true,"href":"https:\/\/tvbrazilusa.com\/pt\/wp-json\/wp\/v2\/media\/4034"}],"wp:attachment":[{"href":"https:\/\/tvbrazilusa.com\/pt\/wp-json\/wp\/v2\/media?parent=4033"}],"wp:term":[{"taxonomy":"category","embeddable":true,"href":"https:\/\/tvbrazilusa.com\/pt\/wp-json\/wp\/v2\/categories?post=4033"},{"taxonomy":"post_tag","embeddable":true,"href":"https:\/\/tvbrazilusa.com\/pt\/wp-json\/wp\/v2\/tags?post=4033"}],"curies":[{"name":"wp","href":"https:\/\/api.w.org\/{rel}","templated":true}]}}