{"id":40366,"date":"2024-09-22T02:52:14","date_gmt":"2024-09-22T02:52:14","guid":{"rendered":"https:\/\/tvbrazilusa.com\/2024\/09\/22\/2-animais-resgatados-apos-incendio-em-shopping-de-berlim\/"},"modified":"2024-09-22T02:57:01","modified_gmt":"2024-09-22T02:57:01","slug":"2-animais-resgatados-apos-incendio-em-shopping-de-berlim","status":"publish","type":"post","link":"https:\/\/tvbrazilusa.com\/pt\/2024\/09\/22\/2-animais-resgatados-apos-incendio-em-shopping-de-berlim\/","title":{"rendered":"2 animais resgatados ap\u00f3s inc\u00eandio em shopping de Berlim"},"content":{"rendered":"<p> <script async src=\"https:\/\/pagead2.googlesyndication.com\/pagead\/js\/adsbygoogle.js?client=ca-pub-8864793242727901\"\r\n     crossorigin=\"anonymous\"><\/script><br \/>\n<\/p>\n<p>BERLIM, Connecticut (WTNH) \u2014 O Corpo de Bombeiros de Berlim resgatou dois animais do consult\u00f3rio de um veterin\u00e1rio em um shopping que pegou fogo na tarde de s\u00e1bado. <\/p>\n<p>\u00c0s 16h44, o BFD foi alertado sobre fuma\u00e7a saindo do segundo andar de um pr\u00e9dio localizado na 369 New Britain Rd. As equipes de bombeiros entraram no pr\u00e9dio e localizaram o inc\u00eandio em um neg\u00f3cio no segundo andar. <\/p>\n<div class=\"wp-block-jetpack-slideshow aligncenter\" data-effect=\"slide\">\n<div class=\"wp-block-jetpack-slideshow_container swiper-container\">\n<ul class=\"wp-block-jetpack-slideshow_swiper-wrapper swiper-wrapper\">\n<li class=\"wp-block-jetpack-slideshow_slide swiper-slide\">\n<figure><figcaption class=\"wp-block-jetpack-slideshow_caption gallery-caption\">Foto cortesia da Companhia de Bombeiros Volunt\u00e1rios de Berlim Oriental. <\/figcaption><\/figure>\n<\/li>\n<li class=\"wp-block-jetpack-slideshow_slide swiper-slide\">\n<figure><img loading=\"lazy\" decoding=\"async\" width=\"1152\" height=\"2048\" alt=\"\" class=\"wp-block-jetpack-slideshow_image wp-image-1969477\" data-id=\"1969477\" src=\"https:\/\/www.wtnh.com\/wp-content\/uploads\/sites\/100\/2024\/09\/460594612_955694893266302_3303851905409887162_n.jpg?w=405\" \/><figcaption class=\"wp-block-jetpack-slideshow_caption gallery-caption\">Foto cortesia da Companhia de Bombeiros Volunt\u00e1rios de Berlim Oriental. <\/figcaption><\/figure>\n<\/li>\n<li class=\"wp-block-jetpack-slideshow_slide swiper-slide\">\n<figure><img loading=\"lazy\" decoding=\"async\" width=\"1152\" height=\"2048\" alt=\"\" class=\"wp-block-jetpack-slideshow_image wp-image-1969478\" data-id=\"1969478\" src=\"https:\/\/www.wtnh.com\/wp-content\/uploads\/sites\/100\/2024\/09\/460733178_955694883266303_633303965243965185_n.jpg?w=405\" \/><figcaption class=\"wp-block-jetpack-slideshow_caption gallery-caption\">Foto cortesia da Companhia de Bombeiros Volunt\u00e1rios de Berlim Oriental. <\/figcaption><\/figure>\n<\/li>\n<li class=\"wp-block-jetpack-slideshow_slide swiper-slide\">\n<figure><img loading=\"lazy\" decoding=\"async\" width=\"1080\" height=\"1943\" alt=\"\" class=\"wp-block-jetpack-slideshow_image wp-image-1969476\" data-id=\"1969476\" src=\"https:\/\/www.wtnh.com\/wp-content\/uploads\/sites\/100\/2024\/09\/461080459_955694916599633_8791890941209272367_n.jpg?w=400\" \/><figcaption class=\"wp-block-jetpack-slideshow_caption gallery-caption\">Foto cortesia da Companhia de Bombeiros Volunt\u00e1rios de Berlim Oriental. <\/figcaption><\/figure>\n<\/li>\n<\/ul>\n<p><a class=\"wp-block-jetpack-slideshow_button-prev swiper-button-prev swiper-button-white\" role=\"button\"><\/a><a class=\"wp-block-jetpack-slideshow_button-next swiper-button-next swiper-button-white\" role=\"button\"><\/a><a aria-label=\"Pause Slideshow\" class=\"wp-block-jetpack-slideshow_button-pause\" role=\"button\"><\/a><\/p>\n<div class=\"wp-block-jetpack-slideshow_pagination swiper-pagination swiper-pagination-white\"><\/div>\n<\/div>\n<\/div>\n<p>O fogo havia queimado o telhado do pr\u00e9dio e estava queimando o material de borracha do telhado. As equipes trabalharam rapidamente para extinguir o fogo. <\/p>\n<p>  O inc\u00eandio foi contido em um \u00fanico neg\u00f3cio. Neg\u00f3cios ao redor sofreram danos causados \u200b\u200bpor fuma\u00e7a e \u00e1gua. <\/p>\n<p>Dois animais no veterin\u00e1rio foram removidos e est\u00e3o seguros no momento. Nenhum ferimento foi relatado neste momento. <\/p>\n<p>A causa do inc\u00eandio ainda est\u00e1 sob investiga\u00e7\u00e3o. A investiga\u00e7\u00e3o ser\u00e1 liderada pelo Town of Berlin Fire Marshal&#8217;s Office. <\/p>\n<p><br \/>\n<br \/><a href=\"https:\/\/www.wtnh.com\/news\/connecticut\/hartford\/2-animals-rescued-after-berlin-strip-mall-fire\/\">Source link <\/a><\/p>","protected":false},"excerpt":{"rendered":"<p>BERLIM, Connecticut (WTNH) \u2014 O Corpo de Bombeiros de Berlim resgatou dois animais do consult\u00f3rio de um veterin\u00e1rio em um shopping que pegou fogo na tarde de s\u00e1bado. \u00c0s 16h44,&hellip;<\/p>","protected":false},"author":1,"featured_media":40367,"comment_status":"closed","ping_status":"open","sticky":false,"template":"","format":"standard","meta":{"content-type":"","footnotes":""},"categories":[1],"tags":[],"class_list":["post-40366","post","type-post","status-publish","format-standard","has-post-thumbnail","hentry","category-uncategorized"],"_links":{"self":[{"href":"https:\/\/tvbrazilusa.com\/pt\/wp-json\/wp\/v2\/posts\/40366","targetHints":{"allow":["GET"]}}],"collection":[{"href":"https:\/\/tvbrazilusa.com\/pt\/wp-json\/wp\/v2\/posts"}],"about":[{"href":"https:\/\/tvbrazilusa.com\/pt\/wp-json\/wp\/v2\/types\/post"}],"author":[{"embeddable":true,"href":"https:\/\/tvbrazilusa.com\/pt\/wp-json\/wp\/v2\/users\/1"}],"replies":[{"embeddable":true,"href":"https:\/\/tvbrazilusa.com\/pt\/wp-json\/wp\/v2\/comments?post=40366"}],"version-history":[{"count":1,"href":"https:\/\/tvbrazilusa.com\/pt\/wp-json\/wp\/v2\/posts\/40366\/revisions"}],"predecessor-version":[{"id":40368,"href":"https:\/\/tvbrazilusa.com\/pt\/wp-json\/wp\/v2\/posts\/40366\/revisions\/40368"}],"wp:featuredmedia":[{"embeddable":true,"href":"https:\/\/tvbrazilusa.com\/pt\/wp-json\/wp\/v2\/media\/40367"}],"wp:attachment":[{"href":"https:\/\/tvbrazilusa.com\/pt\/wp-json\/wp\/v2\/media?parent=40366"}],"wp:term":[{"taxonomy":"category","embeddable":true,"href":"https:\/\/tvbrazilusa.com\/pt\/wp-json\/wp\/v2\/categories?post=40366"},{"taxonomy":"post_tag","embeddable":true,"href":"https:\/\/tvbrazilusa.com\/pt\/wp-json\/wp\/v2\/tags?post=40366"}],"curies":[{"name":"wp","href":"https:\/\/api.w.org\/{rel}","templated":true}]}}