{"id":40444,"date":"2024-09-22T14:03:45","date_gmt":"2024-09-22T14:03:45","guid":{"rendered":"https:\/\/tvbrazilusa.com\/2024\/09\/22\/desde-que-marina-silva-assumiu-o-ministerio-do-meio-ambiente-mais-de-28-milhoes-de-hectares-foram-consumidos-pelo-fogo\/"},"modified":"2024-09-22T14:29:13","modified_gmt":"2024-09-22T14:29:13","slug":"desde-que-marina-silva-assumiu-o-ministerio-do-meio-ambiente-mais-de-28-milhoes-de-hectares-foram-consumidos-pelo-fogo","status":"publish","type":"post","link":"https:\/\/tvbrazilusa.com\/pt\/2024\/09\/22\/desde-que-marina-silva-assumiu-o-ministerio-do-meio-ambiente-mais-de-28-milhoes-de-hectares-foram-consumidos-pelo-fogo\/","title":{"rendered":"Desde que Marina Silva assumiu o Minist\u00e9rio do Meio Ambiente, mais de 28 milh\u00f5es de hectares foram consumidos pelo fogo"},"content":{"rendered":"<p> <script async src=\"https:\/\/pagead2.googlesyndication.com\/pagead\/js\/adsbygoogle.js?client=ca-pub-8864793242727901\"\r\n     crossorigin=\"anonymous\"><\/script><br \/>\n<\/p>\n<div id=\"taboola-read-more\" style=\"display:block; width:100%\">\n<p>O presidente Luiz In\u00e1cio Lula da Silva(PT) chegou ao poder pela 3\u00aa vez com a promessa de reposicionar o Brasil no tabuleiro geopol\u00edtico mundial. Um dos pilares de sua estrat\u00e9gia era implantar uma pol\u00edtica ambiental que antagonizasse com a de seu antecessor, Jair Bolsonaro. O que se viu de 1\u00ba de janeiro de 2023 a 31 de agosto de 2024, entretanto, \u00e9 que a ministra do Meio Ambiente,Marina Silva, n\u00e3o entregou o que prometeu para conter os inc\u00eandios florestais.\n<\/p>\n<p>Dados do Monitor do Fogo mostram que 28,7 milh\u00f5es de hectares foram consumidos por queimadas desde que Marina assumiu a chefia do minist\u00e9rio. S\u00f3 em agosto de 2024, foram 5,7 milh\u00f5es \u2013alta de 150% em rela\u00e7\u00e3o ao mesmo per\u00edodo de 2023.<\/p>\n<p>Durante o governo de Jair Bolsonaro (PL), Marina chamou o ent\u00e3o ministro, Ricardo Salles, de \u201cantiambientalista\u201d. Depois, disse que Joaquim Leite, que assumiu o minist\u00e9rio em junho de 2021, era um \u201cnegacionista convicto\u201d. Os n\u00fameros da ministra de Lula, no entanto, s\u00e3o parecidos ou piores que os dos seus 2 antecessores. Leia no infogr\u00e1fico abaixo:\n<\/p>\n<p><strong>AGOSTO EM CHAMAS<\/strong>\n<\/p>\n<p>Sob Bolsonaro, agosto de 2019 foi o pior m\u00eas em termos de hectares destru\u00eddos pelo fogo: 3,8 milh\u00f5es. Salles era o ministro do Meio Ambiente.\n<\/p>\n<p>Sob Lula, agosto de 2024 \u00e9 o pior m\u00eas da administra\u00e7\u00e3o petista. Foram 5,7 milh\u00f5es de hectares consumidos por queimadas \u2013recorde para o per\u00edodo. Leia no infogr\u00e1fico abaixo:\n<\/p>\n<\/p>\n<p>Lula tenta se dissociar dos inc\u00eandios que atingem o pa\u00eds. O petista est\u00e1 no poder h\u00e1 mais de 1 ano e meio, mas disse em 17 de setembro que o Brasil n\u00e3o estava \u201c100% preparado\u201d para lidar com as queimadas. Afirmou tamb\u00e9m haver \u201cfortes ind\u00edcios de crime\u201d.\n<\/p>\n<p>O presidente convocou reuni\u00f5es com governadores. O governo anunciou um cr\u00e9dito de R$ 514 milh\u00f5es para combater os inc\u00eandios. A medida foi recebida com cr\u00edticas por alguns chefes estaduais:\n<\/p>\n<p>Mauro Mendes (Uni\u00e3o Brasil), do Mato Grosso \u2013 afirmou que a reuni\u00e3o com o Executivo ter\u00e1 pouca efic\u00e1cia em 2024. Motivo: at\u00e9 as medidas sa\u00edrem do papel, as chuvas ter\u00e3o resolvido o problema;\n<\/p>\n<p>Ronaldo Caiado (Uni\u00e3o Brasil), de Goi\u00e1s \u2013 declarou que o governo Lula n\u00e3o dar\u00e1 conta e falou em \u201cinefici\u00eancia completa\u201d.\n<\/p>\n<p>Fonte: Poder360 <\/p>\n<\/div>\n<p><br \/>\n<br \/><a href=\"https:\/\/tvfloridausa.com\/2024\/09\/22\/desde-que-marina-silva-assumiu-o-ministerio-do-meio-ambiente-mais-de-28-milhoes-de-hectares-foram-consumidos-pelo-fogo\/\">Source link <\/a><\/p>","protected":false},"excerpt":{"rendered":"<p>O presidente Luiz In\u00e1cio Lula da Silva(PT) chegou ao poder pela 3\u00aa vez com a promessa de reposicionar o Brasil no tabuleiro geopol\u00edtico mundial. Um dos pilares de sua estrat\u00e9gia&hellip;<\/p>","protected":false},"author":1,"featured_media":40445,"comment_status":"closed","ping_status":"open","sticky":false,"template":"","format":"standard","meta":{"content-type":"","footnotes":""},"categories":[22],"tags":[],"class_list":["post-40444","post","type-post","status-publish","format-standard","has-post-thumbnail","hentry","category-tv-florida-usa"],"_links":{"self":[{"href":"https:\/\/tvbrazilusa.com\/pt\/wp-json\/wp\/v2\/posts\/40444","targetHints":{"allow":["GET"]}}],"collection":[{"href":"https:\/\/tvbrazilusa.com\/pt\/wp-json\/wp\/v2\/posts"}],"about":[{"href":"https:\/\/tvbrazilusa.com\/pt\/wp-json\/wp\/v2\/types\/post"}],"author":[{"embeddable":true,"href":"https:\/\/tvbrazilusa.com\/pt\/wp-json\/wp\/v2\/users\/1"}],"replies":[{"embeddable":true,"href":"https:\/\/tvbrazilusa.com\/pt\/wp-json\/wp\/v2\/comments?post=40444"}],"version-history":[{"count":1,"href":"https:\/\/tvbrazilusa.com\/pt\/wp-json\/wp\/v2\/posts\/40444\/revisions"}],"predecessor-version":[{"id":40446,"href":"https:\/\/tvbrazilusa.com\/pt\/wp-json\/wp\/v2\/posts\/40444\/revisions\/40446"}],"wp:featuredmedia":[{"embeddable":true,"href":"https:\/\/tvbrazilusa.com\/pt\/wp-json\/wp\/v2\/media\/40445"}],"wp:attachment":[{"href":"https:\/\/tvbrazilusa.com\/pt\/wp-json\/wp\/v2\/media?parent=40444"}],"wp:term":[{"taxonomy":"category","embeddable":true,"href":"https:\/\/tvbrazilusa.com\/pt\/wp-json\/wp\/v2\/categories?post=40444"},{"taxonomy":"post_tag","embeddable":true,"href":"https:\/\/tvbrazilusa.com\/pt\/wp-json\/wp\/v2\/tags?post=40444"}],"curies":[{"name":"wp","href":"https:\/\/api.w.org\/{rel}","templated":true}]}}