{"id":40450,"date":"2024-09-22T14:50:16","date_gmt":"2024-09-22T14:50:16","guid":{"rendered":"https:\/\/tvbrazilusa.com\/2024\/09\/22\/explosao-em-mina-de-carvao-deixa-51-mortos-e-20-feridos-no-ira\/"},"modified":"2024-09-22T14:50:18","modified_gmt":"2024-09-22T14:50:18","slug":"explosao-em-mina-de-carvao-deixa-51-mortos-e-20-feridos-no-ira","status":"publish","type":"post","link":"https:\/\/tvbrazilusa.com\/pt\/2024\/09\/22\/explosao-em-mina-de-carvao-deixa-51-mortos-e-20-feridos-no-ira\/","title":{"rendered":"Explos\u00e3o em mina de carv\u00e3o deixa 51 mortos e 20 feridos no Ir\u00e3"},"content":{"rendered":"<p> <script async src=\"https:\/\/pagead2.googlesyndication.com\/pagead\/js\/adsbygoogle.js?client=ca-pub-8864793242727901\"\r\n     crossorigin=\"anonymous\"><\/script><br \/>\n<\/p>\n<div id=\"taboola-read-more\" style=\"display:block; width:100%\">\n<p>Uma explos\u00e3o em uma mina de carv\u00e3o no Ir\u00e3 matou 51 mineiros e deixou 20 feridos, segundo afirmou neste domingo (22) a ag\u00eancia estatal de not\u00edcias do pa\u00eds.\n<\/p>\n<p>A suspeita da pol\u00edcia \u00e9 de que a explos\u00e3o, que ocorreu na regi\u00e3o central do Ir\u00e3, foi provocada por um vazamento de g\u00e1s metano \u2014 o pa\u00eds tem hist\u00f3rico de neglig\u00eancia na seguran\u00e7a dos trabalhadores e acidentes na minera\u00e7\u00e3o (leia mais abaixo).<\/p>\n<p>Ainda havia trabalhadores presos dentro da mina at\u00e9 a \u00faltima atualiza\u00e7\u00e3o desta reportagem.\n<\/p>\n<p>A explos\u00e3o ocorreu na noite de s\u00e1bado no hor\u00e1rio local (meados da tarde pelo hor\u00e1rio de Bras\u00edlia). Equipes de resgate tentavam resgat\u00e1-los nesta manh\u00e3 em uma grande opera\u00e7\u00e3o montada ao redor da mina, nos arredores da cidade de Tabas, a cerca de 540 quil\u00f4metros da capital, Teer\u00e3.\n<\/p>\n<p>A maior dificuldade do trabalho de resgate, segundo o governo local, \u00e9 que ainda havia alta concentra\u00e7\u00e3o de g\u00e1s metano em um dos dois blocos da mina atingidos pela explos\u00e3o.\n<\/p>\n<p>A pol\u00edcia afirmou que 70 pessoas trabalhavam na mina, operada pela mineiradora Madanjoo, no momento da explos\u00e3o.\n<\/p>\n<p>A prov\u00edncia de Khorasan do Sul, onde fica Tabas, produz 76% de todo o carv\u00e3o consumido no pa\u00eds, segundo disse o governador local, Ali Akbar Rahimi, a TV estatal iraniana.\n<\/p>\n<p>O presidente do Ir\u00e3, Masoud Pezeshkian, afirmou que ordenou que todos os esfor\u00e7os fossem feitos para resgatar os mineiros presos e ajudar suas fam\u00edlias. Pezeshkian, que assumiu o governo em julho, tamb\u00e9m disse que uma investiga\u00e7\u00e3o sobre o incidente j\u00e1 havia sido iniciada.\n<\/p>\n<p>O Ir\u00e3, al\u00e9m de ser um produtor de petr\u00f3leo, tamb\u00e9m \u00e9 rico em diversos minerais. O pa\u00eds consome anualmente cerca de 3,5 milh\u00f5es de toneladas de carv\u00e3o, mas extrai apenas cerca de 1,8 milh\u00e3o de toneladas de suas minas por ano.\n<\/p>\n<p>Mas h\u00e1 diversas den\u00fancias de neglig\u00eancia dos padr\u00f5es de seguran\u00e7a no setor. Este n\u00e3o \u00e9 o primeiro desastre a atingir a ind\u00fastria de minera\u00e7\u00e3o do pa\u00eds. Em 2013, 11 trabalhadores morreram em dois acidentes separados em minas. Em 2009, 20 trabalhadores morreram em v\u00e1rios incidentes. Em 2017, uma explos\u00e3o em uma mina de carv\u00e3o matou pelo menos 42 pessoas.\n<\/p>\n<p>Fonte: G1 <\/p>\n<\/div>\n<p><br \/>\n<br \/><a href=\"https:\/\/diariodobrasilnoticias.com.br\/noticia\/explosao-em-mina-de-carvao-deixa-51-mortos-e-20-feridos-no-ira-66f00c32e29ca\">Source link <\/a><\/p>","protected":false},"excerpt":{"rendered":"<p>Uma explos\u00e3o em uma mina de carv\u00e3o no Ir\u00e3 matou 51 mineiros e deixou 20 feridos, segundo afirmou neste domingo (22) a ag\u00eancia estatal de not\u00edcias do pa\u00eds. A suspeita&hellip;<\/p>","protected":false},"author":1,"featured_media":40451,"comment_status":"closed","ping_status":"open","sticky":false,"template":"","format":"standard","meta":{"content-type":"","footnotes":""},"categories":[16],"tags":[123,2448,5313,1267],"class_list":["post-40450","post","type-post","status-publish","format-standard","has-post-thumbnail","hentry","category-noticias","tag-brasil","tag-diario","tag-noticia","tag-noticias"],"_links":{"self":[{"href":"https:\/\/tvbrazilusa.com\/pt\/wp-json\/wp\/v2\/posts\/40450","targetHints":{"allow":["GET"]}}],"collection":[{"href":"https:\/\/tvbrazilusa.com\/pt\/wp-json\/wp\/v2\/posts"}],"about":[{"href":"https:\/\/tvbrazilusa.com\/pt\/wp-json\/wp\/v2\/types\/post"}],"author":[{"embeddable":true,"href":"https:\/\/tvbrazilusa.com\/pt\/wp-json\/wp\/v2\/users\/1"}],"replies":[{"embeddable":true,"href":"https:\/\/tvbrazilusa.com\/pt\/wp-json\/wp\/v2\/comments?post=40450"}],"version-history":[{"count":1,"href":"https:\/\/tvbrazilusa.com\/pt\/wp-json\/wp\/v2\/posts\/40450\/revisions"}],"predecessor-version":[{"id":40452,"href":"https:\/\/tvbrazilusa.com\/pt\/wp-json\/wp\/v2\/posts\/40450\/revisions\/40452"}],"wp:featuredmedia":[{"embeddable":true,"href":"https:\/\/tvbrazilusa.com\/pt\/wp-json\/wp\/v2\/media\/40451"}],"wp:attachment":[{"href":"https:\/\/tvbrazilusa.com\/pt\/wp-json\/wp\/v2\/media?parent=40450"}],"wp:term":[{"taxonomy":"category","embeddable":true,"href":"https:\/\/tvbrazilusa.com\/pt\/wp-json\/wp\/v2\/categories?post=40450"},{"taxonomy":"post_tag","embeddable":true,"href":"https:\/\/tvbrazilusa.com\/pt\/wp-json\/wp\/v2\/tags?post=40450"}],"curies":[{"name":"wp","href":"https:\/\/api.w.org\/{rel}","templated":true}]}}