{"id":40456,"date":"2024-09-22T15:02:53","date_gmt":"2024-09-22T15:02:53","guid":{"rendered":"https:\/\/tvbrazilusa.com\/2024\/09\/22\/professora-de-nh-e-investigada-por-video-com-insulto-racial\/"},"modified":"2024-09-22T15:02:53","modified_gmt":"2024-09-22T15:02:53","slug":"professora-de-nh-e-investigada-por-video-com-insulto-racial","status":"publish","type":"post","link":"https:\/\/tvbrazilusa.com\/pt\/2024\/09\/22\/professora-de-nh-e-investigada-por-video-com-insulto-racial\/","title":{"rendered":"Professora de NH \u00e9 investigada por v\u00eddeo com insulto racial"},"content":{"rendered":"<p> <script async src=\"https:\/\/pagead2.googlesyndication.com\/pagead\/js\/adsbygoogle.js?client=ca-pub-8864793242727901\"\r\n     crossorigin=\"anonymous\"><\/script><br \/>\n<br \/><img decoding=\"async\" src=\"https:\/\/www.boston.com\/wp-content\/themes\/bdc-2020\/images\/tease-defaults\/fallback-tease-image-4x3-medium.png\" \/><\/p>\n<div id=\"\">\n<header class=\"m-article-header m-article-header--standard\">\n\t\t\t\t\t\t\t\t\t\t\t\t<span id=\"article-header-primary-term\"><br \/>\n\t\t\t\t\t\t\t\t<a class=\"a-term a-term--primary\" href=\"https:\/\/www.boston.com\/tag\/local-news\/\"><\/p>\n<p>\t\t\t\t\t\t\t\tNot\u00edcias locais\t\t\t\t\t\t\t\t<\/a><br \/>\n\t\t\t\t\t\t\t<\/span><\/p>\n<h2 class=\"m-article-header__sub-headline\">\u201cIsso n\u00e3o deve ser tolerado, seja por um aluno ou um professor\u201d, disse a m\u00e3e Gina Morin ao WHDH.<\/h2>\n<figure class=\"a-photo m-article-header__photo\"><figcaption class=\"a-photo__caption\">\n\t<em> <\/em>\t<\/figcaption><\/figure>\n<\/header>\n<p>Os administradores escolares est\u00e3o investigando uma professora em Salem, New Hampshire, por postar um v\u00eddeo no Facebook onde ela usou um termo racista para pessoas negras, de acordo com autoridades.<\/p>\n<p>Amy Banks, uma professora da s\u00e9tima s\u00e9rie na Escola Woodbury, est\u00e1 de licen\u00e7a enquanto a investiga\u00e7\u00e3o ocorre, de acordo com <a href=\"https:\/\/youtu.be\/AESzV9N1N9s?si=3fnAiOYmUM6nZI7T\">Not\u00edcias Boston25<\/a>. <\/p>\n<p>A cal\u00fania n\u00e3o pareceu ser dirigida a nenhum indiv\u00edduo em particular, de acordo com <a href=\"https:\/\/whdh.com\/news\/salem-nh-school-administrators-investigating-after-video-shows-teacher-using-racist-term\/?utm_medium=social&#038;utm_source=twitter_7News\">O que \u00e9 isso?<\/a>. <\/p>\n<p>\u201cIsso n\u00e3o deve ser tolerado, seja por um aluno ou um professor\u201d, disse a m\u00e3e Gina Morin ao WHDH. <\/p>\n<p>De acordo com um funcion\u00e1rio do comit\u00ea escolar, Banks n\u00e3o deu aula o ano todo e n\u00e3o estava trabalhando ativamente como professor quando o v\u00eddeo foi postado. <\/p>\n<p>O presidente do comit\u00ea escolar de Salem, Mike Carney, disse \u00e0 WHDH que os coment\u00e1rios de Banks s\u00e3o completamente inapropriados. <\/p>\n<p>\u201c\u00c9 um pouco chocante usar uma palavra como essa\u201d, disse Carney. \u201cN\u00e3o h\u00e1 lugar para isso na sociedade de hoje.\u201d<\/p>\n<p>Embora os pais gostariam de mais transpar\u00eancia por parte dos respons\u00e1veis \u200b\u200bpela escola, a investiga\u00e7\u00e3o est\u00e1 em andamento, de acordo com Carney. <\/p>\n<p>\u201cEla tem direitos como funcion\u00e1ria e h\u00e1 uma investiga\u00e7\u00e3o em andamento\u201d, disse Carney. \u201cQualquer coisa que saia dessa investiga\u00e7\u00e3o ser\u00e1 repassada ao Departamento de Educa\u00e7\u00e3o de New Hampshire.\u201d<\/p>\n<p>O v\u00eddeo original n\u00e3o \u00e9 mais publicado ou foi tornado privado nas redes sociais.<\/p>\n<div class=\"m-block m-generic-cta\t m-generic-cta--post-content\t m-generic-cta--dark\t m-generic-cta--homepage\t m-generic-cta--email-signup\t\t m-generic-cta-block-style--default \tt-amp__generic-cta\"><\/p>\n<div class=\"m-generic-cta__wrap\">\n<div class=\"m-generic-cta__content\">\n<h3 class=\"m-generic-cta__title\">Boston.com Hoje<\/h3>\n<p class=\"m-generic-cta__subtitle\">Inscreva-se para receber as \u00faltimas manchetes na sua caixa de entrada todas as manh\u00e3s.<\/p>\n<\/p><\/div>\n<\/p><\/div>\n<\/div><\/div>\n<p><script>\n\t\tvar consent=\"grant\";\n\t\t\/* The above code is parsing the JSON data from the local storage and storing it in a variable. *\/\n\t\t\t\t\tconst onetrustStorageConsent = JSON.parse(localStorage.getItem( 'consent_one_trust_bdc' ) );\n\t\t\tif ( ( onetrustStorageConsent !== null ) ) {\n\t\t\t\t\/* Checking to see if the user has consented to the use of cookies.\n\t\t\t\t* If they have not, it is deleting the cookie.\n\t\t\t\t* This will comment for now, until further notice.\n\t\t\t\t*\/\n\t\t\t\t\/\/if ( onetrustStorageConsent.C0002 === false ) {\n\t\t\t\t\/\/\tdocument.cookie=\"_fbp=;expires=Thu, 01 Jan 2010 00:00:00 UTC; path=\/; domain=.boston.com\";\n\t\t\t\t\/\/}\n\t\t\t\t\/* Checking if the user has given consent for the cookie C0002.\n\t\t\t\t* If the user has given consent, the variable consent will be set to 'grant'.\n\t\t\t\t* If the user has not given consent,the variable consent will be set to 'revoke'.\n\t\t\t\t* Documentation https:\/\/developers.facebook.com\/docs\/meta-pixel\/implementation\/gdpr\n\t\t\t\t*\/\n\t\t\t\tif ( onetrustStorageConsent.C0002 !== true ) {\n\t\t\t\t\tconsent=\"revoke\";\n\t\t\t\t}\n\t\t\t}\n\t\t\t\t!function(f,b,e,v,n,t,s)\n\t\t{if(f.fbq)return;n=f.fbq=function(){n.callMethod?\n\t\tn.callMethod.apply(n,arguments):n.queue.push(arguments)};\n\t\tif(!f._fbq)f._fbq=n;n.push=n;n.loaded=!0;n.version='2.0';\n\t\tn.queue=[];t=b.createElement(e);t.async=!0;\n\t\tt.src=v;s=b.getElementsByTagName(e)[0];\n\t\ts.parentNode.insertBefore(t,s)}(window, document,'script',\n\t\t'https:\/\/connect.facebook.net\/en_US\/fbevents.js');\n\t\tfbq('consent', consent);\n\t\tfbq('init', '989222871864976');\n\t\tfbq('track', 'PageView');\n\t<\/script><script type=\"module\">\n\t\tvar consent=\"grant\";\n\t\t\/* The above code is parsing the JSON data from the local storage and storing it in a variable. *\/\n\t\t\tconst onetrustStorageConsent = JSON.parse(localStorage.getItem( 'consent_one_trust_bdc' ) );\n\t\t\t\/* Checking to see if the user has consented to the use of cookies.\n\t\t\t* If they have not, it is deleting the cookie.\n\t\t\t* This will comment for now, until further notice.\n\t\t\t*\/\n\t\t\t\/\/if ( onetrustStorageConsent.C0002 === false ) {\n\t\t\t\/\/\tdocument.cookie=\"_fbp=;expires=Thu, 01 Jan 2010 00:00:00 UTC; path=\/; domain=.boston.com\";\n\t\t\t\/\/}\n\t\t\t\/* Checking if the user has given consent for the cookie C0002.\n\t\t\t* If the user has given consent, the variable consent will be set to 'grant'.\n\t\t\t* If the user has not given consent,the variable consent will be set to 'revoke'.\n\t\t\t* Documentation https:\/\/developers.facebook.com\/docs\/meta-pixel\/implementation\/gdpr\n\t\t\t*\/\n\t\t\tif ( ( onetrustStorageConsent !== null ) && (onetrustStorageConsent.C0002 !== true ) ) {\n\t\t\t\tconsent=\"revoke\";\n\t\t\t}\n\t\t\t\t!function(f,b,e,v,n,t,s){if(f.fbq)return;n=f.fbq=function()\n\t\t{n.callMethod? n.callMethod.apply(n,arguments):n.queue.push(arguments)}\n\t\t;if(!f._fbq)f._fbq=n;\n\t\tn.push=n;n.loaded=!0;n.version='2.0';n.queue=[];t=b.createElement(e);t.async=!0;\n\t\tt.src=v;s=b.getElementsByTagName(e)[0];s.parentNode.insertBefore(t,s)}(window,\n\t\tdocument,'script','https:\/\/connect.facebook.net\/en_US\/fbevents.js');\n\t\tfbq('consent', consent);\n\t\tfbq('init', '813236348753005');\n\t\tfbq('track', \"PageView\");\n\t<\/script><br \/>\n<br \/><br \/>\n<br \/><a href=\"https:\/\/www.boston.com\/news\/local-news\/2024\/09\/22\/n-h-teacher-investigated-over-video-with-racial-slur\/\">Source link <\/a><\/p>","protected":false},"excerpt":{"rendered":"<p>Not\u00edcias locais \u201cIsso n\u00e3o deve ser tolerado, seja por um aluno ou um professor\u201d, disse a m\u00e3e Gina Morin ao WHDH. Os administradores escolares est\u00e3o investigando uma professora em Salem,&hellip;<\/p>","protected":false},"author":1,"featured_media":0,"comment_status":"","ping_status":"open","sticky":false,"template":"","format":"standard","meta":{"content-type":"","footnotes":""},"categories":[1],"tags":[],"class_list":["post-40456","post","type-post","status-publish","format-standard","hentry","category-uncategorized"],"_links":{"self":[{"href":"https:\/\/tvbrazilusa.com\/pt\/wp-json\/wp\/v2\/posts\/40456","targetHints":{"allow":["GET"]}}],"collection":[{"href":"https:\/\/tvbrazilusa.com\/pt\/wp-json\/wp\/v2\/posts"}],"about":[{"href":"https:\/\/tvbrazilusa.com\/pt\/wp-json\/wp\/v2\/types\/post"}],"author":[{"embeddable":true,"href":"https:\/\/tvbrazilusa.com\/pt\/wp-json\/wp\/v2\/users\/1"}],"replies":[{"embeddable":true,"href":"https:\/\/tvbrazilusa.com\/pt\/wp-json\/wp\/v2\/comments?post=40456"}],"version-history":[{"count":0,"href":"https:\/\/tvbrazilusa.com\/pt\/wp-json\/wp\/v2\/posts\/40456\/revisions"}],"wp:attachment":[{"href":"https:\/\/tvbrazilusa.com\/pt\/wp-json\/wp\/v2\/media?parent=40456"}],"wp:term":[{"taxonomy":"category","embeddable":true,"href":"https:\/\/tvbrazilusa.com\/pt\/wp-json\/wp\/v2\/categories?post=40456"},{"taxonomy":"post_tag","embeddable":true,"href":"https:\/\/tvbrazilusa.com\/pt\/wp-json\/wp\/v2\/tags?post=40456"}],"curies":[{"name":"wp","href":"https:\/\/api.w.org\/{rel}","templated":true}]}}