{"id":40457,"date":"2024-09-22T15:24:01","date_gmt":"2024-09-22T15:24:01","guid":{"rendered":"https:\/\/tvbrazilusa.com\/2024\/09\/22\/ze-dirceu-vai-ajudar-na-campanha-de-boulos-de-olho-em-2026\/"},"modified":"2024-09-22T15:24:03","modified_gmt":"2024-09-22T15:24:03","slug":"ze-dirceu-vai-ajudar-na-campanha-de-boulos-de-olho-em-2026","status":"publish","type":"post","link":"https:\/\/tvbrazilusa.com\/pt\/2024\/09\/22\/ze-dirceu-vai-ajudar-na-campanha-de-boulos-de-olho-em-2026\/","title":{"rendered":"Z\u00e9 Dirceu vai ajudar na campanha de Boulos: \u201cde olho em 2026\u201d"},"content":{"rendered":"<p> <script async src=\"https:\/\/pagead2.googlesyndication.com\/pagead\/js\/adsbygoogle.js?client=ca-pub-8864793242727901\"\r\n     crossorigin=\"anonymous\"><\/script><br \/>\n<\/p>\n<div>\n<figure class=\"post-image\">\n<\/figure>\n<p><span style=\"font-size: 12px\">Reprodu\u00e7\u00e3o\/Internet<\/span><\/p>\n<div id=\"taboola-read-more\" style=\"display:block; width:100%\">\n<p>Ex-ministro da Casa Civil do governo Lula, Z\u00e9 Dirceu embarcou de vez na campanha do candidato do Psol \u00e0 Prefeitura de S\u00e3o Paulo, Guilherme Boulos.\n<\/p>\n<p>A coluna Igor Gadelha apurou que, na quarta-feira (18\/9), Dirceu deixou Bras\u00edlia e viajou para a capital paulista prometendo s\u00f3 retornar \u00e0 capital federal ap\u00f3s a elei\u00e7\u00e3o municipal.<\/p>\n<p>O ex-ministro, de acordo com aliados, pretende se dedicar sobretudo \u00e0 campanha de Boulos. A ideia \u00e9 ajudar o candidato do PSol na reta final da campanha para o primeiro turno.\n<\/p>\n<p>Segundo interlocutores, Dirceu quer eleger Boulos tamb\u00e9m de olho nas elei\u00e7\u00f5es de 2026. O petista tem planos de concorrer \u00e0 C\u00e2mara dos Deputados por S\u00e3o Paulo.\n<\/p>\n<p>Petistas ouvidos pela coluna dizem n\u00e3o ver problemas na candidatura de Direceu \u00e0 C\u00e2mara em 2026. Segundo essas fontes, mesmo ap\u00f3s o mensal\u00e3o, Dirceu mant\u00e9m forte influ\u00eancia no partido.\n<\/p>\n<p>Os aliados de Lula recha\u00e7am, entretanto, qualquer chance de o ex-todo poderoso ministro da Casa Civil voltar a ocupar um cargo no terceiro governo do petista.\n<\/p>\n<p>Fonte: Metr\u00f3poles <\/p>\n<\/div>\n<div class=\"row mt-3\">\n<div class=\"col-sm-6\">\n<p><a href=\"https:\/\/chat.whatsapp.com\/GwURnmOyPiN1XheGYvCspN\" target=\"_blank\" rel=\"noopener\"><br \/>\n<img decoding=\"async\" src=\"https:\/\/diariodobrasilnoticias.com.br\/assets-site\/images\/bot_whatsapp.png\"\/><\/a>\n<\/div>\n<div class=\"col-sm-6\">\n<a href=\"https:\/\/t.me\/+_4gTmi5LKo03OTM5\" target=\"_blank\" rel=\"noopener\"><br \/>\n<img decoding=\"async\" src=\"https:\/\/diariodobrasilnoticias.com.br\/assets-site\/images\/bot_telegram.png\"\/><\/a>\n<\/div>\n<\/div>\n<\/div>\n<p><br \/>\n<br \/><a href=\"https:\/\/diariodobrasilnoticias.com.br\/noticia\/ze-dirceu-vai-ajudar-na-campanha-de-boulos-de-olho-em-2026-66f01126cc375\">Source link <\/a><\/p>","protected":false},"excerpt":{"rendered":"<p>Reprodu\u00e7\u00e3o\/Internet Ex-ministro da Casa Civil do governo Lula, Z\u00e9 Dirceu embarcou de vez na campanha do candidato do Psol \u00e0 Prefeitura de S\u00e3o Paulo, Guilherme Boulos. A coluna Igor Gadelha&hellip;<\/p>","protected":false},"author":1,"featured_media":40458,"comment_status":"closed","ping_status":"open","sticky":false,"template":"","format":"standard","meta":{"content-type":"","footnotes":""},"categories":[16],"tags":[123,2448,5313,1267],"class_list":["post-40457","post","type-post","status-publish","format-standard","has-post-thumbnail","hentry","category-noticias","tag-brasil","tag-diario","tag-noticia","tag-noticias"],"_links":{"self":[{"href":"https:\/\/tvbrazilusa.com\/pt\/wp-json\/wp\/v2\/posts\/40457","targetHints":{"allow":["GET"]}}],"collection":[{"href":"https:\/\/tvbrazilusa.com\/pt\/wp-json\/wp\/v2\/posts"}],"about":[{"href":"https:\/\/tvbrazilusa.com\/pt\/wp-json\/wp\/v2\/types\/post"}],"author":[{"embeddable":true,"href":"https:\/\/tvbrazilusa.com\/pt\/wp-json\/wp\/v2\/users\/1"}],"replies":[{"embeddable":true,"href":"https:\/\/tvbrazilusa.com\/pt\/wp-json\/wp\/v2\/comments?post=40457"}],"version-history":[{"count":1,"href":"https:\/\/tvbrazilusa.com\/pt\/wp-json\/wp\/v2\/posts\/40457\/revisions"}],"predecessor-version":[{"id":40459,"href":"https:\/\/tvbrazilusa.com\/pt\/wp-json\/wp\/v2\/posts\/40457\/revisions\/40459"}],"wp:featuredmedia":[{"embeddable":true,"href":"https:\/\/tvbrazilusa.com\/pt\/wp-json\/wp\/v2\/media\/40458"}],"wp:attachment":[{"href":"https:\/\/tvbrazilusa.com\/pt\/wp-json\/wp\/v2\/media?parent=40457"}],"wp:term":[{"taxonomy":"category","embeddable":true,"href":"https:\/\/tvbrazilusa.com\/pt\/wp-json\/wp\/v2\/categories?post=40457"},{"taxonomy":"post_tag","embeddable":true,"href":"https:\/\/tvbrazilusa.com\/pt\/wp-json\/wp\/v2\/tags?post=40457"}],"curies":[{"name":"wp","href":"https:\/\/api.w.org\/{rel}","templated":true}]}}