{"id":40466,"date":"2024-09-22T15:52:22","date_gmt":"2024-09-22T15:52:22","guid":{"rendered":"https:\/\/tvbrazilusa.com\/2024\/09\/22\/homem-tem-surto-em-voo-internacional-mas-e-contido-por-um-policial-brasileiro-que-estava-de-ferias\/"},"modified":"2024-09-22T15:52:23","modified_gmt":"2024-09-22T15:52:23","slug":"homem-tem-surto-em-voo-internacional-mas-e-contido-por-um-policial-brasileiro-que-estava-de-ferias","status":"publish","type":"post","link":"https:\/\/tvbrazilusa.com\/pt\/2024\/09\/22\/homem-tem-surto-em-voo-internacional-mas-e-contido-por-um-policial-brasileiro-que-estava-de-ferias\/","title":{"rendered":"Homem tem surto em voo internacional, mas \u00e9 contido por um policial brasileiro que estava de f\u00e9rias"},"content":{"rendered":"<p> <script async src=\"https:\/\/pagead2.googlesyndication.com\/pagead\/js\/adsbygoogle.js?client=ca-pub-8864793242727901\"\r\n     crossorigin=\"anonymous\"><\/script><br \/>\n<\/p>\n<div id=\"taboola-read-more\" style=\"display:block; width:100%\">\n<p>Um policial militar de Santa Catarina ajudou a controlar um homem em surto durante um voo internacional entre Lisboa e Luanda. A situa\u00e7\u00e3o aconteceu na quinta-feira (19), quando Allan Vaz estava na aeronave e percebeu o in\u00edcio da confus\u00e3o. O homem foi contido pelo agente e preso a chegar no aeroporto. N\u00e3o foram divulgadas informa\u00e7\u00f5es sobre a identidade e a nacionalidade dele.\n<\/p>\n<p>De acordo com o policial, que atua no 23\u00ba Batalh\u00e3o de Pol\u00edcia Militar (BPM) em S\u00e3o Bento do Sul, no Norte catarinense, durante o voo o homem chegou a amea\u00e7ar abrir uma porta de emerg\u00eancia, quebrou objetos e ofendeu as aeromo\u00e7as.<\/p>\n<p>As informa\u00e7\u00f5es e imagens tamb\u00e9m foram divulgadas pela Pol\u00edcia Militar de Santa Catarina (PMSC) nas redes sociais.\n<\/p>\n<p>Segundo Vaz, o homem estava bastante agitado durante todo o voo. Quando foi iniciado o procedimento de descida em Luanda, ele novamente voltou a ficar exaltado, levantou, chegou a dar um murro na parede, quebrou uma cortina e se aproximou da porta de emerg\u00eancia.\n<\/p>\n<p>O militar chegou a gravar um trecho da situa\u00e7\u00e3o, mas percebeu que o epis\u00f3dio poderia comprometer a seguran\u00e7a do voo. Ele, ent\u00e3o, se apresentou aos comiss\u00e1rios e perguntou se havia algemas dentro da aeronave.\n<\/p>\n<p>Como o avi\u00e3o n\u00e3o disponibilizava do objeto, o policial usou presilhas de pl\u00e1stico e o cinto de seguran\u00e7a.\n<\/p>\n<p>&#8220;Eu cheguei nele, conversei, ele pediu para eu me identificar, come\u00e7ou a gritar, quase partiu para cima. A\u00ed, eu fui um pouquinho mais en\u00e9rgico e consegui conter ele, imobilizei ali por tr\u00e1s, algemei as m\u00e3os dele e levei ele para classe executiva, que tinha um banco que deitava&#8221;, explicou.\n<\/p>\n<p>Quando o avi\u00e3o chegou em Angola, a pol\u00edcia do aeroporto j\u00e1 havia sido comunicada e cerca de 10 agentes entraram na aeronave e prenderam o homem. Vaz foi at\u00e9 a delegacia, prestou depoimento e relatou a situa\u00e7\u00e3o.\n<\/p>\n<p>&#8220;Dei meu depoimento l\u00e1 para o delegado que ficou respons\u00e1vel por ele. Agradeceram, tiraram foto&#8221;, disse o policial.\n<\/p>\n<p>Quando o PM voltou ao aeroporto para aguardar a conex\u00e3o para Portugal, que era o destino final, outras pessoas tamb\u00e9m o procuraram para oferecer depoimento sobre o caso.\n<\/p>\n<p>Fonte: G1 <\/p>\n<\/div>\n<p><br \/>\n<br \/><a href=\"https:\/\/diariodobrasilnoticias.com.br\/noticia\/homem-tem-surto-em-voo-internacional-mas-e-contido-por-um-policial-brasileiro-que-estava-de-ferias-66f01d388a3d8\">Source link <\/a><\/p>","protected":false},"excerpt":{"rendered":"<p>Um policial militar de Santa Catarina ajudou a controlar um homem em surto durante um voo internacional entre Lisboa e Luanda. A situa\u00e7\u00e3o aconteceu na quinta-feira (19), quando Allan Vaz&hellip;<\/p>","protected":false},"author":1,"featured_media":40467,"comment_status":"closed","ping_status":"open","sticky":false,"template":"","format":"standard","meta":{"content-type":"","footnotes":""},"categories":[16],"tags":[123,2448,5313,1267],"class_list":["post-40466","post","type-post","status-publish","format-standard","has-post-thumbnail","hentry","category-noticias","tag-brasil","tag-diario","tag-noticia","tag-noticias"],"_links":{"self":[{"href":"https:\/\/tvbrazilusa.com\/pt\/wp-json\/wp\/v2\/posts\/40466","targetHints":{"allow":["GET"]}}],"collection":[{"href":"https:\/\/tvbrazilusa.com\/pt\/wp-json\/wp\/v2\/posts"}],"about":[{"href":"https:\/\/tvbrazilusa.com\/pt\/wp-json\/wp\/v2\/types\/post"}],"author":[{"embeddable":true,"href":"https:\/\/tvbrazilusa.com\/pt\/wp-json\/wp\/v2\/users\/1"}],"replies":[{"embeddable":true,"href":"https:\/\/tvbrazilusa.com\/pt\/wp-json\/wp\/v2\/comments?post=40466"}],"version-history":[{"count":1,"href":"https:\/\/tvbrazilusa.com\/pt\/wp-json\/wp\/v2\/posts\/40466\/revisions"}],"predecessor-version":[{"id":40468,"href":"https:\/\/tvbrazilusa.com\/pt\/wp-json\/wp\/v2\/posts\/40466\/revisions\/40468"}],"wp:featuredmedia":[{"embeddable":true,"href":"https:\/\/tvbrazilusa.com\/pt\/wp-json\/wp\/v2\/media\/40467"}],"wp:attachment":[{"href":"https:\/\/tvbrazilusa.com\/pt\/wp-json\/wp\/v2\/media?parent=40466"}],"wp:term":[{"taxonomy":"category","embeddable":true,"href":"https:\/\/tvbrazilusa.com\/pt\/wp-json\/wp\/v2\/categories?post=40466"},{"taxonomy":"post_tag","embeddable":true,"href":"https:\/\/tvbrazilusa.com\/pt\/wp-json\/wp\/v2\/tags?post=40466"}],"curies":[{"name":"wp","href":"https:\/\/api.w.org\/{rel}","templated":true}]}}