{"id":40481,"date":"2024-09-22T16:29:13","date_gmt":"2024-09-22T16:29:13","guid":{"rendered":"https:\/\/tvbrazilusa.com\/2024\/09\/22\/presidente-do-ibge-sofre-pressao-por-falta-de-transparencia-e-sindicato-convoca-ato-contra-medidas-autoritarias\/"},"modified":"2024-09-22T16:29:14","modified_gmt":"2024-09-22T16:29:14","slug":"presidente-do-ibge-sofre-pressao-por-falta-de-transparencia-e-sindicato-convoca-ato-contra-medidas-autoritarias","status":"publish","type":"post","link":"https:\/\/tvbrazilusa.com\/pt\/2024\/09\/22\/presidente-do-ibge-sofre-pressao-por-falta-de-transparencia-e-sindicato-convoca-ato-contra-medidas-autoritarias\/","title":{"rendered":"Presidente do IBGE sofre press\u00e3o por falta de transpar\u00eancia e sindicato convoca ato contra &#8216;medidas autorit\u00e1rias&#8217;"},"content":{"rendered":"<p> <script async src=\"https:\/\/pagead2.googlesyndication.com\/pagead\/js\/adsbygoogle.js?client=ca-pub-8864793242727901\"\r\n     crossorigin=\"anonymous\"><\/script><br \/>\n<\/p>\n<div id=\"taboola-read-more\" style=\"display:block; width:100%\">\n<p>A Assibge (Associa\u00e7\u00e3o dos Trabalhadores do Instituto Brasileiro de Geografia e Estat\u00edstica) convocou os funcion\u00e1rios a aderirem a um protesto \u201ccontra as medidas autorit\u00e1rias\u201d do atual presidente do instituto, Marcio Pochmann.\n<\/p>\n<p>O ato foi marcado para 26 de setembro, \u00e0s 10h, em frente \u00e0 sede do IBGE no Rio de Janeiro.<\/p>\n<p>Em nota, o sindicato pede que Pochmann \u201cestabele\u00e7a um real processo de di\u00e1logo em rela\u00e7\u00e3o \u00e0s diversas altera\u00e7\u00f5es em curso no Instituto\u201d. Dentre as mudan\u00e7as citadas, est\u00e3o a cria\u00e7\u00e3o do IBGE+, funda\u00e7\u00e3o de apoio de direito privado. Segundo os representantes dos funcion\u00e1rios, n\u00e3o houve discuss\u00e3o interna sobre a funda\u00e7\u00e3o e o acesso ao estatuto s\u00f3 se deu depois de reivindicado.\n<\/p>\n<p>Os funcion\u00e1rios tamb\u00e9m falam sobre mudan\u00e7as no regime de trabalho. No fim de agosto, o IBGE publicou portaria que define o fim do teletrabalho integral e o retorno ao trabalho presencial pelo menos 2 dias por semana a partir de 15 de outubro.\n<\/p>\n<p><strong>Marcio Pochmann<\/strong>\n<\/p>\n<p>Indicado pelo governo deLuiz In\u00e1cio Lula da Silva (PT), oeconomista Marcio Pochmann foinomeado como presidente do IBGE em 18 de agosto de 2023.\n<\/p>\n<p>Sob sua gest\u00e3o, o IBGElan\u00e7ou um mapa-m\u00fandi em que o Brasil aparece no centro do mundo como parte do 9\u00ba Atlas Geogr\u00e1fico Escolar. A vers\u00e3o, no entanto,apresentava uma s\u00e9rie de erros.\n<\/p>\n<p>Uma sequ\u00eancia trocava os mapas dos per\u00edodos Jur\u00e1ssico (o qual diz ter sido h\u00e1 135 milh\u00f5es de anos atr\u00e1s) e Cret\u00e1ceo (65 milh\u00f5es de anos) \u2013diferen\u00e7a de 70 milh\u00f5es de anos. A sequ\u00eancia tamb\u00e9m trazia informa\u00e7\u00f5es incorretas sobre a idade, dura\u00e7\u00e3o dos per\u00edodos geol\u00f3gicos e separa\u00e7\u00e3o dos continentes no planeta. \u00c0 \u00e9poca, o IBGE reconheceu as falhas e publicou uma errata.\n<\/p>\n<p>Pochmann j\u00e1 presidiu aFunda\u00e7\u00e3o Perseu Abramo, ligado ao PT, e oInstituto Lula. Tamb\u00e9m foi presidente doIpea (Instituto de Pesquisa Econ\u00f4mica Aplicada). Sua gest\u00e3o foi criticada internamente por ter supostamente aparelhado o \u00f3rg\u00e3o e feito uma administra\u00e7\u00e3o mais ideol\u00f3gica.\n<\/p>\n<p>Com vis\u00e3o econ\u00f4mica mais heterodoxa, o chefe do IBGE j\u00e1 fez cr\u00edticas ao Pix, \u00e0s reformas trabalhista e previdenci\u00e1ria e defendeu a redu\u00e7\u00e3o da jornada de trabalho.\n<\/p>\n<p>Fonte: Poder360 <\/p>\n<\/div>\n<p><br \/>\n<br \/><a href=\"https:\/\/diariodobrasilnoticias.com.br\/noticia\/presidente-do-ibge-sofre-pressao-por-falta-de-transparencia-e-sindicato-convoca-ato-contra-medidas-autoritarias-66f02483c7fe0\">Source link <\/a><\/p>","protected":false},"excerpt":{"rendered":"<p>A Assibge (Associa\u00e7\u00e3o dos Trabalhadores do Instituto Brasileiro de Geografia e Estat\u00edstica) convocou os funcion\u00e1rios a aderirem a um protesto \u201ccontra as medidas autorit\u00e1rias\u201d do atual presidente do instituto, Marcio&hellip;<\/p>","protected":false},"author":1,"featured_media":40482,"comment_status":"closed","ping_status":"open","sticky":false,"template":"","format":"standard","meta":{"content-type":"","footnotes":""},"categories":[16],"tags":[123,2448,5313,1267],"class_list":["post-40481","post","type-post","status-publish","format-standard","has-post-thumbnail","hentry","category-noticias","tag-brasil","tag-diario","tag-noticia","tag-noticias"],"_links":{"self":[{"href":"https:\/\/tvbrazilusa.com\/pt\/wp-json\/wp\/v2\/posts\/40481","targetHints":{"allow":["GET"]}}],"collection":[{"href":"https:\/\/tvbrazilusa.com\/pt\/wp-json\/wp\/v2\/posts"}],"about":[{"href":"https:\/\/tvbrazilusa.com\/pt\/wp-json\/wp\/v2\/types\/post"}],"author":[{"embeddable":true,"href":"https:\/\/tvbrazilusa.com\/pt\/wp-json\/wp\/v2\/users\/1"}],"replies":[{"embeddable":true,"href":"https:\/\/tvbrazilusa.com\/pt\/wp-json\/wp\/v2\/comments?post=40481"}],"version-history":[{"count":1,"href":"https:\/\/tvbrazilusa.com\/pt\/wp-json\/wp\/v2\/posts\/40481\/revisions"}],"predecessor-version":[{"id":40483,"href":"https:\/\/tvbrazilusa.com\/pt\/wp-json\/wp\/v2\/posts\/40481\/revisions\/40483"}],"wp:featuredmedia":[{"embeddable":true,"href":"https:\/\/tvbrazilusa.com\/pt\/wp-json\/wp\/v2\/media\/40482"}],"wp:attachment":[{"href":"https:\/\/tvbrazilusa.com\/pt\/wp-json\/wp\/v2\/media?parent=40481"}],"wp:term":[{"taxonomy":"category","embeddable":true,"href":"https:\/\/tvbrazilusa.com\/pt\/wp-json\/wp\/v2\/categories?post=40481"},{"taxonomy":"post_tag","embeddable":true,"href":"https:\/\/tvbrazilusa.com\/pt\/wp-json\/wp\/v2\/tags?post=40481"}],"curies":[{"name":"wp","href":"https:\/\/api.w.org\/{rel}","templated":true}]}}