{"id":40484,"date":"2024-09-22T16:21:19","date_gmt":"2024-09-22T16:21:19","guid":{"rendered":"https:\/\/tvbrazilusa.com\/2024\/09\/22\/o-governador-ned-lamont-fala-com-dennis-house-no-the-big-e-sobre-contas-de-luz-excesso-de-velocidade-e-2026\/"},"modified":"2024-09-22T16:41:44","modified_gmt":"2024-09-22T16:41:44","slug":"o-governador-ned-lamont-fala-com-dennis-house-no-the-big-e-sobre-contas-de-luz-excesso-de-velocidade-e-2026","status":"publish","type":"post","link":"https:\/\/tvbrazilusa.com\/pt\/2024\/09\/22\/o-governador-ned-lamont-fala-com-dennis-house-no-the-big-e-sobre-contas-de-luz-excesso-de-velocidade-e-2026\/","title":{"rendered":"O governador Ned Lamont fala com Dennis House no The Big E sobre contas de luz, excesso de velocidade e 2026"},"content":{"rendered":"<script async src=\"https:\/\/pagead2.googlesyndication.com\/pagead\/js\/adsbygoogle.js?client=ca-pub-8864793242727901\"\r\n     crossorigin=\"anonymous\"><\/script>\n<p>WEST SPRINGFIELD, Mass. (WTNH) \u2014 O governador Ned Lamont (D-Conn.) caminhou pelo Connecticut Day no The Big E com Dennis House para ver as ofertas locais. Eles tamb\u00e9m falaram sobre contas de luz, EVs, excesso de velocidade, turismo em Connecticut e se ele concorrer\u00e1 a um terceiro mandato em 2026.<\/p>\n<p>Assista ao v\u00eddeo acima.<\/p>\n<div class=\"nlp-ignore-block article-content rich-text\">\n<section class=\"article-list article-list--link_group\">\n<div class=\"article-list__content\">\n<h2 class=\"article-list__label\">ESTA SEMANA EM CONNECTICUT<\/h2>\n<div class=\"article-list__triangle\"><\/div>\n<section class=\"article-list article-list--headline-one-col article-list--link-group\">\n<div class=\"article-list__content\" data-module-type=\"no-title\">\n<article class=\"article-list__article\" data-article-id=\"1969746\" data-context=\"link_group\" data-index=\"0\" data-collection=\"article-list1\" data-anvato-params=\"{\"pauseontabinactive\":false}\">\n\t\t\t<!-- Next line is not the perfect\/ideal way to control hiding the items. Can revisit later. --><\/p>\n<div class=\"article-list__article-text\" data-context=\"link_group\" data-article-list-id=\"article-list1\" data-article-text-classes=\"article-list__article-text\" data-article-thumb-classes=\"article-list__article-thumb\" data-current-image-context=\"[\"16:9\",\"(max-width: 1023px) 50vw, 876px\"]\">\n<p>\t\t\t\t<a class=\"article-list__gradient-link\" href=\"https:\/\/www.wtnh.com\/on-air\/thisweekinconnecticut\/gov-ned-lamont-talks-with-dennis-house-at-the-big-e-about-electric-bills-speeders-and-2026\/\" data-link-type=\"content-link\" data-link-position=\"1\" data-link-pinned=\"false\" data-link-label=\"Gov. Ned Lamont talks with\u00a0Dennis\u00a0House\u00a0at The Big E about electric bills, speeders and 2026\"><br \/>\n\t\t<\/a><\/p>\n<h2 class=\"article-list__article-title\">\n\t\t\t\t\t\t\t\t\t\t\t\t\t<a href=\"https:\/\/www.wtnh.com\/on-air\/thisweekinconnecticut\/gov-ned-lamont-talks-with-dennis-house-at-the-big-e-about-electric-bills-speeders-and-2026\/\" class=\"article-list__article-link\" data-link-type=\"content-link\" data-link-position=\"1\" data-link-pinned=\"false\" data-link-label=\"Gov. Ned Lamont talks with\u00a0Dennis\u00a0House\u00a0at The Big E about electric bills, speeders and 2026\"><\/p>\n<p>\t\t\tLamont sobre contas de luz, excesso de velocidade e 2026<br \/>\n\t\t\t\t\t\t\t\t\t\t<\/a><br \/>\n\t\t\t\t\t<\/h2>\n<p><span aria-hidden=\"true\" class=\"article-list__article-mediaicon article-list__article-mediaicon--video\"><br \/>\n\t<span class=\"article-list__article-mediaicon-svg\"><\/p>\n<p>\t\t.cls-3{preenchimento:#fff;regra-de-preenchimento:evenodd}<br \/>\n\t<\/span><br \/>\n\t<\/span>\n\t<\/div>\n<\/article>\n<article class=\"article-list__article\" data-article-id=\"1969771\" data-context=\"link_group\" data-index=\"1\" data-collection=\"article-list1\" data-anvato-params=\"{\"pauseontabinactive\":false}\">\n\t\t\t<!-- Next line is not the perfect\/ideal way to control hiding the items. Can revisit later. --><\/p>\n<div class=\"article-list__article-text\" data-context=\"link_group\" data-article-list-id=\"article-list1\" data-article-text-classes=\"article-list__article-text\" data-article-thumb-classes=\"article-list__article-thumb\" data-current-image-context=\"[\"16:9\",\"(max-width: 1023px) 50vw, 876px\"]\">\n<p>\t\t\t\t<a class=\"article-list__gradient-link\" href=\"https:\/\/www.wtnh.com\/on-air\/thisweekinconnecticut\/should-connecticut-have-no-excuses-absentee-voting\/\" data-link-type=\"content-link\" data-link-position=\"2\" data-link-pinned=\"false\" data-link-label=\"Should Connecticut have \u2018no excuses\u2019 absentee voting?\"><br \/>\n\t\t<\/a><\/p>\n<h2 class=\"article-list__article-title\">\n\t\t\t\t\t\t\t\t\t\t\t\t\t<a href=\"https:\/\/www.wtnh.com\/on-air\/thisweekinconnecticut\/should-connecticut-have-no-excuses-absentee-voting\/\" class=\"article-list__article-link\" data-link-type=\"content-link\" data-link-position=\"2\" data-link-pinned=\"false\" data-link-label=\"Should Connecticut have \u2018no excuses\u2019 absentee voting?\"><\/p>\n<p>\t\t\tConnecticut deveria ter vota\u00e7\u00e3o ausente &#8220;sem desculpas&#8221;?<br \/>\n\t\t\t\t\t\t\t\t\t\t<\/a><br \/>\n\t\t\t\t\t<\/h2>\n<p><span aria-hidden=\"true\" class=\"article-list__article-mediaicon article-list__article-mediaicon--video\"><br \/>\n\t<span class=\"article-list__article-mediaicon-svg\"><\/p>\n<p>\t\t.cls-3{preenchimento:#fff;regra-de-preenchimento:evenodd}<br \/>\n\t<\/span><br \/>\n\t<\/span>\n\t<\/div>\n<\/article>\n<article class=\"article-list__article\" data-article-id=\"1969760\" data-context=\"link_group\" data-index=\"2\" data-collection=\"article-list1\" data-anvato-params=\"{\"pauseontabinactive\":false}\">\n\t\t\t<!-- Next line is not the perfect\/ideal way to control hiding the items. Can revisit later. --><\/p>\n<div class=\"article-list__article-text\" data-context=\"link_group\" data-article-list-id=\"article-list1\" data-article-text-classes=\"article-list__article-text\" data-article-thumb-classes=\"article-list__article-thumb\" data-current-image-context=\"[\"16:9\",\"(max-width: 1023px) 50vw, 876px\"]\">\n<p>\t\t\t\t<a class=\"article-list__gradient-link\" href=\"https:\/\/www.wtnh.com\/on-air\/thisweekinconnecticut\/ann-nyberg-on-her-quest-to-protect-newborn-babies-from-a-debilitating-virus\/\" data-link-type=\"content-link\" data-link-position=\"3\" data-link-pinned=\"false\" data-link-label=\"Ann Nyberg on her quest to protect newborn babies from a debilitating virus\"><br \/>\n\t\t<\/a><\/p>\n<h2 class=\"article-list__article-title\">\n\t\t\t\t\t\t\t\t\t\t\t\t\t<a href=\"https:\/\/www.wtnh.com\/on-air\/thisweekinconnecticut\/ann-nyberg-on-her-quest-to-protect-newborn-babies-from-a-debilitating-virus\/\" class=\"article-list__article-link\" data-link-type=\"content-link\" data-link-position=\"3\" data-link-pinned=\"false\" data-link-label=\"Ann Nyberg on her quest to protect newborn babies from a debilitating virus\"><\/p>\n<p>\t\t\tAnn Nyberg em sua busca para proteger rec\u00e9m-nascidos do CMV<br \/>\n\t\t\t\t\t\t\t\t\t\t<\/a><br \/>\n\t\t\t\t\t<\/h2>\n<p><span aria-hidden=\"true\" class=\"article-list__article-mediaicon article-list__article-mediaicon--video\"><br \/>\n\t<span class=\"article-list__article-mediaicon-svg\"><\/p>\n<p>\t\t.cls-3{preenchimento:#fff;regra-de-preenchimento:evenodd}<br \/>\n\t<\/span><br \/>\n\t<\/span>\n\t<\/div>\n<\/article>\n<article class=\"article-list__article\" data-article-id=\"1969755\" data-context=\"link_group\" data-index=\"3\" data-collection=\"article-list1\" data-anvato-params=\"{\"pauseontabinactive\":false}\">\n\t\t\t<!-- Next line is not the perfect\/ideal way to control hiding the items. Can revisit later. --><\/p>\n<div class=\"article-list__article-text\" data-context=\"link_group\" data-article-list-id=\"article-list1\" data-article-text-classes=\"article-list__article-text\" data-article-thumb-classes=\"article-list__article-thumb\" data-current-image-context=\"[\"16:9\",\"(max-width: 1023px) 50vw, 876px\"]\">\n<p>\t\t\t\t<a class=\"article-list__gradient-link\" href=\"https:\/\/www.wtnh.com\/on-air\/thisweekinconnecticut\/connecticut-tv-stations-come-together-for-a-great-cause\/\" data-link-type=\"content-link\" data-link-position=\"4\" data-link-pinned=\"false\" data-link-label=\"Connecticut TV stations come together for a great cause\"><br \/>\n\t\t<\/a><\/p>\n<h2 class=\"article-list__article-title\">\n\t\t\t\t\t\t\t\t\t\t\t\t\t<a href=\"https:\/\/www.wtnh.com\/on-air\/thisweekinconnecticut\/connecticut-tv-stations-come-together-for-a-great-cause\/\" class=\"article-list__article-link\" data-link-type=\"content-link\" data-link-position=\"4\" data-link-pinned=\"false\" data-link-label=\"Connecticut TV stations come together for a great cause\"><\/p>\n<p>\t\t\tAs esta\u00e7\u00f5es de TV de Connecticut se unem por uma grande causa<br \/>\n\t\t\t\t\t\t\t\t\t\t<\/a><br \/>\n\t\t\t\t\t<\/h2>\n<p><span aria-hidden=\"true\" class=\"article-list__article-mediaicon article-list__article-mediaicon--video\"><br \/>\n\t<span class=\"article-list__article-mediaicon-svg\"><\/p>\n<p>\t\t.cls-3{preenchimento:#fff;regra-de-preenchimento:evenodd}<br \/>\n\t<\/span><br \/>\n\t<\/span>\n\t<\/div>\n<\/article>\n<article class=\"article-list__article\" data-article-id=\"1962135\" data-context=\"link_group\" data-index=\"4\" data-collection=\"article-list1\" data-anvato-params=\"{\"pauseontabinactive\":false}\">\n\t\t\t<!-- Next line is not the perfect\/ideal way to control hiding the items. Can revisit later. --><\/p>\n<div class=\"article-list__article-text\" data-context=\"link_group\" data-article-list-id=\"article-list1\" data-article-text-classes=\"article-list__article-text\" data-article-thumb-classes=\"article-list__article-thumb\" data-current-image-context=\"[\"16:9\",\"(max-width: 1023px) 50vw, 876px\"]\">\n<p>\t\t\t\t<a class=\"article-list__gradient-link\" href=\"https:\/\/www.wtnh.com\/on-air\/thisweekinconnecticut\/connecticut-republicans-havent-won-a-senate-race-in-42-years-can-corey-snap-the-losing-streak\/\" data-link-type=\"content-link\" data-link-position=\"5\" data-link-pinned=\"false\" data-link-label=\"Connecticut Republicans haven\u2019t won a senate race in 42 years. Can Corey snap the losing streak?\"><br \/>\n\t\t<\/a><\/p>\n<h2 class=\"article-list__article-title\">\n\t\t\t\t\t\t\t\t\t\t\t\t\t<a href=\"https:\/\/www.wtnh.com\/on-air\/thisweekinconnecticut\/connecticut-republicans-havent-won-a-senate-race-in-42-years-can-corey-snap-the-losing-streak\/\" class=\"article-list__article-link\" data-link-type=\"content-link\" data-link-position=\"5\" data-link-pinned=\"false\" data-link-label=\"Connecticut Republicans haven\u2019t won a senate race in 42 years. Can Corey snap the losing streak?\"><\/p>\n<p>\t\t\tOs republicanos de CT n\u00e3o vencem a corrida para o senado h\u00e1 42 anos. Corey pode quebrar a sequ\u00eancia de derrotas?<br \/>\n\t\t\t\t\t\t\t\t\t\t<\/a><br \/>\n\t\t\t\t\t<\/h2>\n<p><span aria-hidden=\"true\" class=\"article-list__article-mediaicon article-list__article-mediaicon--video\"><br \/>\n\t<span class=\"article-list__article-mediaicon-svg\"><\/p>\n<p>\t\t.cls-3{preenchimento:#fff;regra-de-preenchimento:evenodd}<br \/>\n\t<\/span><br \/>\n\t<\/span>\n\t<\/div>\n<\/article>\n<article class=\"article-list__article\" data-article-id=\"1962133\" data-context=\"link_group\" data-index=\"5\" data-collection=\"article-list1\" data-anvato-params=\"{\"pauseontabinactive\":false}\">\n\t\t\t<!-- Next line is not the perfect\/ideal way to control hiding the items. Can revisit later. --><\/p>\n<div class=\"article-list__article-text\" data-context=\"link_group\" data-article-list-id=\"article-list1\" data-article-text-classes=\"article-list__article-text\" data-article-thumb-classes=\"article-list__article-thumb\" data-current-image-context=\"[\"16:9\",\"(max-width: 1023px) 50vw, 876px\"]\">\n<p>\t\t\t\t<a class=\"article-list__gradient-link\" href=\"https:\/\/www.wtnh.com\/on-air\/thisweekinconnecticut\/wethersfield-italian-mama-stars-in-willie-pep-film\/\" data-link-type=\"content-link\" data-link-position=\"6\" data-link-pinned=\"false\" data-link-label=\"Wethersfield \u2018Italian Mama\u2019 stars in Willie Pep film\"><br \/>\n\t\t<\/a><\/p>\n<h2 class=\"article-list__article-title\">\n\t\t\t\t\t\t\t\t\t\t\t\t\t<a href=\"https:\/\/www.wtnh.com\/on-air\/thisweekinconnecticut\/wethersfield-italian-mama-stars-in-willie-pep-film\/\" class=\"article-list__article-link\" data-link-type=\"content-link\" data-link-position=\"6\" data-link-pinned=\"false\" data-link-label=\"Wethersfield \u2018Italian Mama\u2019 stars in Willie Pep film\"><\/p>\n<p>\t\t\tWethersfield &#8216;Italian Mama&#8217; estrela filme de Willie Pep<br \/>\n\t\t\t\t\t\t\t\t\t\t<\/a><br \/>\n\t\t\t\t\t<\/h2>\n<p><span aria-hidden=\"true\" class=\"article-list__article-mediaicon article-list__article-mediaicon--video\"><br \/>\n\t<span class=\"article-list__article-mediaicon-svg\"><\/p>\n<p>\t\t.cls-3{preenchimento:#fff;regra-de-preenchimento:evenodd}<br \/>\n\t<\/span><br \/>\n\t<\/span>\n\t<\/div>\n<\/article>\n<\/div>\n<\/section><\/div>\n<\/section>\n<\/div>\n<p><br \/>\n<br \/><a href=\"https:\/\/www.wtnh.com\/on-air\/thisweekinconnecticut\/gov-ned-lamont-talks-with-dennis-house-at-the-big-e-about-electric-bills-speeders-and-2026\/\">Source link <\/a><\/p>","protected":false},"excerpt":{"rendered":"<p>WEST SPRINGFIELD, Mass. (WTNH) \u2014 O governador Ned Lamont (D-Conn.) caminhou pelo Connecticut Day no The Big E com Dennis House para ver as ofertas locais. Eles tamb\u00e9m falaram sobre&hellip;<\/p>","protected":false},"author":1,"featured_media":40485,"comment_status":"closed","ping_status":"open","sticky":false,"template":"","format":"standard","meta":{"content-type":"","footnotes":""},"categories":[1],"tags":[],"class_list":["post-40484","post","type-post","status-publish","format-standard","has-post-thumbnail","hentry","category-uncategorized"],"_links":{"self":[{"href":"https:\/\/tvbrazilusa.com\/pt\/wp-json\/wp\/v2\/posts\/40484","targetHints":{"allow":["GET"]}}],"collection":[{"href":"https:\/\/tvbrazilusa.com\/pt\/wp-json\/wp\/v2\/posts"}],"about":[{"href":"https:\/\/tvbrazilusa.com\/pt\/wp-json\/wp\/v2\/types\/post"}],"author":[{"embeddable":true,"href":"https:\/\/tvbrazilusa.com\/pt\/wp-json\/wp\/v2\/users\/1"}],"replies":[{"embeddable":true,"href":"https:\/\/tvbrazilusa.com\/pt\/wp-json\/wp\/v2\/comments?post=40484"}],"version-history":[{"count":1,"href":"https:\/\/tvbrazilusa.com\/pt\/wp-json\/wp\/v2\/posts\/40484\/revisions"}],"predecessor-version":[{"id":40486,"href":"https:\/\/tvbrazilusa.com\/pt\/wp-json\/wp\/v2\/posts\/40484\/revisions\/40486"}],"wp:featuredmedia":[{"embeddable":true,"href":"https:\/\/tvbrazilusa.com\/pt\/wp-json\/wp\/v2\/media\/40485"}],"wp:attachment":[{"href":"https:\/\/tvbrazilusa.com\/pt\/wp-json\/wp\/v2\/media?parent=40484"}],"wp:term":[{"taxonomy":"category","embeddable":true,"href":"https:\/\/tvbrazilusa.com\/pt\/wp-json\/wp\/v2\/categories?post=40484"},{"taxonomy":"post_tag","embeddable":true,"href":"https:\/\/tvbrazilusa.com\/pt\/wp-json\/wp\/v2\/tags?post=40484"}],"curies":[{"name":"wp","href":"https:\/\/api.w.org\/{rel}","templated":true}]}}