{"id":40490,"date":"2024-09-22T16:57:04","date_gmt":"2024-09-22T16:57:04","guid":{"rendered":"https:\/\/tvbrazilusa.com\/2024\/09\/22\/bolsonaro-afirma-que-pt-esta-unido-com-alexandre-de-moraes-paulo-figueiredo\/"},"modified":"2024-09-22T16:58:50","modified_gmt":"2024-09-22T16:58:50","slug":"bolsonaro-afirma-que-pt-esta-unido-com-alexandre-de-moraes-paulo-figueiredo","status":"publish","type":"post","link":"https:\/\/tvbrazilusa.com\/pt\/2024\/09\/22\/bolsonaro-afirma-que-pt-esta-unido-com-alexandre-de-moraes-paulo-figueiredo\/","title":{"rendered":"Bolsonaro afirma que \u2018PT est\u00e1 unido com Alexandre de Moraes\u2019 &#8211; Paulo Figueiredo"},"content":{"rendered":"<p> <script async src=\"https:\/\/pagead2.googlesyndication.com\/pagead\/js\/adsbygoogle.js?client=ca-pub-8864793242727901\"\r\n     crossorigin=\"anonymous\"><\/script><br \/>\n<\/p>\n<div id=\"wtr-content\" data-bg=\"#FFFFFF\" data-fg=\"#006d91\" data-width=\"25\" data-mute=\"1\" data-fgopacity=\"1.00\" data-mutedopacity=\"0.5\" data-placement=\"bottom\" data-placement-offset=\"0\" data-content-offset=\"262\" data-placement-touch=\"bottom\" data-placement-offset-touch=\"0\" data-transparent=\"\" data-shadow=\"0\" data-touch=\"1\" data-non-touch=\"1\" data-comments=\"0\" data-commentsbg=\"transparent\" data-location=\"page\" data-mutedfg=\"#006d91\" data-endfg=\"#006d91\" data-rtl=\"\">\n<pre class=\"wp-block-preformatted has-small-font-size\">Foto - Marcello Casal Jr.\/Ag\u00eancia Brasil.<\/pre>\n<h3 class=\"wp-block-heading\">Ex-presidente ainda afirma que Lula quer dizer que quem \u2018tocou fogo no Brasil foi o Malafaia\u2019 e que \u2018tudo \u00e9 culpa dos bolsonaristas\u2019<\/h3>\n<p>O ex-presidente Jair Bolsonaro (PL) afirmou, em entrevista \u00e0 r\u00e1dio AuriVerde Brasil nesta sexta-feira, 20, que o \u201cPT est\u00e1, sim, unido\u201d com o ministro do Supremo Tribunal Federal (STF)\u00a0<strong>Alexandre de Moraes<\/strong>. Disse que n\u00e3o \u201cpodemos deixar a esquerda crescer\u201d.<\/p>\n<p>\u201cEu, quando presidente, tinha pelo menos uma a\u00e7\u00e3o contra mim\u201d, declarou Bolsonaro. \u201cAponte uma a\u00e7\u00e3o de algu\u00e9m do Supremo contra o Lula. Tem exatamente o contr\u00e1rio, sempre favor\u00e1vel. Como o Fl\u00e1vio Dino agora diz que o Lula pode gastar a vontade fora do previsto no Or\u00e7amento para combater a queimada.\u201d<\/p>\n<p>Bolsonaro ainda disse que o presidente da Rep\u00fablica, Luiz In\u00e1cio Lula da Silva, quer \u201cdizer agora que quem tocou fogo no Brasil foi o Malafaia, porque na Paulista ele disse: \u2018Vamos incendiar o Brasil\u2019 e \u2018Vamos tacar fogo no Brasil\u2019\u201d.\u00a0<\/p>\n<p>\u201cUma figura de linguagem\u201d, garantiu o presidente de honra do PL. \u201cUma acusa\u00e7\u00e3o barata dessas? Acusando bolsonarista para tudo? N\u00f3s somos perseguidos o tempo todo.\u201d<\/p>\n<h3 class=\"wp-block-heading\"><strong>Bolsonaro acusa Moraes de censura<\/strong><\/h3>\n<p>Em entrevista, o ex-presidente Bolsonaro voltou a tecer cr\u00edticas \u00e0 atua\u00e7\u00e3o de Alexandre de Moraes no STF. Afirmou que o magistrado comete \u201ccensura\u201d e tem o \u201cprazer em prender\u201d.<\/p>\n<p>\u201cN\u00e3o podemos viver com tanta censura no Brasil\u201d, disse. \u201cCom a censura de uma pessoa que censura e depois fica amea\u00e7ando: \u2018Vou te prender\u2019. O prazer dele \u00e9 prender.\u201d<\/p>\n<p>Sobre a continuidade da suspens\u00e3o do Twitter\/X no Brasil, Bolsonaro disse que essa decis\u00e3o tamb\u00e9m \u00e9 uma forma de censura.\u00a0<\/p>\n<p>\u201cN\u00e3o podemos abrir m\u00e3o dessas redes sociais, que n\u00e3o interferem s\u00f3 na vida dos nossos cidad\u00e3os, mas na economia do nosso pa\u00eds. Estamos sendo v\u00edtimas de chacota fora do Brasil\u201d, destacou.<\/p>\n<p>O ex-chefe do Executivo ainda falou sobre as pris\u00f5es e condena\u00e7\u00f5es de Moraes aos presos pelo 8 de janeiro de 2023, em que h\u00e1 \u201cmuitos idosos, m\u00e3es com filhos pequenos, que chamo de \u2018\u00f3rf\u00e3os de pais vivos\u2019\u201d, que continuam encarcerados.\u00a0<\/p>\n<p><strong><a href=\"https:\/\/revistaoeste.com\/politica\/bolsonaro-afirma-que-pt-esta-unido-com-alexandre-de-moraes\/?utm_campaign&#038;utm_term\">Source link<\/a><\/strong><\/p>\n<\/div>\n<p><br \/>\n<br \/><a href=\"https:\/\/paulofigueiredoshow.com\/bolsonaro-afirma-que-pt-esta-unido-com-alexandre-de-moraes\/\">Source link <\/a><\/p>","protected":false},"excerpt":{"rendered":"<p>Foto &#8211; Marcello Casal Jr.\/Ag\u00eancia Brasil. Ex-presidente ainda afirma que Lula quer dizer que quem \u2018tocou fogo no Brasil foi o Malafaia\u2019 e que \u2018tudo \u00e9 culpa dos bolsonaristas\u2019 O&hellip;<\/p>","protected":false},"author":1,"featured_media":16109,"comment_status":"closed","ping_status":"open","sticky":false,"template":"","format":"standard","meta":{"content-type":"","footnotes":""},"categories":[16],"tags":[136,495,336,89,425,1378,871,4317],"class_list":["post-40490","post","type-post","status-publish","format-standard","has-post-thumbnail","hentry","category-noticias","tag-bolsonaro","tag-censura","tag-governo","tag-lula","tag-moraes","tag-pt","tag-stf","tag-unidos"],"_links":{"self":[{"href":"https:\/\/tvbrazilusa.com\/pt\/wp-json\/wp\/v2\/posts\/40490","targetHints":{"allow":["GET"]}}],"collection":[{"href":"https:\/\/tvbrazilusa.com\/pt\/wp-json\/wp\/v2\/posts"}],"about":[{"href":"https:\/\/tvbrazilusa.com\/pt\/wp-json\/wp\/v2\/types\/post"}],"author":[{"embeddable":true,"href":"https:\/\/tvbrazilusa.com\/pt\/wp-json\/wp\/v2\/users\/1"}],"replies":[{"embeddable":true,"href":"https:\/\/tvbrazilusa.com\/pt\/wp-json\/wp\/v2\/comments?post=40490"}],"version-history":[{"count":1,"href":"https:\/\/tvbrazilusa.com\/pt\/wp-json\/wp\/v2\/posts\/40490\/revisions"}],"predecessor-version":[{"id":40491,"href":"https:\/\/tvbrazilusa.com\/pt\/wp-json\/wp\/v2\/posts\/40490\/revisions\/40491"}],"wp:featuredmedia":[{"embeddable":true,"href":"https:\/\/tvbrazilusa.com\/pt\/wp-json\/wp\/v2\/media\/16109"}],"wp:attachment":[{"href":"https:\/\/tvbrazilusa.com\/pt\/wp-json\/wp\/v2\/media?parent=40490"}],"wp:term":[{"taxonomy":"category","embeddable":true,"href":"https:\/\/tvbrazilusa.com\/pt\/wp-json\/wp\/v2\/categories?post=40490"},{"taxonomy":"post_tag","embeddable":true,"href":"https:\/\/tvbrazilusa.com\/pt\/wp-json\/wp\/v2\/tags?post=40490"}],"curies":[{"name":"wp","href":"https:\/\/api.w.org\/{rel}","templated":true}]}}