{"id":40498,"date":"2024-09-22T17:13:54","date_gmt":"2024-09-22T17:13:54","guid":{"rendered":"https:\/\/tvbrazilusa.com\/2024\/09\/22\/em-discurso-o-ex-presidente-bolsonaro-se-diz-confiante-para-2026-confio-que-em-2026-alguem-conservador-de-direita-de-verdade-voltara-a-frente-dos-destinos-desta-grande-nacao\/"},"modified":"2024-09-22T17:13:55","modified_gmt":"2024-09-22T17:13:55","slug":"em-discurso-o-ex-presidente-bolsonaro-se-diz-confiante-para-2026-confio-que-em-2026-alguem-conservador-de-direita-de-verdade-voltara-a-frente-dos-destinos-desta-grande-nacao","status":"publish","type":"post","link":"https:\/\/tvbrazilusa.com\/pt\/2024\/09\/22\/em-discurso-o-ex-presidente-bolsonaro-se-diz-confiante-para-2026-confio-que-em-2026-alguem-conservador-de-direita-de-verdade-voltara-a-frente-dos-destinos-desta-grande-nacao\/","title":{"rendered":"Em discurso, o ex-presidente Bolsonaro se diz confiante para 2026: &#8216;Confio que em 2026 algu\u00e9m conservador, de direita de verdade, voltar\u00e1 \u00e0 frente dos destinos desta grande na\u00e7\u00e3o&#8217;"},"content":{"rendered":"<p> <script async src=\"https:\/\/pagead2.googlesyndication.com\/pagead\/js\/adsbygoogle.js?client=ca-pub-8864793242727901\"\r\n     crossorigin=\"anonymous\"><\/script><br \/>\n<\/p>\n<div id=\"taboola-read-more\" style=\"display:block; width:100%\">\n<p>O ex-presidente Jair Bolsonaro (PL) disse neste s\u00e1bado (21.set.2024) \u201cconfiar\u201d que o Brasil eleger\u00e1 um presidente de direita em 2026, quando ser\u00e3o realizadas as pr\u00f3ximas elei\u00e7\u00f5es gerais.\n<\/p>\n<p>\u201cConfio que em 2026 algu\u00e9m conservador, de direita de verdade, voltar\u00e1 \u00e0 frente dos destinos dessa grande na\u00e7\u00e3o. A maioria da nossa popula\u00e7\u00e3o \u00e9 de direita, conservadora e respons\u00e1vel. Essa minoria de esquerda com o tempo vai ficando para tr\u00e1s, eles n\u00e3o t\u00eam nada para nos mostrar de exemplo\u201d, declarou Bolsonaro durante ato em apoio \u00e0 candidatura de Ricardo Guidi (PL) para a Prefeitura de Crici\u00fama (SC).<\/p>\n<p>A fala se deu em cr\u00edtica ao governo do presidente Luiz In\u00e1cio Lula da Silva (PT). Segundo ele, a popula\u00e7\u00e3o e o Congresso est\u00e3o tomando consci\u00eancia \u201cdo que est\u00e1 acontecendo\u201d e exigindo uma mudan\u00e7a, o que resultaria na vit\u00f3ria de um governo de direita.\n<\/p>\n<p>Fonte: Poder360 <\/p>\n<\/div>\n<p><br \/>\n<br \/><a href=\"https:\/\/diariodobrasilnoticias.com.br\/noticia\/em-discurso-o-ex-presidente-bolsonaro-se-diz-confiante-para-2026-confio-que-em-2026-alguem-conservador-de-direita-de-verdade-voltara-a-frente-dos-destinos-desta-grande-nacao-66f025f0688ee\">Source link <\/a><\/p>","protected":false},"excerpt":{"rendered":"<p>O ex-presidente Jair Bolsonaro (PL) disse neste s\u00e1bado (21.set.2024) \u201cconfiar\u201d que o Brasil eleger\u00e1 um presidente de direita em 2026, quando ser\u00e3o realizadas as pr\u00f3ximas elei\u00e7\u00f5es gerais. \u201cConfio que em&hellip;<\/p>","protected":false},"author":1,"featured_media":40499,"comment_status":"closed","ping_status":"open","sticky":false,"template":"","format":"standard","meta":{"content-type":"","footnotes":""},"categories":[16],"tags":[123,2448,5313,1267],"class_list":["post-40498","post","type-post","status-publish","format-standard","has-post-thumbnail","hentry","category-noticias","tag-brasil","tag-diario","tag-noticia","tag-noticias"],"_links":{"self":[{"href":"https:\/\/tvbrazilusa.com\/pt\/wp-json\/wp\/v2\/posts\/40498","targetHints":{"allow":["GET"]}}],"collection":[{"href":"https:\/\/tvbrazilusa.com\/pt\/wp-json\/wp\/v2\/posts"}],"about":[{"href":"https:\/\/tvbrazilusa.com\/pt\/wp-json\/wp\/v2\/types\/post"}],"author":[{"embeddable":true,"href":"https:\/\/tvbrazilusa.com\/pt\/wp-json\/wp\/v2\/users\/1"}],"replies":[{"embeddable":true,"href":"https:\/\/tvbrazilusa.com\/pt\/wp-json\/wp\/v2\/comments?post=40498"}],"version-history":[{"count":1,"href":"https:\/\/tvbrazilusa.com\/pt\/wp-json\/wp\/v2\/posts\/40498\/revisions"}],"predecessor-version":[{"id":40500,"href":"https:\/\/tvbrazilusa.com\/pt\/wp-json\/wp\/v2\/posts\/40498\/revisions\/40500"}],"wp:featuredmedia":[{"embeddable":true,"href":"https:\/\/tvbrazilusa.com\/pt\/wp-json\/wp\/v2\/media\/40499"}],"wp:attachment":[{"href":"https:\/\/tvbrazilusa.com\/pt\/wp-json\/wp\/v2\/media?parent=40498"}],"wp:term":[{"taxonomy":"category","embeddable":true,"href":"https:\/\/tvbrazilusa.com\/pt\/wp-json\/wp\/v2\/categories?post=40498"},{"taxonomy":"post_tag","embeddable":true,"href":"https:\/\/tvbrazilusa.com\/pt\/wp-json\/wp\/v2\/tags?post=40498"}],"curies":[{"name":"wp","href":"https:\/\/api.w.org\/{rel}","templated":true}]}}