{"id":40518,"date":"2024-09-22T18:18:48","date_gmt":"2024-09-22T18:18:48","guid":{"rendered":"https:\/\/tvbrazilusa.com\/2024\/09\/22\/escolas-de-bridgeport-prontas-para-retorno-seguro-apos-ameaca\/"},"modified":"2024-09-22T18:24:30","modified_gmt":"2024-09-22T18:24:30","slug":"escolas-de-bridgeport-prontas-para-retorno-seguro-apos-ameaca","status":"publish","type":"post","link":"https:\/\/tvbrazilusa.com\/pt\/2024\/09\/22\/escolas-de-bridgeport-prontas-para-retorno-seguro-apos-ameaca\/","title":{"rendered":"Escolas de Bridgeport prontas para retorno seguro ap\u00f3s amea\u00e7a"},"content":{"rendered":"<script async src=\"https:\/\/pagead2.googlesyndication.com\/pagead\/js\/adsbygoogle.js?client=ca-pub-8864793242727901\"\r\n     crossorigin=\"anonymous\"><\/script>\n<p>BRIDGEPORT, Conn. (WTNH) &#8211; As Escolas P\u00fablicas de Bridgeport est\u00e3o preparadas para reabrir na segunda-feira com o que dizem ser medidas abrangentes para garantir a seguran\u00e7a e o bem-estar de alunos e funcion\u00e1rios. Isso ocorre ap\u00f3s o fechamento de sexta-feira devido a uma amea\u00e7a na semana passada.<\/p>\n<p>De acordo com o gabinete do Superintendente, o distrito trabalhou em conjunto com a pol\u00edcia para investigar e fazer uma pris\u00e3o, mas ainda haver\u00e1 uma forte presen\u00e7a policial na escola na segunda-feira. Al\u00e9m disso, os protocolos de seguran\u00e7a existentes foram revisados \u200b\u200be ser\u00e3o refor\u00e7ados.<\/p>\n<p>CONTE\u00daDO RELEVADO:  <a href=\"https:\/\/www.wtnh.com\/news\/connecticut\/fairfield\/bridgeport-closes-all-public-schools-on-friday-after-social-media-threats\/\" data-type=\"post\" data-id=\"1967663\">Bridgeport fecha todas as escolas p\u00fablicas na sexta-feira ap\u00f3s amea\u00e7as nas redes sociais<\/a><\/p>\n<p>A superintendente Dra. Carmela Levy-David diz: &#8220;Estamos confiantes de que essas medidas proporcionar\u00e3o um ambiente seguro para nossos alunos retornarem \u00e0s suas atividades educacionais.&#8221;  <\/p>\n<p>Servi\u00e7os de aconselhamento e apoio estar\u00e3o dispon\u00edveis para alunos e funcion\u00e1rios que precisarem.<\/p>\n<p><br \/>\n<br \/><a href=\"https:\/\/www.wtnh.com\/news\/connecticut\/fairfield\/bridgeport-schools-ready-for-safe-return-following-threat\/\">Source link <\/a><\/p>","protected":false},"excerpt":{"rendered":"<p>BRIDGEPORT, Conn. (WTNH) &#8211; As Escolas P\u00fablicas de Bridgeport est\u00e3o preparadas para reabrir na segunda-feira com o que dizem ser medidas abrangentes para garantir a seguran\u00e7a e o bem-estar de&hellip;<\/p>","protected":false},"author":1,"featured_media":40519,"comment_status":"closed","ping_status":"open","sticky":false,"template":"","format":"standard","meta":{"content-type":"","footnotes":""},"categories":[1],"tags":[],"class_list":["post-40518","post","type-post","status-publish","format-standard","has-post-thumbnail","hentry","category-uncategorized"],"_links":{"self":[{"href":"https:\/\/tvbrazilusa.com\/pt\/wp-json\/wp\/v2\/posts\/40518","targetHints":{"allow":["GET"]}}],"collection":[{"href":"https:\/\/tvbrazilusa.com\/pt\/wp-json\/wp\/v2\/posts"}],"about":[{"href":"https:\/\/tvbrazilusa.com\/pt\/wp-json\/wp\/v2\/types\/post"}],"author":[{"embeddable":true,"href":"https:\/\/tvbrazilusa.com\/pt\/wp-json\/wp\/v2\/users\/1"}],"replies":[{"embeddable":true,"href":"https:\/\/tvbrazilusa.com\/pt\/wp-json\/wp\/v2\/comments?post=40518"}],"version-history":[{"count":1,"href":"https:\/\/tvbrazilusa.com\/pt\/wp-json\/wp\/v2\/posts\/40518\/revisions"}],"predecessor-version":[{"id":40520,"href":"https:\/\/tvbrazilusa.com\/pt\/wp-json\/wp\/v2\/posts\/40518\/revisions\/40520"}],"wp:featuredmedia":[{"embeddable":true,"href":"https:\/\/tvbrazilusa.com\/pt\/wp-json\/wp\/v2\/media\/40519"}],"wp:attachment":[{"href":"https:\/\/tvbrazilusa.com\/pt\/wp-json\/wp\/v2\/media?parent=40518"}],"wp:term":[{"taxonomy":"category","embeddable":true,"href":"https:\/\/tvbrazilusa.com\/pt\/wp-json\/wp\/v2\/categories?post=40518"},{"taxonomy":"post_tag","embeddable":true,"href":"https:\/\/tvbrazilusa.com\/pt\/wp-json\/wp\/v2\/tags?post=40518"}],"curies":[{"name":"wp","href":"https:\/\/api.w.org\/{rel}","templated":true}]}}