{"id":40532,"date":"2024-09-22T17:21:27","date_gmt":"2024-09-22T17:21:27","guid":{"rendered":"https:\/\/tvbrazilusa.com\/2024\/09\/22\/governo-lula-esconde-informacoes-sobre-viagem-de-janja-a-nova-york-paulo-figueiredo\/"},"modified":"2024-09-22T19:12:26","modified_gmt":"2024-09-22T19:12:26","slug":"governo-lula-esconde-informacoes-sobre-viagem-de-janja-a-nova-york-paulo-figueiredo","status":"publish","type":"post","link":"https:\/\/tvbrazilusa.com\/pt\/2024\/09\/22\/governo-lula-esconde-informacoes-sobre-viagem-de-janja-a-nova-york-paulo-figueiredo\/","title":{"rendered":"Governo Lula esconde informa\u00e7\u00f5es sobre viagem de Janja a Nova York &#8211; Paulo Figueiredo"},"content":{"rendered":"<p> <script async src=\"https:\/\/pagead2.googlesyndication.com\/pagead\/js\/adsbygoogle.js?client=ca-pub-8864793242727901\"\r\n     crossorigin=\"anonymous\"><\/script><br \/>\n<\/p>\n<div id=\"wtr-content\" data-bg=\"#FFFFFF\" data-fg=\"#006d91\" data-width=\"25\" data-mute=\"1\" data-fgopacity=\"1.00\" data-mutedopacity=\"0.5\" data-placement=\"bottom\" data-placement-offset=\"0\" data-content-offset=\"262\" data-placement-touch=\"bottom\" data-placement-offset-touch=\"0\" data-transparent=\"\" data-shadow=\"0\" data-touch=\"1\" data-non-touch=\"1\" data-comments=\"0\" data-commentsbg=\"transparent\" data-location=\"page\" data-mutedfg=\"#006d91\" data-endfg=\"#006d91\" data-rtl=\"\">\n<h3 class=\"wp-block-heading\">Primeira-dama esteve na cidade para participar de evento da ONU em mar\u00e7o e retornou para acompanhar o presidente<\/h3>\n<p>O governo do presidente Luiz In\u00e1cio Lula da Silva se recusou a fornecer informa\u00e7\u00f5es detalhadas sobre a viagem da primeira-dama, Ros\u00e2ngela Silva, conhecida como Janja, a Nova York (EUA), em mar\u00e7o deste ano. A<em>\u00a0Folha de S. Paulo\u00a0<\/em>solicitou dados sobre local de hospedagem, valores gastos e origem dos recursos por meio da Lei de Acesso \u00e0 Informa\u00e7\u00e3o (LAI), mas eles foram negados em tr\u00eas inst\u00e2ncias.<\/p>\n<p><strong>+ Leia mais not\u00edcias de\u00a0<a href=\"https:\/\/revistaoeste.com\/politica\" target=\"_blank\" rel=\"noreferrer noopener\">Pol\u00edtica<\/a>\u00a0em Oeste<\/strong><\/p>\n<p>Janja esteve em Nova York para participar de um evento da ONU em mar\u00e7o e retornou \u00e0 cidade para acompanhar Lula na Assembleia-Geral da ONU. A primeira-dama chegou alguns dias antes para cumprir \u201ccompromissos adicionais\u201d.<\/p>\n<p>A\u00a0<em>Folha\u00a0<\/em>solicitou informa\u00e7\u00f5es sobre a viagem desde 24 de abril, mas o \u00faltimo recurso est\u00e1 em an\u00e1lise pela Controladoria-Geral da Uni\u00e3o (CGU), que prorrogou o prazo para 1\u00ba de outubro, alegando \u201ccomplexidade da mat\u00e9ria\u201d.<\/p>\n<h3 class=\"wp-block-heading\" id=\"11843b43\"><a href=\"https:\/\/wainews-homolog.streamlit.app\/~\/+\/#11843b43\"\/>Participa\u00e7\u00e3o de Janja na ONU<\/h3>\n<p>Em mar\u00e7o, Janja integrou a comitiva brasileira do Minist\u00e9rio das Mulheres na 68\u00aa sess\u00e3o da Comiss\u00e3o sobre a Situa\u00e7\u00e3o da Mulher da ONU. Sua participa\u00e7\u00e3o foi publicada no\u00a0<em>Di\u00e1rio Oficial da Uni\u00e3o<\/em>. Os questionamentos da reportagem seguiram para v\u00e1rios minist\u00e9rios e para a assessoria da primeira-dama, mas ainda h\u00e1 lacunas sobre a viagem.<\/p>\n<p>A assessoria de Janja inicialmente informou que ela se hospedou na casa de terceiros, mas depois afirmou que ela ficou na resid\u00eancia oficial brasileira em Nova York. O Minist\u00e9rio das Mulheres informou, em resposta ao primeiro pedido de LAI, que Janja recebeu apenas passagens a\u00e9reas e seguro viagem, sem pagamento de di\u00e1rias para hospedagem e alimenta\u00e7\u00e3o.<\/p>\n<h3 class=\"wp-block-heading\" id=\"custos-da-viagem-e-respostas-do-governo\"><a href=\"https:\/\/wainews-homolog.streamlit.app\/~\/+\/#custos-da-viagem-e-respostas-do-governo\"\/>Custos da viagem de Janja e respostas do governo<\/h3>\n<p>O painel de viagens do governo indica que os trajetos de ida e volta entre Bras\u00edlia e Nova York custaram R$ 43,4 mil. A\u00a0<em>Folha\u00a0<\/em>fez um novo pedido via LAI ao Pal\u00e1cio do Planalto sobre hospedagem, fonte de recursos, valor total gasto e n\u00famero de servidores que a acompanharam.<\/p>\n<p>Inicialmente, o gabinete pessoal do presidente respondeu que o assunto caberia ao Minist\u00e9rio das Mulheres, o que foi considerado conclusivo, apesar de ser um procedimento incomum.<\/p>\n<p>Miriam Belchior, secret\u00e1ria-executiva da Casa Civil, negou o recurso. Ela argumentou que o Minist\u00e9rio das Mulheres j\u00e1 havia se manifestado, embora n\u00e3o tenha atendido ao pedido integralmente.<\/p>\n<p>Essa justificativa incluiu que Janja n\u00e3o recebeu di\u00e1rias do Minist\u00e9rio das Mulheres ou da Presid\u00eancia da Rep\u00fablica, mas \u00e9 poss\u00edvel que tenha usado outros mecanismos para cobrir despesas de viagens.<\/p>\n<h3 class=\"wp-block-heading\" id=\"3749206e\"><a href=\"https:\/\/wainews-homolog.streamlit.app\/~\/+\/#3749206e\"\/>Justificativas e seguran\u00e7a das autoridades<\/h3>\n<p>A secret\u00e1ria-executiva justificou a negativa citando a legisla\u00e7\u00e3o que prev\u00ea restri\u00e7\u00f5es na divulga\u00e7\u00e3o de informa\u00e7\u00f5es que possam comprometer a seguran\u00e7a de autoridades e seus familiares. O ministro-chefe do GSI, Marcos Antonio Amaro, tamb\u00e9m negou o terceiro recurso, ratificando a resposta anterior.<\/p>\n<p>sobre a recusa do Planalto em fornecer os dados, a Secretaria de Comunica\u00e7\u00e3o (Secom) afirmou que os questionamentos via LAI s\u00e3o respondidos dentro dos pr\u00f3prios processos. A Secom n\u00e3o respondeu diretamente aos pedidos sobre hospedagem e custos de viagem.<\/p>\n<h3 class=\"wp-block-heading\" id=\"a5f57f0e\"><a href=\"https:\/\/wainews-homolog.streamlit.app\/~\/+\/#a5f57f0e\"\/>Contradi\u00e7\u00f5es e transpar\u00eancia<\/h3>\n<p>A assessoria de Janja refor\u00e7ou que \u201cn\u00e3o houve custos com hospedagem\u201d pois \u201ca primeira-dama e seus assessores ficaram todos na resid\u00eancia oficial\u201d. Entretanto, n\u00e3o especificou em qual resid\u00eancia oficial, j\u00e1 que o Brasil tem dois chefes de postos diplom\u00e1ticos em Nova York, o c\u00f4nsul-geral e o chefe da miss\u00e3o junto \u00e0 ONU.<\/p>\n<p>A reportagem tamb\u00e9m procurou o Itamaraty e a representa\u00e7\u00e3o oficial do Brasil na ONU. O Minist\u00e9rio de Rela\u00e7\u00f5es Exteriores direcionou o questionamento para o Planalto, enquanto a representa\u00e7\u00e3o indicou que a equipe da Janja fosse contatada.<\/p>\n<h3 class=\"wp-block-heading\" id=\"70d7489d\"><a href=\"https:\/\/wainews-homolog.streamlit.app\/~\/+\/#70d7489d\"\/>Compara\u00e7\u00e3o com viagem a Paris<\/h3>\n<p>Por outro lado, o Planalto respondeu prontamente sobre a viagem de Janja a Paris, em julho, para eventos das Olimp\u00edadas. O \u00f3rg\u00e3o informou que ela se hospedou na resid\u00eancia oficial do embaixador brasileiro. Na ocasi\u00e3o, os membros da comitiva receberam apenas metade do valor da di\u00e1ria, conforme previsto para hospedagem em im\u00f3vel pertencente \u00e0 Uni\u00e3o.<\/p>\n<p>De acordo com o Portal da Transpar\u00eancia, pelo menos dois auxiliares receberam valores integrais das di\u00e1rias durante a viagem a Nova York, contradizendo a resposta anterior da assessoria de Janja. Um assessor recebeu cerca de R$ 13,7 mil por sete di\u00e1rias, enquanto outro recebeu R$ 21,8 mil por 11 di\u00e1rias.<\/p>\n<p>A Lei de Acesso \u00e0 Informa\u00e7\u00e3o \u00e9 uma ferramenta importante para garantir que os cidad\u00e3os possam acessar dados e informa\u00e7\u00f5es sobre a\u00e7\u00f5es governamentais, e a recusa em fornecer essas informa\u00e7\u00f5es pode ser um obst\u00e1culo \u00e0 transpar\u00eancia.<\/p>\n<p><strong><a href=\"https:\/\/revistaoeste.com\/politica\/governo-lula-esconde-informacoes-sobre-viagem-de-janja-a-nova-york\/\">Source link<\/a><\/strong><\/p>\n<\/div>\n<p><br \/>\n<br \/><a href=\"https:\/\/paulofigueiredoshow.com\/governo-lula-esconde-informacoes-sobre-viagem-de-janja-a-nova-york\/\">Source link <\/a><\/p>","protected":false},"excerpt":{"rendered":"<p>Primeira-dama esteve na cidade para participar de evento da ONU em mar\u00e7o e retornou para acompanhar o presidente O governo do presidente Luiz In\u00e1cio Lula da Silva se recusou a&hellip;<\/p>","protected":false},"author":1,"featured_media":40533,"comment_status":"closed","ping_status":"open","sticky":false,"template":"","format":"standard","meta":{"content-type":"","footnotes":""},"categories":[16],"tags":[592,336,89,17579,5304,1378,1082],"class_list":["post-40532","post","type-post","status-publish","format-standard","has-post-thumbnail","hentry","category-noticias","tag-eua","tag-governo","tag-lula","tag-ny","tag-onu","tag-pt","tag-viagem"],"_links":{"self":[{"href":"https:\/\/tvbrazilusa.com\/pt\/wp-json\/wp\/v2\/posts\/40532","targetHints":{"allow":["GET"]}}],"collection":[{"href":"https:\/\/tvbrazilusa.com\/pt\/wp-json\/wp\/v2\/posts"}],"about":[{"href":"https:\/\/tvbrazilusa.com\/pt\/wp-json\/wp\/v2\/types\/post"}],"author":[{"embeddable":true,"href":"https:\/\/tvbrazilusa.com\/pt\/wp-json\/wp\/v2\/users\/1"}],"replies":[{"embeddable":true,"href":"https:\/\/tvbrazilusa.com\/pt\/wp-json\/wp\/v2\/comments?post=40532"}],"version-history":[{"count":1,"href":"https:\/\/tvbrazilusa.com\/pt\/wp-json\/wp\/v2\/posts\/40532\/revisions"}],"predecessor-version":[{"id":40534,"href":"https:\/\/tvbrazilusa.com\/pt\/wp-json\/wp\/v2\/posts\/40532\/revisions\/40534"}],"wp:featuredmedia":[{"embeddable":true,"href":"https:\/\/tvbrazilusa.com\/pt\/wp-json\/wp\/v2\/media\/40533"}],"wp:attachment":[{"href":"https:\/\/tvbrazilusa.com\/pt\/wp-json\/wp\/v2\/media?parent=40532"}],"wp:term":[{"taxonomy":"category","embeddable":true,"href":"https:\/\/tvbrazilusa.com\/pt\/wp-json\/wp\/v2\/categories?post=40532"},{"taxonomy":"post_tag","embeddable":true,"href":"https:\/\/tvbrazilusa.com\/pt\/wp-json\/wp\/v2\/tags?post=40532"}],"curies":[{"name":"wp","href":"https:\/\/api.w.org\/{rel}","templated":true}]}}