{"id":40541,"date":"2024-09-22T17:00:18","date_gmt":"2024-09-22T17:00:18","guid":{"rendered":"https:\/\/tvbrazilusa.com\/2024\/09\/22\/boulos-diz-ter-orgulho-de-liderar-grupo-invasor-de-propriedades-paulo-figueiredo\/"},"modified":"2024-09-22T19:42:50","modified_gmt":"2024-09-22T19:42:50","slug":"boulos-diz-ter-orgulho-de-liderar-grupo-invasor-de-propriedades-paulo-figueiredo","status":"publish","type":"post","link":"https:\/\/tvbrazilusa.com\/pt\/2024\/09\/22\/boulos-diz-ter-orgulho-de-liderar-grupo-invasor-de-propriedades-paulo-figueiredo\/","title":{"rendered":"Boulos diz ter \u2018orgulho\u2019 de liderar grupo invasor de propriedades &#8211; Paulo Figueiredo"},"content":{"rendered":"<p> <script async src=\"https:\/\/pagead2.googlesyndication.com\/pagead\/js\/adsbygoogle.js?client=ca-pub-8864793242727901\"\r\n     crossorigin=\"anonymous\"><\/script><br \/>\n<\/p>\n<div id=\"wtr-content\" data-bg=\"#FFFFFF\" data-fg=\"#006d91\" data-width=\"25\" data-mute=\"1\" data-fgopacity=\"1.00\" data-mutedopacity=\"0.5\" data-placement=\"bottom\" data-placement-offset=\"0\" data-content-offset=\"262\" data-placement-touch=\"bottom\" data-placement-offset-touch=\"0\" data-transparent=\"\" data-shadow=\"0\" data-touch=\"1\" data-non-touch=\"1\" data-comments=\"0\" data-commentsbg=\"transparent\" data-location=\"page\" data-mutedfg=\"#006d91\" data-endfg=\"#006d91\" data-rtl=\"\">\n<h3 class=\"wp-block-heading\">O candidato do Psol \u00e0 Prefeitura de S\u00e3o Paulo foi coordenador do Movimento dos Trabalhadores Sem-Teto<\/h3>\n<p>O deputado federal e candidato do Psol \u00e0\u00a0<strong>Prefeitura de S\u00e3o Paulo<\/strong>, Guilherme Boulos, se viu obrigado a falar sobre a sua rela\u00e7\u00e3o com o autodenominado Movimento dos Trabalhadores Sem-Teto (MTST). Ele abordou o tema ao participar do debate promovido pelo Sistema Brasileiro de Televis\u00e3o (SBT) nesta sexta-feira, 20.<\/p>\n<p>O psolista foi lembrado de sua participa\u00e7\u00e3o com o MST pela jornalista Simone Queiroz, rep\u00f3rter do SBT.<\/p>\n<p>\u201cTenho muito orgulho da minha hist\u00f3ria\u201d, disse Boulos. Ele, no entanto, n\u00e3o mencionou que o movimento que liderou por anos responde a den\u00fancias por promover invas\u00f5es de propriedades urbanas, inclusive na cidade de S\u00e3o Paulo, onde almeja ser prefeito.<\/p>\n<p>O integrante do Psol tamb\u00e9m n\u00e3o destacou o fato de ter sido figura central do MTST no\u00a0<strong>Brasil<\/strong>. Antigo empregador do hoje candidato \u00e0 Prefeitura de S\u00e3o Paulo, o jornal\u00a0<em>Folha de S.Paulo<\/em>\u00a0apresentava Boulos como\u00a0<strong>coordenador nacional do movimento invasor<\/strong>.<\/p>\n<h3 class=\"wp-block-heading\">Boulos fala de seguran\u00e7a<\/h3>\n<p>Apesar da rela\u00e7\u00e3o com o MTST, Boulos afirmou que, se eleito prefeito, vai manter rela\u00e7\u00e3o \u201crespeitosa\u201d com a Guarda Civil Metropolitana da capital paulista.<\/p>\n<p><strong><a href=\"https:\/\/revistaoeste.com\/politica\/boulos-diz-ter-orgulho-de-liderar-grupo-invasor-de-propriedades\/?utm_campaign&#038;utm_term\">Source link<\/a><\/strong><\/p>\n<\/div>\n<p><br \/>\n<br \/><a href=\"https:\/\/paulofigueiredoshow.com\/boulos-diz-ter-orgulho-de-liderar-grupo-invasor-de-propriedades\/\">Source link <\/a><\/p>","protected":false},"excerpt":{"rendered":"<p>O candidato do Psol \u00e0 Prefeitura de S\u00e3o Paulo foi coordenador do Movimento dos Trabalhadores Sem-Teto O deputado federal e candidato do Psol \u00e0\u00a0Prefeitura de S\u00e3o Paulo, Guilherme Boulos, se&hellip;<\/p>","protected":false},"author":1,"featured_media":34397,"comment_status":"closed","ping_status":"open","sticky":false,"template":"","format":"standard","meta":{"content-type":"","footnotes":""},"categories":[16],"tags":[341,3581,21764],"class_list":["post-40541","post","type-post","status-publish","format-standard","has-post-thumbnail","hentry","category-noticias","tag-boulos","tag-candidato","tag-invasores"],"_links":{"self":[{"href":"https:\/\/tvbrazilusa.com\/pt\/wp-json\/wp\/v2\/posts\/40541","targetHints":{"allow":["GET"]}}],"collection":[{"href":"https:\/\/tvbrazilusa.com\/pt\/wp-json\/wp\/v2\/posts"}],"about":[{"href":"https:\/\/tvbrazilusa.com\/pt\/wp-json\/wp\/v2\/types\/post"}],"author":[{"embeddable":true,"href":"https:\/\/tvbrazilusa.com\/pt\/wp-json\/wp\/v2\/users\/1"}],"replies":[{"embeddable":true,"href":"https:\/\/tvbrazilusa.com\/pt\/wp-json\/wp\/v2\/comments?post=40541"}],"version-history":[{"count":1,"href":"https:\/\/tvbrazilusa.com\/pt\/wp-json\/wp\/v2\/posts\/40541\/revisions"}],"predecessor-version":[{"id":40542,"href":"https:\/\/tvbrazilusa.com\/pt\/wp-json\/wp\/v2\/posts\/40541\/revisions\/40542"}],"wp:featuredmedia":[{"embeddable":true,"href":"https:\/\/tvbrazilusa.com\/pt\/wp-json\/wp\/v2\/media\/34397"}],"wp:attachment":[{"href":"https:\/\/tvbrazilusa.com\/pt\/wp-json\/wp\/v2\/media?parent=40541"}],"wp:term":[{"taxonomy":"category","embeddable":true,"href":"https:\/\/tvbrazilusa.com\/pt\/wp-json\/wp\/v2\/categories?post=40541"},{"taxonomy":"post_tag","embeddable":true,"href":"https:\/\/tvbrazilusa.com\/pt\/wp-json\/wp\/v2\/tags?post=40541"}],"curies":[{"name":"wp","href":"https:\/\/api.w.org\/{rel}","templated":true}]}}